{"id":4554,"date":"2019-07-01T11:06:32","date_gmt":"2019-07-01T14:06:32","guid":{"rendered":"https:\/\/temucotelevision.cl\/web\/?p=4554"},"modified":"2019-07-01T11:06:32","modified_gmt":"2019-07-01T14:06:32","slug":"pdi-recupero-en-padre-las-casas-vehiculos-sustraidos-en-valdivia-y-temuco","status":"publish","type":"post","link":"https:\/\/temucotelevision.cl\/web\/2019\/07\/01\/pdi-recupero-en-padre-las-casas-vehiculos-sustraidos-en-valdivia-y-temuco\/","title":{"rendered":"PDI recuper\u00f3 en Padre Las Casas veh\u00edculos sustra\u00eddos en Valdivia y Temuco"},"content":{"rendered":"<div class=\"pvc_clear\"><\/div>\n<p id=\"pvc_stats_4554\" class=\"pvc_stats total_only  \" data-element-id=\"4554\" style=\"\"><i class=\"pvc-stats-icon large\" aria-hidden=\"true\"><svg aria-hidden=\"true\" focusable=\"false\" data-prefix=\"far\" data-icon=\"chart-bar\" role=\"img\" xmlns=\"http:\/\/www.w3.org\/2000\/svg\" viewBox=\"0 0 512 512\" class=\"svg-inline--fa fa-chart-bar fa-w-16 fa-2x\"><path fill=\"currentColor\" d=\"M396.8 352h22.4c6.4 0 12.8-6.4 12.8-12.8V108.8c0-6.4-6.4-12.8-12.8-12.8h-22.4c-6.4 0-12.8 6.4-12.8 12.8v230.4c0 6.4 6.4 12.8 12.8 12.8zm-192 0h22.4c6.4 0 12.8-6.4 12.8-12.8V140.8c0-6.4-6.4-12.8-12.8-12.8h-22.4c-6.4 0-12.8 6.4-12.8 12.8v198.4c0 6.4 6.4 12.8 12.8 12.8zm96 0h22.4c6.4 0 12.8-6.4 12.8-12.8V204.8c0-6.4-6.4-12.8-12.8-12.8h-22.4c-6.4 0-12.8 6.4-12.8 12.8v134.4c0 6.4 6.4 12.8 12.8 12.8zM496 400H48V80c0-8.84-7.16-16-16-16H16C7.16 64 0 71.16 0 80v336c0 17.67 14.33 32 32 32h464c8.84 0 16-7.16 16-16v-16c0-8.84-7.16-16-16-16zm-387.2-48h22.4c6.4 0 12.8-6.4 12.8-12.8v-70.4c0-6.4-6.4-12.8-12.8-12.8h-22.4c-6.4 0-12.8 6.4-12.8 12.8v70.4c0 6.4 6.4 12.8 12.8 12.8z\" class=\"\"><\/path><\/svg><\/i> <img loading=\"lazy\" decoding=\"async\" width=\"16\" height=\"16\" alt=\"Loading\" src=\"https:\/\/temucotelevision.cl\/web\/wp-content\/plugins\/page-views-count\/ajax-loader-2x.gif\" border=0 \/><\/p>\n<div class=\"pvc_clear\"><\/div>\n<p style=\"text-align: justify;\">Detectives de la Brigada Investigadora de Robos (BIRO) Temuco, lograron la ubicaci\u00f3n y recuperaci\u00f3n de dos veh\u00edculos que hab\u00edan sido sustra\u00eddos en Valdivia y Temuco, asimismo lograron la detenci\u00f3n de un hombre de 44 a\u00f1os, por los delitos de robo de veh\u00edculo motorizado, receptaci\u00f3n y porte de elementos conocidamente destinados para cometer delitos.<\/p>\n<p style=\"text-align: justify;\">Los veh\u00edculos recuperados son un Toyota modelo RAV4, avaluado en $8 millones de pesos, y que hab\u00eda sido sustra\u00eddo el pasado 4 de junio en la ciudad de Valdivia; el segundo autom\u00f3vil recobrado es un Hyundai modelo Santa Fe, tambi\u00e9n avaluado en $8 millones, y que hab\u00eda sido robado durante la madrugada del 13 de junio en Temuco.<\/p>\n<p style=\"text-align: justify;\">El comisario Pablo Maechel, jefe de la BIRO Temuco explic\u00f3 que en conocimiento de la gran cantidad de veh\u00edculos sustra\u00eddos en la regi\u00f3n en las \u00faltimas semanas, y a la amplia difusi\u00f3n que se ha dado de estos delitos en redes sociales, los detectives de esa brigada especializada realizaron un an\u00e1lisis de informaci\u00f3n recopilada, logrando georeferenciar puntos de inter\u00e9s dentro de la regi\u00f3n, \u201cas\u00ed se logr\u00f3 determinar que en un domicilio en un sector rural de la comuna de Padre Las Casas, kil\u00f3metro 11 camino a Maquehue, se encontraban dos veh\u00edculos motorizados, y uno de ellos presentaba un vidrio fracturado\u201d.<\/p>\n<p style=\"text-align: justify;\">Los detectives hicieron vigilancia discreta a ese domicilio logrando acercarse a los m\u00f3viles, los cuales ten\u00edan sus placas patentes, las que al ser consultadas arrojaron que ambos autom\u00f3viles ten\u00edan encargo por robo. Con los antecedentes se di\u00f3 cuenta al fiscal de turno, quien gestion\u00f3 ante el Juzgado de Garant\u00eda una orden de entrada y registro, la cual se hizo efectiva este jueves -27 de junio-, donde se logr\u00f3 incautar los veh\u00edculos y detener a la persona que estaba a cargo de la custodia de dichos m\u00f3viles.<\/p>\n<p style=\"text-align: justify;\">El jefe de la Biro, agreg\u00f3 que \u201cal proceder a inspeccionar estos veh\u00edculos se logra encontrar siete baldes pl\u00e1sticos con m\u00e1s de mil abrojos met\u00e1licos, m\u00e1s conocidos como \u2018Miguelitos\u2019, los cuales estaban siendo almacenados ah\u00ed a objeto de cometer alg\u00fan delito, ya que adem\u00e1s se encontraron cables acerados y ganchos met\u00e1licos, los que son com\u00fanmente utilizados para el robo de cajeros autom\u00e1ticos\u201d.<\/p>\n<p style=\"text-align: justify;\">Por instrucci\u00f3n del fiscal de turno, ambos autom\u00f3viles, fueron periciados por el Laboratorio de Criminal\u00edstica de la PDI, para posteriormente, previa acreditaci\u00f3n de dominio con las respectivas v\u00edctimas, ser devueltos a sus due\u00f1os. El imputado fue puesto a disposici\u00f3n del Juzgado de Garant\u00eda de Temuco para el correspondiente control de detenci\u00f3n.<\/p>\n","protected":false},"excerpt":{"rendered":"<div class=\"pvc_clear\"><\/div>\n<p id=\"pvc_stats_4554\" class=\"pvc_stats total_only  \" data-element-id=\"4554\" style=\"\"><i class=\"pvc-stats-icon large\" aria-hidden=\"true\"><svg aria-hidden=\"true\" focusable=\"false\" data-prefix=\"far\" data-icon=\"chart-bar\" role=\"img\" xmlns=\"http:\/\/www.w3.org\/2000\/svg\" viewBox=\"0 0 512 512\" class=\"svg-inline--fa fa-chart-bar fa-w-16 fa-2x\"><path fill=\"currentColor\" d=\"M396.8 352h22.4c6.4 0 12.8-6.4 12.8-12.8V108.8c0-6.4-6.4-12.8-12.8-12.8h-22.4c-6.4 0-12.8 6.4-12.8 12.8v230.4c0 6.4 6.4 12.8 12.8 12.8zm-192 0h22.4c6.4 0 12.8-6.4 12.8-12.8V140.8c0-6.4-6.4-12.8-12.8-12.8h-22.4c-6.4 0-12.8 6.4-12.8 12.8v198.4c0 6.4 6.4 12.8 12.8 12.8zm96 0h22.4c6.4 0 12.8-6.4 12.8-12.8V204.8c0-6.4-6.4-12.8-12.8-12.8h-22.4c-6.4 0-12.8 6.4-12.8 12.8v134.4c0 6.4 6.4 12.8 12.8 12.8zM496 400H48V80c0-8.84-7.16-16-16-16H16C7.16 64 0 71.16 0 80v336c0 17.67 14.33 32 32 32h464c8.84 0 16-7.16 16-16v-16c0-8.84-7.16-16-16-16zm-387.2-48h22.4c6.4 0 12.8-6.4 12.8-12.8v-70.4c0-6.4-6.4-12.8-12.8-12.8h-22.4c-6.4 0-12.8 6.4-12.8 12.8v70.4c0 6.4 6.4 12.8 12.8 12.8z\" class=\"\"><\/path><\/svg><\/i> <img loading=\"lazy\" decoding=\"async\" width=\"16\" height=\"16\" alt=\"Loading\" src=\"https:\/\/temucotelevision.cl\/web\/wp-content\/plugins\/page-views-count\/ajax-loader-2x.gif\" border=0 \/><\/p>\n<div class=\"pvc_clear\"><\/div>\n<p>Detectives de la Brigada Investigadora de Robos (BIRO) Temuco, lograron la ubicaci\u00f3n y recuperaci\u00f3n de dos veh\u00edculos que hab\u00edan sido<\/p>\n","protected":false},"author":1,"featured_media":4556,"comment_status":"open","ping_status":"open","sticky":false,"template":"","format":"standard","meta":{"colormag_page_container_layout":"default_layout","colormag_page_sidebar_layout":"default_layout","footnotes":""},"categories":[16],"tags":[772,328,76,307],"class_list":["post-4554","post","type-post","status-publish","format-standard","has-post-thumbnail","hentry","category-policial","tag-delitos","tag-detenidos","tag-pdi","tag-vehiculos"],"a3_pvc":{"activated":true,"total_views":37,"today_views":0},"_links":{"self":[{"href":"https:\/\/temucotelevision.cl\/web\/wp-json\/wp\/v2\/posts\/4554","targetHints":{"allow":["GET"]}}],"collection":[{"href":"https:\/\/temucotelevision.cl\/web\/wp-json\/wp\/v2\/posts"}],"about":[{"href":"https:\/\/temucotelevision.cl\/web\/wp-json\/wp\/v2\/types\/post"}],"author":[{"embeddable":true,"href":"https:\/\/temucotelevision.cl\/web\/wp-json\/wp\/v2\/users\/1"}],"replies":[{"embeddable":true,"href":"https:\/\/temucotelevision.cl\/web\/wp-json\/wp\/v2\/comments?post=4554"}],"version-history":[{"count":1,"href":"https:\/\/temucotelevision.cl\/web\/wp-json\/wp\/v2\/posts\/4554\/revisions"}],"predecessor-version":[{"id":4557,"href":"https:\/\/temucotelevision.cl\/web\/wp-json\/wp\/v2\/posts\/4554\/revisions\/4557"}],"wp:featuredmedia":[{"embeddable":true,"href":"https:\/\/temucotelevision.cl\/web\/wp-json\/wp\/v2\/media\/4556"}],"wp:attachment":[{"href":"https:\/\/temucotelevision.cl\/web\/wp-json\/wp\/v2\/media?parent=4554"}],"wp:term":[{"taxonomy":"category","embeddable":true,"href":"https:\/\/temucotelevision.cl\/web\/wp-json\/wp\/v2\/categories?post=4554"},{"taxonomy":"post_tag","embeddable":true,"href":"https:\/\/temucotelevision.cl\/web\/wp-json\/wp\/v2\/tags?post=4554"}],"curies":[{"name":"wp","href":"https:\/\/api.w.org\/{rel}","templated":true}]}}