{"id":4551,"date":"2019-07-01T10:51:24","date_gmt":"2019-07-01T13:51:24","guid":{"rendered":"https:\/\/temucotelevision.cl\/web\/?p=4551"},"modified":"2019-07-01T10:51:24","modified_gmt":"2019-07-01T13:51:24","slug":"modernizacion-de-la-reforma-tributaria-su-impacto-en-la-araucania","status":"publish","type":"post","link":"https:\/\/temucotelevision.cl\/web\/2019\/07\/01\/modernizacion-de-la-reforma-tributaria-su-impacto-en-la-araucania\/","title":{"rendered":"Modernizaci\u00f3n de la Reforma Tributaria: Su impacto en La Araucan\u00eda"},"content":{"rendered":"<div class=\"pvc_clear\"><\/div>\n<p id=\"pvc_stats_4551\" class=\"pvc_stats total_only  \" data-element-id=\"4551\" style=\"\"><i class=\"pvc-stats-icon large\" aria-hidden=\"true\"><svg aria-hidden=\"true\" focusable=\"false\" data-prefix=\"far\" data-icon=\"chart-bar\" role=\"img\" xmlns=\"http:\/\/www.w3.org\/2000\/svg\" viewBox=\"0 0 512 512\" class=\"svg-inline--fa fa-chart-bar fa-w-16 fa-2x\"><path fill=\"currentColor\" d=\"M396.8 352h22.4c6.4 0 12.8-6.4 12.8-12.8V108.8c0-6.4-6.4-12.8-12.8-12.8h-22.4c-6.4 0-12.8 6.4-12.8 12.8v230.4c0 6.4 6.4 12.8 12.8 12.8zm-192 0h22.4c6.4 0 12.8-6.4 12.8-12.8V140.8c0-6.4-6.4-12.8-12.8-12.8h-22.4c-6.4 0-12.8 6.4-12.8 12.8v198.4c0 6.4 6.4 12.8 12.8 12.8zm96 0h22.4c6.4 0 12.8-6.4 12.8-12.8V204.8c0-6.4-6.4-12.8-12.8-12.8h-22.4c-6.4 0-12.8 6.4-12.8 12.8v134.4c0 6.4 6.4 12.8 12.8 12.8zM496 400H48V80c0-8.84-7.16-16-16-16H16C7.16 64 0 71.16 0 80v336c0 17.67 14.33 32 32 32h464c8.84 0 16-7.16 16-16v-16c0-8.84-7.16-16-16-16zm-387.2-48h22.4c6.4 0 12.8-6.4 12.8-12.8v-70.4c0-6.4-6.4-12.8-12.8-12.8h-22.4c-6.4 0-12.8 6.4-12.8 12.8v70.4c0 6.4 6.4 12.8 12.8 12.8z\" class=\"\"><\/path><\/svg><\/i> <img loading=\"lazy\" decoding=\"async\" width=\"16\" height=\"16\" alt=\"Loading\" src=\"https:\/\/temucotelevision.cl\/web\/wp-content\/plugins\/page-views-count\/ajax-loader-2x.gif\" border=0 \/><\/p>\n<div class=\"pvc_clear\"><\/div>\n<p style=\"text-align: justify;\">En el marco de las celebraciones de los 50 a\u00f1os de la Carrera de Contador P\u00fablico y Auditor de la Universidad de La Frontera, se llev\u00f3 a cabo el Seminario \u201cReforma Tributaria. \u00bfQu\u00e9 espera La Araucan\u00eda?\u201d. El encuentro cont\u00f3 con destacados exponentes de la tributaci\u00f3n y econom\u00eda nacional: Hern\u00e1n Frigolett, ex Tesorero General de la Rep\u00fablica, Gonzalo Polanco, Director del Centro de Estudios Tributarios, Facultad de Econom\u00eda y Negocios, Universidad de Chile y Eduardo \u00c1lamos, abogado tributarista asesor del Colegio de Contadores de Chile A.G.<\/p>\n<p style=\"text-align: justify;\">Los especialistas revisaron el escenario regional y nacional del proyecto de modernizaci\u00f3n tributaria despachado por el ejecutivo, y que establece entre sus puntos un sistema \u00fanico y plenamente integrado para todas las empresas, como tambi\u00e9n la depreciaci\u00f3n acelerada para todos los contribuyentes, beneficio que tendr\u00eda una duraci\u00f3n de dos a\u00f1os. En el caso de la Regi\u00f3n de la Araucan\u00eda, la depreciaci\u00f3n ser\u00e1 100% instant\u00e1nea tambi\u00e9n por dos a\u00f1os.<\/p>\n<p style=\"text-align: justify;\">El Director de la carrera de Contador P\u00fablico y Auditor, Mg. Marco Antonio V\u00e1squez U. destac\u00f3 el Seminario y se\u00f1al\u00f3: \u201cEsta actividad permiti\u00f3 generar una interpretaci\u00f3n t\u00e9cnica del impacto de la Moderaci\u00f3n Tributaria en la econom\u00eda de La Araucan\u00eda, generando los cimientos de una discusi\u00f3n futura que nos permita como regi\u00f3n levantar una propuesta en materia de tributaci\u00f3n en conjunto con los gremios empresariales, Colegio de Contadores A.G. y la Academia\u201d.<\/p>\n<p style=\"text-align: justify;\">Expositores y su visi\u00f3n sobre la Reforma Tributaria<\/p>\n<p style=\"text-align: justify;\">El ex Tesorero General de la Rep\u00fablica, Hern\u00e1n Frigolett, se\u00f1al\u00f3 que desde el punto de vista de modernizaci\u00f3n se est\u00e1 avanzando hacia un proceso m\u00e1s digitalizado, lo que permitir\u00e1 que se puedan aplicar mejores herramientas de procesamiento de la informaci\u00f3n mejores para la claridad tanto de los contribuyentes como para los fiscalizadores y por otra parte se est\u00e1n actualizando aspectos del c\u00f3digo tributario: \u201cEn ese sentido creo que tambi\u00e9n hay una base que est\u00e1 aportando a hacer m\u00e1s eficiente los tiempos de fiscalizaci\u00f3n y que los costos econ\u00f3micos de cumplir tributariamente tambi\u00e9n se reduzcan notablemente\u201d.<\/p>\n<p style=\"text-align: justify;\">Gonzalo Polanco, Director del Centro de Estudios Tributarios, Facultad de Econom\u00eda y Negocios, Universidad de Chile enfatiz\u00f3 en el proyecto y en la Defensor\u00eda al Contribuyente, la cual representar\u00eda un activo a los peque\u00f1os empresarios: \u201cEvidentemente hay ciertos detalles que se pueden cuestionar en torno a la Reforma, porque por ejemplo no hay facultades de representaci\u00f3n, se podr\u00eda pensar en clocar aquello. Para la regi\u00f3n de La Araucan\u00eda hay un proyecto para las pymes, y se est\u00e1 trabajando en eso, y esperamos que ellos tengan un tratamiento tributario que sea mucho m\u00e1s beneficioso, con una contabilidad m\u00e1s simplificada, con la posibilidad de tener ciertos beneficios, que en definitiva puedan apoyar a los peque\u00f1os contribuyentes\u201d.<\/p>\n<p style=\"text-align: justify;\">Cerca del 98% de la recaudaci\u00f3n de Chile es voluntaria, el abogado tributarista asesor del Colegio de Contadores de Chile A.G., Eduardo \u00c1lamos, indic\u00f3 que el proyecto de modernizaci\u00f3n busca apoyar el emprendimiento: \u201cHabr\u00eda que buscar una propuesta mucho m\u00e1s moderna, quiz\u00e1s que las peque\u00f1as empresas dejen de pagar impuestos por varios a\u00f1os, que se capitalicen y consoliden, pero no hacerles la carga tributaria inmediatamente\u201d.<\/p>\n","protected":false},"excerpt":{"rendered":"<div class=\"pvc_clear\"><\/div>\n<p id=\"pvc_stats_4551\" class=\"pvc_stats total_only  \" data-element-id=\"4551\" style=\"\"><i class=\"pvc-stats-icon large\" aria-hidden=\"true\"><svg aria-hidden=\"true\" focusable=\"false\" data-prefix=\"far\" data-icon=\"chart-bar\" role=\"img\" xmlns=\"http:\/\/www.w3.org\/2000\/svg\" viewBox=\"0 0 512 512\" class=\"svg-inline--fa fa-chart-bar fa-w-16 fa-2x\"><path fill=\"currentColor\" d=\"M396.8 352h22.4c6.4 0 12.8-6.4 12.8-12.8V108.8c0-6.4-6.4-12.8-12.8-12.8h-22.4c-6.4 0-12.8 6.4-12.8 12.8v230.4c0 6.4 6.4 12.8 12.8 12.8zm-192 0h22.4c6.4 0 12.8-6.4 12.8-12.8V140.8c0-6.4-6.4-12.8-12.8-12.8h-22.4c-6.4 0-12.8 6.4-12.8 12.8v198.4c0 6.4 6.4 12.8 12.8 12.8zm96 0h22.4c6.4 0 12.8-6.4 12.8-12.8V204.8c0-6.4-6.4-12.8-12.8-12.8h-22.4c-6.4 0-12.8 6.4-12.8 12.8v134.4c0 6.4 6.4 12.8 12.8 12.8zM496 400H48V80c0-8.84-7.16-16-16-16H16C7.16 64 0 71.16 0 80v336c0 17.67 14.33 32 32 32h464c8.84 0 16-7.16 16-16v-16c0-8.84-7.16-16-16-16zm-387.2-48h22.4c6.4 0 12.8-6.4 12.8-12.8v-70.4c0-6.4-6.4-12.8-12.8-12.8h-22.4c-6.4 0-12.8 6.4-12.8 12.8v70.4c0 6.4 6.4 12.8 12.8 12.8z\" class=\"\"><\/path><\/svg><\/i> <img loading=\"lazy\" decoding=\"async\" width=\"16\" height=\"16\" alt=\"Loading\" src=\"https:\/\/temucotelevision.cl\/web\/wp-content\/plugins\/page-views-count\/ajax-loader-2x.gif\" border=0 \/><\/p>\n<div class=\"pvc_clear\"><\/div>\n<p>En el marco de las celebraciones de los 50 a\u00f1os de la Carrera de Contador P\u00fablico y Auditor de la<\/p>\n","protected":false},"author":1,"featured_media":4552,"comment_status":"open","ping_status":"open","sticky":false,"template":"","format":"standard","meta":{"colormag_page_container_layout":"default_layout","colormag_page_sidebar_layout":"default_layout","footnotes":""},"categories":[14],"tags":[1042,112,170,1101],"class_list":["post-4551","post","type-post","status-publish","format-standard","has-post-thumbnail","hentry","category-temuco","tag-empresas","tag-reforma","tag-region","tag-sii"],"a3_pvc":{"activated":true,"total_views":26,"today_views":0},"_links":{"self":[{"href":"https:\/\/temucotelevision.cl\/web\/wp-json\/wp\/v2\/posts\/4551","targetHints":{"allow":["GET"]}}],"collection":[{"href":"https:\/\/temucotelevision.cl\/web\/wp-json\/wp\/v2\/posts"}],"about":[{"href":"https:\/\/temucotelevision.cl\/web\/wp-json\/wp\/v2\/types\/post"}],"author":[{"embeddable":true,"href":"https:\/\/temucotelevision.cl\/web\/wp-json\/wp\/v2\/users\/1"}],"replies":[{"embeddable":true,"href":"https:\/\/temucotelevision.cl\/web\/wp-json\/wp\/v2\/comments?post=4551"}],"version-history":[{"count":1,"href":"https:\/\/temucotelevision.cl\/web\/wp-json\/wp\/v2\/posts\/4551\/revisions"}],"predecessor-version":[{"id":4553,"href":"https:\/\/temucotelevision.cl\/web\/wp-json\/wp\/v2\/posts\/4551\/revisions\/4553"}],"wp:featuredmedia":[{"embeddable":true,"href":"https:\/\/temucotelevision.cl\/web\/wp-json\/wp\/v2\/media\/4552"}],"wp:attachment":[{"href":"https:\/\/temucotelevision.cl\/web\/wp-json\/wp\/v2\/media?parent=4551"}],"wp:term":[{"taxonomy":"category","embeddable":true,"href":"https:\/\/temucotelevision.cl\/web\/wp-json\/wp\/v2\/categories?post=4551"},{"taxonomy":"post_tag","embeddable":true,"href":"https:\/\/temucotelevision.cl\/web\/wp-json\/wp\/v2\/tags?post=4551"}],"curies":[{"name":"wp","href":"https:\/\/api.w.org\/{rel}","templated":true}]}}