{"id":4542,"date":"2019-07-01T09:52:33","date_gmt":"2019-07-01T12:52:33","guid":{"rendered":"https:\/\/temucotelevision.cl\/web\/?p=4542"},"modified":"2019-07-01T18:49:54","modified_gmt":"2019-07-01T21:49:54","slug":"estudiantes-de-arqueologia-trabajan-en-la-difusion-y-puesta-en-valor-del-patrimonio-de-plc","status":"publish","type":"post","link":"https:\/\/temucotelevision.cl\/web\/2019\/07\/01\/estudiantes-de-arqueologia-trabajan-en-la-difusion-y-puesta-en-valor-del-patrimonio-de-plc\/","title":{"rendered":"Estudiantes de Arqueolog\u00eda trabajan en la difusi\u00f3n y puesta en valor del Patrimonio de PLC"},"content":{"rendered":"<div class=\"pvc_clear\"><\/div>\n<p id=\"pvc_stats_4542\" class=\"pvc_stats total_only  \" data-element-id=\"4542\" style=\"\"><i class=\"pvc-stats-icon large\" aria-hidden=\"true\"><svg aria-hidden=\"true\" focusable=\"false\" data-prefix=\"far\" data-icon=\"chart-bar\" role=\"img\" xmlns=\"http:\/\/www.w3.org\/2000\/svg\" viewBox=\"0 0 512 512\" class=\"svg-inline--fa fa-chart-bar fa-w-16 fa-2x\"><path fill=\"currentColor\" d=\"M396.8 352h22.4c6.4 0 12.8-6.4 12.8-12.8V108.8c0-6.4-6.4-12.8-12.8-12.8h-22.4c-6.4 0-12.8 6.4-12.8 12.8v230.4c0 6.4 6.4 12.8 12.8 12.8zm-192 0h22.4c6.4 0 12.8-6.4 12.8-12.8V140.8c0-6.4-6.4-12.8-12.8-12.8h-22.4c-6.4 0-12.8 6.4-12.8 12.8v198.4c0 6.4 6.4 12.8 12.8 12.8zm96 0h22.4c6.4 0 12.8-6.4 12.8-12.8V204.8c0-6.4-6.4-12.8-12.8-12.8h-22.4c-6.4 0-12.8 6.4-12.8 12.8v134.4c0 6.4 6.4 12.8 12.8 12.8zM496 400H48V80c0-8.84-7.16-16-16-16H16C7.16 64 0 71.16 0 80v336c0 17.67 14.33 32 32 32h464c8.84 0 16-7.16 16-16v-16c0-8.84-7.16-16-16-16zm-387.2-48h22.4c6.4 0 12.8-6.4 12.8-12.8v-70.4c0-6.4-6.4-12.8-12.8-12.8h-22.4c-6.4 0-12.8 6.4-12.8 12.8v70.4c0 6.4 6.4 12.8 12.8 12.8z\" class=\"\"><\/path><\/svg><\/i> <img loading=\"lazy\" decoding=\"async\" width=\"16\" height=\"16\" alt=\"Loading\" src=\"https:\/\/temucotelevision.cl\/web\/wp-content\/plugins\/page-views-count\/ajax-loader-2x.gif\" border=0 \/><\/p>\n<div class=\"pvc_clear\"><\/div>\n<p style=\"text-align: justify;\">Las estudiantes llevar\u00e1n a cabo un conversatorio gratuito el d\u00eda 04 de julio a las 19 horas en el Centro Cultural de Padre Las Casas.<\/p>\n<p style=\"text-align: justify;\">Dar a conocer y poner en valor el patrimonio cultural de Padre Las Casas, a trav\u00e9s de un trabajo de actualizaci\u00f3n de la informaci\u00f3n arqueol\u00f3gica de la comuna. Ese es el desaf\u00edo en el que han estado trabajando Laura Guti\u00e9rrez Pe\u00f1a y Yarlin Norambuena Ram\u00edrez, estudiantes de Arqueolog\u00eda de la Universidad Cat\u00f3lica de Temuco, y quienes actualmente se encuentran desarrollando su pr\u00e1ctica profesional en el Centro Cultural de Padre Las Casas.<\/p>\n<p style=\"text-align: justify;\">Al finalizar este periodo de aprendizaje fuera de aula, las estudiantes en conjunto con la Corporaci\u00f3n Cultural Municipal de la comuna, llevar\u00e1n a cabo diversas actividades para la difusi\u00f3n de los resultados investigados y actualizados. El primer espacio informativo, abierto a la comunidad, ser\u00e1 el conversatorio \u201cPadre Las Casas Prehisp\u00e1nico: M\u00e1s de mil a\u00f1os de historia\u201d, a desarrollarse el d\u00eda jueves 04 de julio a las 19 horas en el mismo espacio art\u00edstico-cultural.<\/p>\n<p style=\"text-align: justify;\">Respecto a ello, Laura Guti\u00e9rrez comenta \u201cvamos a dar cuenta de la actualizaci\u00f3n arqueol\u00f3gica que hemos estado realizando en este periodo de pr\u00e1ctica y de trabajos previos. Este conversatorio busca que la comunidad conozca donde se encuentra habitando hoy en d\u00eda y que reconozca estos espacios que son familiares, cotidianos, en donde transitamos a diario\u201d. Mientras que, Yarlin Norambuena, comenta \u201cha sido una buena experiencia nuestra pr\u00e1ctica profesional. Como estudiantes y adem\u00e1s la primera generaci\u00f3n de futuras arque\u00f3logas de la UCT, creemos fundamental el realizar difusi\u00f3n del conocimiento arqueol\u00f3gico, debido a que generalmente este tipo de informaci\u00f3n no llega a la comunidad y por tanto se desconoce mucho sobre nuestro pasado y la ocupaci\u00f3n milenaria del territorio que hoy en d\u00eda habitamos\u201d.<\/p>\n<p style=\"text-align: justify;\">Para el d\u00eda 10 de julio a las 10 horas, las estudiantes impartir\u00e1n un taller de simulaci\u00f3n de excavaci\u00f3n \u00fanico para estudiantes. Ante ello, Laura indica \u201cel taller que vamos a desarrollar ayuda a acercar a los escolares al trabajo arqueol\u00f3gico de manera experiencial. Por su parte, Yarlin detalla que \u201cuno de nuestros objetivos es la difusi\u00f3n y la educaci\u00f3n de la comunidad y en este caso, de la comunidad escolar, porque esta informaci\u00f3n no suele llegar a la educaci\u00f3n formal\u201d, sentencia.<\/p>\n<p style=\"text-align: justify;\">Posteriormente a estos eventos, se contar\u00e1 con un mapa ilustrativo el cual plasmar\u00e1 la gran cantidad de sitios arqueol\u00f3gicos con que cuenta la comuna e incluir\u00e1 pasos a seguir en caso de encontrar un hallazgo arqueol\u00f3gico. Tal ilustraci\u00f3n estar\u00e1 disponible en los accesos a la plaza cultural ubicada en Maquehue 1441.<\/p>\n<p style=\"text-align: justify;\">Destacar que, las futuras arque\u00f3logas, son las primeras alumnas de una carrera profesional en integrarse al equipo de trabajo del centro cultural. Esta iniciativa, nace por parte del presidente de la Corporaci\u00f3n Cultural Municipal de Padre Las Casas, Juan Eduardo Delgado Castro, de un plan que pretende incorporar al quehacer de una organizaci\u00f3n sin fines de lucro, a j\u00f3venes talentos de la comuna y la regi\u00f3n. Es la autoridad quien agrega \u201cestamos muy felices por el gran trabajo que est\u00e1n realizando Yarlin y Laura, desde que iniciaron su pr\u00e1ctica confiamos en sus capacidades profesionales y destacamos su vocaci\u00f3n por el servicio en pos de la comunidad. Esperamos igualmente, que haya sido una agradable experiencia para ellas trabajar de la mano con el equipo que conforma la corporaci\u00f3n\u201d, puntualiz\u00f3.<\/p>\n","protected":false},"excerpt":{"rendered":"<div class=\"pvc_clear\"><\/div>\n<p id=\"pvc_stats_4542\" class=\"pvc_stats total_only  \" data-element-id=\"4542\" style=\"\"><i class=\"pvc-stats-icon large\" aria-hidden=\"true\"><svg aria-hidden=\"true\" focusable=\"false\" data-prefix=\"far\" data-icon=\"chart-bar\" role=\"img\" xmlns=\"http:\/\/www.w3.org\/2000\/svg\" viewBox=\"0 0 512 512\" class=\"svg-inline--fa fa-chart-bar fa-w-16 fa-2x\"><path fill=\"currentColor\" d=\"M396.8 352h22.4c6.4 0 12.8-6.4 12.8-12.8V108.8c0-6.4-6.4-12.8-12.8-12.8h-22.4c-6.4 0-12.8 6.4-12.8 12.8v230.4c0 6.4 6.4 12.8 12.8 12.8zm-192 0h22.4c6.4 0 12.8-6.4 12.8-12.8V140.8c0-6.4-6.4-12.8-12.8-12.8h-22.4c-6.4 0-12.8 6.4-12.8 12.8v198.4c0 6.4 6.4 12.8 12.8 12.8zm96 0h22.4c6.4 0 12.8-6.4 12.8-12.8V204.8c0-6.4-6.4-12.8-12.8-12.8h-22.4c-6.4 0-12.8 6.4-12.8 12.8v134.4c0 6.4 6.4 12.8 12.8 12.8zM496 400H48V80c0-8.84-7.16-16-16-16H16C7.16 64 0 71.16 0 80v336c0 17.67 14.33 32 32 32h464c8.84 0 16-7.16 16-16v-16c0-8.84-7.16-16-16-16zm-387.2-48h22.4c6.4 0 12.8-6.4 12.8-12.8v-70.4c0-6.4-6.4-12.8-12.8-12.8h-22.4c-6.4 0-12.8 6.4-12.8 12.8v70.4c0 6.4 6.4 12.8 12.8 12.8z\" class=\"\"><\/path><\/svg><\/i> <img loading=\"lazy\" decoding=\"async\" width=\"16\" height=\"16\" alt=\"Loading\" src=\"https:\/\/temucotelevision.cl\/web\/wp-content\/plugins\/page-views-count\/ajax-loader-2x.gif\" border=0 \/><\/p>\n<div class=\"pvc_clear\"><\/div>\n<p>Las estudiantes llevar\u00e1n a cabo un conversatorio gratuito el d\u00eda 04 de julio a las 19 horas en el Centro<\/p>\n","protected":false},"author":1,"featured_media":4576,"comment_status":"open","ping_status":"open","sticky":false,"template":"","format":"standard","meta":{"colormag_page_container_layout":"default_layout","colormag_page_sidebar_layout":"default_layout","footnotes":""},"categories":[101],"tags":[150,1445,999],"class_list":["post-4542","post","type-post","status-publish","format-standard","has-post-thumbnail","hentry","category-actualidad","tag-estudiantes","tag-patrimonio","tag-plc"],"a3_pvc":{"activated":true,"total_views":54,"today_views":0},"_links":{"self":[{"href":"https:\/\/temucotelevision.cl\/web\/wp-json\/wp\/v2\/posts\/4542","targetHints":{"allow":["GET"]}}],"collection":[{"href":"https:\/\/temucotelevision.cl\/web\/wp-json\/wp\/v2\/posts"}],"about":[{"href":"https:\/\/temucotelevision.cl\/web\/wp-json\/wp\/v2\/types\/post"}],"author":[{"embeddable":true,"href":"https:\/\/temucotelevision.cl\/web\/wp-json\/wp\/v2\/users\/1"}],"replies":[{"embeddable":true,"href":"https:\/\/temucotelevision.cl\/web\/wp-json\/wp\/v2\/comments?post=4542"}],"version-history":[{"count":1,"href":"https:\/\/temucotelevision.cl\/web\/wp-json\/wp\/v2\/posts\/4542\/revisions"}],"predecessor-version":[{"id":4543,"href":"https:\/\/temucotelevision.cl\/web\/wp-json\/wp\/v2\/posts\/4542\/revisions\/4543"}],"wp:featuredmedia":[{"embeddable":true,"href":"https:\/\/temucotelevision.cl\/web\/wp-json\/wp\/v2\/media\/4576"}],"wp:attachment":[{"href":"https:\/\/temucotelevision.cl\/web\/wp-json\/wp\/v2\/media?parent=4542"}],"wp:term":[{"taxonomy":"category","embeddable":true,"href":"https:\/\/temucotelevision.cl\/web\/wp-json\/wp\/v2\/categories?post=4542"},{"taxonomy":"post_tag","embeddable":true,"href":"https:\/\/temucotelevision.cl\/web\/wp-json\/wp\/v2\/tags?post=4542"}],"curies":[{"name":"wp","href":"https:\/\/api.w.org\/{rel}","templated":true}]}}