{"id":45417,"date":"2023-10-18T10:04:32","date_gmt":"2023-10-18T13:04:32","guid":{"rendered":"https:\/\/temucotelevision.cl\/web\/?p=45417"},"modified":"2023-10-18T10:04:33","modified_gmt":"2023-10-18T13:04:33","slug":"diputada-munoz-psc-emplaza-a-ministra-de-desarrollo-social-y-subsecretaria-de-la-ninez-por-sistema-de-intervencion-en-residencias-de-alta-especialidad","status":"publish","type":"post","link":"https:\/\/temucotelevision.cl\/web\/2023\/10\/18\/diputada-munoz-psc-emplaza-a-ministra-de-desarrollo-social-y-subsecretaria-de-la-ninez-por-sistema-de-intervencion-en-residencias-de-alta-especialidad\/","title":{"rendered":"Diputada Mu\u00f1oz (PSC) emplaza a ministra de Desarrollo Social y subsecretaria de la Ni\u00f1ez por sistema de intervenci\u00f3n en Residencias de Alta Especialidad"},"content":{"rendered":"<div class=\"pvc_clear\"><\/div><p id=\"pvc_stats_45417\" class=\"pvc_stats total_only  \" data-element-id=\"45417\" style=\"\"><i class=\"pvc-stats-icon large\" aria-hidden=\"true\"><svg aria-hidden=\"true\" focusable=\"false\" data-prefix=\"far\" data-icon=\"chart-bar\" role=\"img\" xmlns=\"http:\/\/www.w3.org\/2000\/svg\" viewBox=\"0 0 512 512\" class=\"svg-inline--fa fa-chart-bar fa-w-16 fa-2x\"><path fill=\"currentColor\" d=\"M396.8 352h22.4c6.4 0 12.8-6.4 12.8-12.8V108.8c0-6.4-6.4-12.8-12.8-12.8h-22.4c-6.4 0-12.8 6.4-12.8 12.8v230.4c0 6.4 6.4 12.8 12.8 12.8zm-192 0h22.4c6.4 0 12.8-6.4 12.8-12.8V140.8c0-6.4-6.4-12.8-12.8-12.8h-22.4c-6.4 0-12.8 6.4-12.8 12.8v198.4c0 6.4 6.4 12.8 12.8 12.8zm96 0h22.4c6.4 0 12.8-6.4 12.8-12.8V204.8c0-6.4-6.4-12.8-12.8-12.8h-22.4c-6.4 0-12.8 6.4-12.8 12.8v134.4c0 6.4 6.4 12.8 12.8 12.8zM496 400H48V80c0-8.84-7.16-16-16-16H16C7.16 64 0 71.16 0 80v336c0 17.67 14.33 32 32 32h464c8.84 0 16-7.16 16-16v-16c0-8.84-7.16-16-16-16zm-387.2-48h22.4c6.4 0 12.8-6.4 12.8-12.8v-70.4c0-6.4-6.4-12.8-12.8-12.8h-22.4c-6.4 0-12.8 6.4-12.8 12.8v70.4c0 6.4 6.4 12.8 12.8 12.8z\" class=\"\"><\/path><\/svg><\/i> <img loading=\"lazy\" decoding=\"async\" width=\"16\" height=\"16\" alt=\"Loading\" src=\"https:\/\/temucotelevision.cl\/web\/wp-content\/plugins\/page-views-count\/ajax-loader-2x.gif\" border=0 \/><\/p><div class=\"pvc_clear\"><\/div>\n<p><em>La parlamentaria pidi\u00f3 que entreguen informaci\u00f3n respecto dicho modelo, ya que actualmente no funcionar\u00eda como se esperaba.<\/em><\/p>\n\n\n\n<p>Desde el a\u00f1o 2019 existe en Chile un modelo de Intervenci\u00f3n en Residencias de Alta Especialidad (RAE), para contribuir a la mantenci\u00f3n de la estabilizaci\u00f3n psico emocional de los ni\u00f1os, ni\u00f1as y adolescentes que son egresados de una Unidad de Cuidados Intensivos Psiqui\u00e1tricos y que requieran de cuidados integrales de rehabilitaci\u00f3n durante m\u00e1ximo 6 meses.&nbsp;<\/p>\n\n\n\n<p>Al respecto la diputada de la Comisi\u00f3n de Familia, Francesca Mu\u00f1oz, se\u00f1al\u00f3 &#8220;uno de los objetivos principales de este modelo de intervenci\u00f3n RAE es asegurar un proceso continuo de acompa\u00f1amiento terap\u00e9utico para la reincorporaci\u00f3n del ni\u00f1o, ni\u00f1a o adolescente a su residencia de origen, de lo cual lamentablemente no se vislumbra un avance en su implementaci\u00f3n en varias comunas de nuestro pa\u00eds, por ello he solicitado a los poderes que corresponden que me entreguen informaci\u00f3n sobre su implementaci\u00f3n y avances&#8221;.&nbsp;<\/p>\n\n\n\n<p>&#8220;En espec\u00edfico he solicitado se informe, el n\u00famero de Residencias de Alta Especialidad que existen actualmente en nuestro pa\u00eds, el funcionamiento de la RAE ubicada en la comuna de Providencia y si a la fecha se han subsanado las observaciones detectadas por la Defensor\u00eda de la Ni\u00f1ez en Informe de Visita realizada a dicha residencia el 28 de mayo de 2020&#8221;, asegur\u00f3.<\/p>\n\n\n\n<p>&#8220;Finalmente solicit\u00e9 que se informe, las principales dificultades, que se han observado en la implementaci\u00f3n e instalaci\u00f3n de Residencias de Alta Especialidad y que acciones han sido adoptadas para corregirlo. Por otro lado buscamos conocer si es que dentro del Plan de trabajo del Servicio Mejor Ni\u00f1ez o de los lineamientos del Ministerio de Desarrollo Social y Familia, se ha considerado como prioridad la instalaci\u00f3n de al menos una Residencia de Alta Especialidad en cada regi\u00f3n del pa\u00eds&#8221;.<\/p>\n","protected":false},"excerpt":{"rendered":"<div class=\"pvc_clear\"><\/div>\n<p id=\"pvc_stats_45417\" class=\"pvc_stats total_only  \" data-element-id=\"45417\" style=\"\"><i class=\"pvc-stats-icon large\" aria-hidden=\"true\"><svg aria-hidden=\"true\" focusable=\"false\" data-prefix=\"far\" data-icon=\"chart-bar\" role=\"img\" xmlns=\"http:\/\/www.w3.org\/2000\/svg\" viewBox=\"0 0 512 512\" class=\"svg-inline--fa fa-chart-bar fa-w-16 fa-2x\"><path fill=\"currentColor\" d=\"M396.8 352h22.4c6.4 0 12.8-6.4 12.8-12.8V108.8c0-6.4-6.4-12.8-12.8-12.8h-22.4c-6.4 0-12.8 6.4-12.8 12.8v230.4c0 6.4 6.4 12.8 12.8 12.8zm-192 0h22.4c6.4 0 12.8-6.4 12.8-12.8V140.8c0-6.4-6.4-12.8-12.8-12.8h-22.4c-6.4 0-12.8 6.4-12.8 12.8v198.4c0 6.4 6.4 12.8 12.8 12.8zm96 0h22.4c6.4 0 12.8-6.4 12.8-12.8V204.8c0-6.4-6.4-12.8-12.8-12.8h-22.4c-6.4 0-12.8 6.4-12.8 12.8v134.4c0 6.4 6.4 12.8 12.8 12.8zM496 400H48V80c0-8.84-7.16-16-16-16H16C7.16 64 0 71.16 0 80v336c0 17.67 14.33 32 32 32h464c8.84 0 16-7.16 16-16v-16c0-8.84-7.16-16-16-16zm-387.2-48h22.4c6.4 0 12.8-6.4 12.8-12.8v-70.4c0-6.4-6.4-12.8-12.8-12.8h-22.4c-6.4 0-12.8 6.4-12.8 12.8v70.4c0 6.4 6.4 12.8 12.8 12.8z\" class=\"\"><\/path><\/svg><\/i> <img loading=\"lazy\" decoding=\"async\" width=\"16\" height=\"16\" alt=\"Loading\" src=\"https:\/\/temucotelevision.cl\/web\/wp-content\/plugins\/page-views-count\/ajax-loader-2x.gif\" border=0 \/><\/p>\n<div class=\"pvc_clear\"><\/div>\n<p>La parlamentaria pidi\u00f3 que entreguen informaci\u00f3n respecto dicho modelo, ya que actualmente no funcionar\u00eda como se esperaba. Desde el a\u00f1o<\/p>\n","protected":false},"author":1,"featured_media":44884,"comment_status":"open","ping_status":"open","sticky":false,"template":"","format":"standard","meta":{"colormag_page_container_layout":"default_layout","colormag_page_sidebar_layout":"default_layout","footnotes":""},"categories":[84],"tags":[],"class_list":["post-45417","post","type-post","status-publish","format-standard","has-post-thumbnail","hentry","category-politica"],"a3_pvc":{"activated":true,"total_views":109,"today_views":0},"_links":{"self":[{"href":"https:\/\/temucotelevision.cl\/web\/wp-json\/wp\/v2\/posts\/45417","targetHints":{"allow":["GET"]}}],"collection":[{"href":"https:\/\/temucotelevision.cl\/web\/wp-json\/wp\/v2\/posts"}],"about":[{"href":"https:\/\/temucotelevision.cl\/web\/wp-json\/wp\/v2\/types\/post"}],"author":[{"embeddable":true,"href":"https:\/\/temucotelevision.cl\/web\/wp-json\/wp\/v2\/users\/1"}],"replies":[{"embeddable":true,"href":"https:\/\/temucotelevision.cl\/web\/wp-json\/wp\/v2\/comments?post=45417"}],"version-history":[{"count":1,"href":"https:\/\/temucotelevision.cl\/web\/wp-json\/wp\/v2\/posts\/45417\/revisions"}],"predecessor-version":[{"id":45418,"href":"https:\/\/temucotelevision.cl\/web\/wp-json\/wp\/v2\/posts\/45417\/revisions\/45418"}],"wp:featuredmedia":[{"embeddable":true,"href":"https:\/\/temucotelevision.cl\/web\/wp-json\/wp\/v2\/media\/44884"}],"wp:attachment":[{"href":"https:\/\/temucotelevision.cl\/web\/wp-json\/wp\/v2\/media?parent=45417"}],"wp:term":[{"taxonomy":"category","embeddable":true,"href":"https:\/\/temucotelevision.cl\/web\/wp-json\/wp\/v2\/categories?post=45417"},{"taxonomy":"post_tag","embeddable":true,"href":"https:\/\/temucotelevision.cl\/web\/wp-json\/wp\/v2\/tags?post=45417"}],"curies":[{"name":"wp","href":"https:\/\/api.w.org\/{rel}","templated":true}]}}