{"id":45415,"date":"2023-10-18T07:24:24","date_gmt":"2023-10-18T10:24:24","guid":{"rendered":"https:\/\/temucotelevision.cl\/web\/?p=45415"},"modified":"2023-10-18T07:24:25","modified_gmt":"2023-10-18T10:24:25","slug":"senadora-carmen-gloria-aravena-llama-a-los-docentes-de-todo-el-pais-a-enfocar-los-esfuerzos-en-mejorar-la-calidad-de-la-educacion-para-resolver-la-actual-crisis-del-sector","status":"publish","type":"post","link":"https:\/\/temucotelevision.cl\/web\/2023\/10\/18\/senadora-carmen-gloria-aravena-llama-a-los-docentes-de-todo-el-pais-a-enfocar-los-esfuerzos-en-mejorar-la-calidad-de-la-educacion-para-resolver-la-actual-crisis-del-sector\/","title":{"rendered":"Senadora Carmen Gloria Aravena llama a los docentes de todo el pa\u00eds a enfocar los esfuerzos en mejorar la calidad de la educaci\u00f3n para resolver la actual crisis del sector"},"content":{"rendered":"<div class=\"pvc_clear\"><\/div><p id=\"pvc_stats_45415\" class=\"pvc_stats total_only  \" data-element-id=\"45415\" style=\"\"><i class=\"pvc-stats-icon large\" aria-hidden=\"true\"><svg aria-hidden=\"true\" focusable=\"false\" data-prefix=\"far\" data-icon=\"chart-bar\" role=\"img\" xmlns=\"http:\/\/www.w3.org\/2000\/svg\" viewBox=\"0 0 512 512\" class=\"svg-inline--fa fa-chart-bar fa-w-16 fa-2x\"><path fill=\"currentColor\" d=\"M396.8 352h22.4c6.4 0 12.8-6.4 12.8-12.8V108.8c0-6.4-6.4-12.8-12.8-12.8h-22.4c-6.4 0-12.8 6.4-12.8 12.8v230.4c0 6.4 6.4 12.8 12.8 12.8zm-192 0h22.4c6.4 0 12.8-6.4 12.8-12.8V140.8c0-6.4-6.4-12.8-12.8-12.8h-22.4c-6.4 0-12.8 6.4-12.8 12.8v198.4c0 6.4 6.4 12.8 12.8 12.8zm96 0h22.4c6.4 0 12.8-6.4 12.8-12.8V204.8c0-6.4-6.4-12.8-12.8-12.8h-22.4c-6.4 0-12.8 6.4-12.8 12.8v134.4c0 6.4 6.4 12.8 12.8 12.8zM496 400H48V80c0-8.84-7.16-16-16-16H16C7.16 64 0 71.16 0 80v336c0 17.67 14.33 32 32 32h464c8.84 0 16-7.16 16-16v-16c0-8.84-7.16-16-16-16zm-387.2-48h22.4c6.4 0 12.8-6.4 12.8-12.8v-70.4c0-6.4-6.4-12.8-12.8-12.8h-22.4c-6.4 0-12.8 6.4-12.8 12.8v70.4c0 6.4 6.4 12.8 12.8 12.8z\" class=\"\"><\/path><\/svg><\/i> <img loading=\"lazy\" decoding=\"async\" width=\"16\" height=\"16\" alt=\"Loading\" src=\"https:\/\/temucotelevision.cl\/web\/wp-content\/plugins\/page-views-count\/ajax-loader-2x.gif\" border=0 \/><\/p><div class=\"pvc_clear\"><\/div>\n<p>&nbsp;<\/p>\n\n\n\n<p>\u2022&nbsp;La legisladora republicana por La Araucan\u00eda&nbsp;e integrante de la Comisi\u00f3n de Educaci\u00f3n de la C\u00e1mara Alta destac\u00f3 en el D\u00eda del Profesor la importante labor que desempe\u00f1an, y los inst\u00f3 a trabajar y avanzar en aquellas \u00e1reas que permitan mejorar sustancialmente los actuales niveles de aprendizaje.&nbsp;<\/p>\n\n\n\n<p>&nbsp;<\/p>\n\n\n\n<p>Se acaba de conmemorar el D\u00eda del Profesor en el pa\u00eds, donde se reconoce la labor trascendental que cumplen los cerca de 300 mil docentes que hay actualmente en Chile, en los distintos niveles de ense\u00f1anza.<\/p>\n\n\n\n<p>En este contexto, y marcado por un sostenido deterioro de la calidad de educaci\u00f3n en el pa\u00eds, expresado en&nbsp;las \u00faltimas&nbsp;mediciones&nbsp;del SIMCE en el \u00e1mbito escolar y la PAES para acceder a la formaci\u00f3n universitaria, la&nbsp;senadora republicana Carmen Gloria Aravena, integrante de la Comisi\u00f3n de Educaci\u00f3n de la C\u00e1mara Alta, destac\u00f3 la relevancia que tienen los profesores en el fortalecimiento del sistema educativo e hizo un llamado a los docentes a enfocar los esfuerzos en mejorar la calidad de la educaci\u00f3n, que contribuya a resolver la actual crisis que atraviesa el sector.<\/p>\n\n\n\n<p>\u201cEn&nbsp;esta fecha, me parece fundamental poner en perspectiva el sitial que les cabe a los profesores en nuestra sociedad, ya que de su labor depende en gran medida que el pa\u00eds avance y progrese, considerando que de ellos&nbsp;est\u00e1n a cargo de una parte importante de&nbsp;la formaci\u00f3n de las nuevas generaciones. Hoy estamos viviendo una situaci\u00f3n cr\u00edtica, especialmente en la educaci\u00f3n p\u00fablica, y se requiere el concurso de todos los actores, incluidos los profesores, para revertir este complejo panorama\u201d, puntualiz\u00f3 la legisladora.<\/p>\n\n\n\n<p>En esa l\u00ednea, la senadora remarc\u00f3 que en d\u00edas reciente se dio un importante avance en el Congreso, al aprobarse la propuesta que mejora y perfecciona la carrera docente, estableciendo como base la capacitaci\u00f3n y formaci\u00f3n continua de los profesores, adem\u00e1s de considerar un sistema \u00fanico de evaluaci\u00f3n que facilita y hace m\u00e1s transparente ese proceso\u201d.<\/p>\n\n\n\n<p>La Senadora Aravena puso \u00e9nfasis en&nbsp;los&nbsp;m\u00faltiples desaf\u00edos que tiene la educaci\u00f3n en el pa\u00eds, no s\u00f3lo&nbsp;de&nbsp;mejorar los niveles de aprendizaje y acortar las brechas existentes, sino que&nbsp;tambi\u00e9n&nbsp;de abordar&nbsp;los mayores niveles de violencia que se registran en muchos establecimientos,&nbsp;el fuerte incremento de la&nbsp;deserci\u00f3n&nbsp;escolar,&nbsp;la falta&nbsp;de&nbsp;infraestructuraen muchos casos,&nbsp;para que los alumnos puedan estudiar en condiciones \u00f3ptimas, y el problema que se est\u00e1 generando en distintas localidades con el traspaso de la educaci\u00f3n municipal a los servicios locales de educaci\u00f3n p\u00fablica (SLEP), como es la dram\u00e1tica situaci\u00f3n que se est\u00e1 dando en la regi\u00f3n de Atacama, donde no hay clases hace un mes y medio en los establecimientos p\u00fablicos por la paralizaci\u00f3n de los profesores.<\/p>\n\n\n\n<p>\u201cComo parlamentaria, comprendo que hay demandas de los profesores que son muy leg\u00edtimas en t\u00e9rminos de mejorar las condiciones laborales y humanas en las que trabajan, pero por lo mismo, eso debe llevar a los docentes a ser parte de la soluci\u00f3n y no profundizar los problemas que exhibe el sistema educacional, que se agravan cada vez que hay paralizaci\u00f3n de clases y se deja a los estudiantes sin asistir al aula. Todos debemos hacer un esfuerzo para sacar&nbsp;de esta crisis&nbsp;al sector, para lo cual debemos enfrentar estos inconvenientes de forma conjunta y buscando acuerdos\u201d, concluy\u00f3 la congresista republicana.<\/p>\n\n\n\n<p> <\/p>\n","protected":false},"excerpt":{"rendered":"<div class=\"pvc_clear\"><\/div>\n<p id=\"pvc_stats_45415\" class=\"pvc_stats total_only  \" data-element-id=\"45415\" style=\"\"><i class=\"pvc-stats-icon large\" aria-hidden=\"true\"><svg aria-hidden=\"true\" focusable=\"false\" data-prefix=\"far\" data-icon=\"chart-bar\" role=\"img\" xmlns=\"http:\/\/www.w3.org\/2000\/svg\" viewBox=\"0 0 512 512\" class=\"svg-inline--fa fa-chart-bar fa-w-16 fa-2x\"><path fill=\"currentColor\" d=\"M396.8 352h22.4c6.4 0 12.8-6.4 12.8-12.8V108.8c0-6.4-6.4-12.8-12.8-12.8h-22.4c-6.4 0-12.8 6.4-12.8 12.8v230.4c0 6.4 6.4 12.8 12.8 12.8zm-192 0h22.4c6.4 0 12.8-6.4 12.8-12.8V140.8c0-6.4-6.4-12.8-12.8-12.8h-22.4c-6.4 0-12.8 6.4-12.8 12.8v198.4c0 6.4 6.4 12.8 12.8 12.8zm96 0h22.4c6.4 0 12.8-6.4 12.8-12.8V204.8c0-6.4-6.4-12.8-12.8-12.8h-22.4c-6.4 0-12.8 6.4-12.8 12.8v134.4c0 6.4 6.4 12.8 12.8 12.8zM496 400H48V80c0-8.84-7.16-16-16-16H16C7.16 64 0 71.16 0 80v336c0 17.67 14.33 32 32 32h464c8.84 0 16-7.16 16-16v-16c0-8.84-7.16-16-16-16zm-387.2-48h22.4c6.4 0 12.8-6.4 12.8-12.8v-70.4c0-6.4-6.4-12.8-12.8-12.8h-22.4c-6.4 0-12.8 6.4-12.8 12.8v70.4c0 6.4 6.4 12.8 12.8 12.8z\" class=\"\"><\/path><\/svg><\/i> <img loading=\"lazy\" decoding=\"async\" width=\"16\" height=\"16\" alt=\"Loading\" src=\"https:\/\/temucotelevision.cl\/web\/wp-content\/plugins\/page-views-count\/ajax-loader-2x.gif\" border=0 \/><\/p>\n<div class=\"pvc_clear\"><\/div>\n<p>&nbsp; \u2022&nbsp;La legisladora republicana por La Araucan\u00eda&nbsp;e integrante de la Comisi\u00f3n de Educaci\u00f3n de la C\u00e1mara Alta destac\u00f3 en el<\/p>\n","protected":false},"author":1,"featured_media":19352,"comment_status":"open","ping_status":"open","sticky":false,"template":"","format":"standard","meta":{"colormag_page_container_layout":"default_layout","colormag_page_sidebar_layout":"default_layout","footnotes":""},"categories":[84],"tags":[],"class_list":["post-45415","post","type-post","status-publish","format-standard","has-post-thumbnail","hentry","category-politica"],"a3_pvc":{"activated":true,"total_views":55,"today_views":0},"_links":{"self":[{"href":"https:\/\/temucotelevision.cl\/web\/wp-json\/wp\/v2\/posts\/45415","targetHints":{"allow":["GET"]}}],"collection":[{"href":"https:\/\/temucotelevision.cl\/web\/wp-json\/wp\/v2\/posts"}],"about":[{"href":"https:\/\/temucotelevision.cl\/web\/wp-json\/wp\/v2\/types\/post"}],"author":[{"embeddable":true,"href":"https:\/\/temucotelevision.cl\/web\/wp-json\/wp\/v2\/users\/1"}],"replies":[{"embeddable":true,"href":"https:\/\/temucotelevision.cl\/web\/wp-json\/wp\/v2\/comments?post=45415"}],"version-history":[{"count":1,"href":"https:\/\/temucotelevision.cl\/web\/wp-json\/wp\/v2\/posts\/45415\/revisions"}],"predecessor-version":[{"id":45416,"href":"https:\/\/temucotelevision.cl\/web\/wp-json\/wp\/v2\/posts\/45415\/revisions\/45416"}],"wp:featuredmedia":[{"embeddable":true,"href":"https:\/\/temucotelevision.cl\/web\/wp-json\/wp\/v2\/media\/19352"}],"wp:attachment":[{"href":"https:\/\/temucotelevision.cl\/web\/wp-json\/wp\/v2\/media?parent=45415"}],"wp:term":[{"taxonomy":"category","embeddable":true,"href":"https:\/\/temucotelevision.cl\/web\/wp-json\/wp\/v2\/categories?post=45415"},{"taxonomy":"post_tag","embeddable":true,"href":"https:\/\/temucotelevision.cl\/web\/wp-json\/wp\/v2\/tags?post=45415"}],"curies":[{"name":"wp","href":"https:\/\/api.w.org\/{rel}","templated":true}]}}