{"id":45409,"date":"2023-10-16T20:35:49","date_gmt":"2023-10-16T23:35:49","guid":{"rendered":"https:\/\/temucotelevision.cl\/web\/?p=45409"},"modified":"2023-10-16T20:35:50","modified_gmt":"2023-10-16T23:35:50","slug":"el-servicio-de-proteccion-especializada-a-la-ninez-y-adolescencia-en-la-araucania-realizo-un-pasacalles-en-pleno-centro-de-temuco","status":"publish","type":"post","link":"https:\/\/temucotelevision.cl\/web\/2023\/10\/16\/el-servicio-de-proteccion-especializada-a-la-ninez-y-adolescencia-en-la-araucania-realizo-un-pasacalles-en-pleno-centro-de-temuco\/","title":{"rendered":"El\u00a0Servicio de Protecci\u00f3n Especializada a la Ni\u00f1ez y Adolescencia en La Araucan\u00eda realiz\u00f3 un\u00a0 pasacalles en pleno centro de Temuco"},"content":{"rendered":"<div class=\"pvc_clear\"><\/div><p id=\"pvc_stats_45409\" class=\"pvc_stats total_only  \" data-element-id=\"45409\" style=\"\"><i class=\"pvc-stats-icon large\" aria-hidden=\"true\"><svg aria-hidden=\"true\" focusable=\"false\" data-prefix=\"far\" data-icon=\"chart-bar\" role=\"img\" xmlns=\"http:\/\/www.w3.org\/2000\/svg\" viewBox=\"0 0 512 512\" class=\"svg-inline--fa fa-chart-bar fa-w-16 fa-2x\"><path fill=\"currentColor\" d=\"M396.8 352h22.4c6.4 0 12.8-6.4 12.8-12.8V108.8c0-6.4-6.4-12.8-12.8-12.8h-22.4c-6.4 0-12.8 6.4-12.8 12.8v230.4c0 6.4 6.4 12.8 12.8 12.8zm-192 0h22.4c6.4 0 12.8-6.4 12.8-12.8V140.8c0-6.4-6.4-12.8-12.8-12.8h-22.4c-6.4 0-12.8 6.4-12.8 12.8v198.4c0 6.4 6.4 12.8 12.8 12.8zm96 0h22.4c6.4 0 12.8-6.4 12.8-12.8V204.8c0-6.4-6.4-12.8-12.8-12.8h-22.4c-6.4 0-12.8 6.4-12.8 12.8v134.4c0 6.4 6.4 12.8 12.8 12.8zM496 400H48V80c0-8.84-7.16-16-16-16H16C7.16 64 0 71.16 0 80v336c0 17.67 14.33 32 32 32h464c8.84 0 16-7.16 16-16v-16c0-8.84-7.16-16-16-16zm-387.2-48h22.4c6.4 0 12.8-6.4 12.8-12.8v-70.4c0-6.4-6.4-12.8-12.8-12.8h-22.4c-6.4 0-12.8 6.4-12.8 12.8v70.4c0 6.4 6.4 12.8 12.8 12.8z\" class=\"\"><\/path><\/svg><\/i> <img loading=\"lazy\" decoding=\"async\" width=\"16\" height=\"16\" alt=\"Loading\" src=\"https:\/\/temucotelevision.cl\/web\/wp-content\/plugins\/page-views-count\/ajax-loader-2x.gif\" border=0 \/><\/p><div class=\"pvc_clear\"><\/div>\n<p><em>Alegr\u00eda, m\u00fasica y colores fueron parte de lo que se vivi\u00f3 este lunes en pleno Paseo Bulnes de Temuco, esto como parte del pasacalles que se tom\u00f3 el centro de la ciudad, instancia&nbsp; organizada por la Direcci\u00f3n Regional del Servicio de Protecci\u00f3n Especializada a la Ni\u00f1ez y Adolescencia.<\/em><\/p>\n\n\n\n<p>Visibilizar la labor y misi\u00f3n que se lleva a cabo diariamente para poder restituir y garantizar los derechos de ni\u00f1os, ni\u00f1as y adolescentes en la regi\u00f3n, fue el principal foco de esta actividad, la cual repleto de color y ritmo el centro de Temuco, todo en el marco de los ya dos a\u00f1os desde la implementaci\u00f3n del Servico en el pais y la regi\u00f3n.&nbsp;<\/p>\n\n\n\n<p><em>Valeria Arias Bascur, directora regional del <\/em>Servicio Nacional de Protecci\u00f3n Especializada<em> en La Araucan\u00eda, destac\u00f3, \u201cdurante estos dos a\u00f1os, hemos transformado y redise\u00f1ado la oferta program\u00e1tica y labor del servicio, es justamente esto, lo que queremos dar a conocer&nbsp; a la comunidad hoy, los ejes estrat\u00e9gicos por los cuales estamos trabajando de la mano con el plan de gobierno del presidente, Gabier Boric,&nbsp; el cual no solamente viene a fortalecer el \u00e1rea de transformaci\u00f3n de la oferta, adem\u00e1s de la capacitaci\u00f3n y formaci\u00f3n de profesionales&nbsp; y equipos de los organismo colaboradores, un trabajo articulado con el intersector y no es menor el aumento&nbsp; de la cobertura en lo que es nuestro territorio\u201d.<\/em><\/p>\n\n\n\n<p>Una instancia de la cual fueron parte las Funcionarias y funcionarios del Servicio en la regi\u00f3n, quienes&nbsp; llegaron hasta el centro de Temuco para poder visibilizar y compartir el trabajo y&nbsp; labor que a diario realizan.&nbsp;<\/p>\n\n\n\n<p>Por su parte, Mariela Huillipan, Seremi de Desarrollo Social y Familia,&nbsp; recalc\u00f3 la importancia de convocar a la sociedad en estas instancias que buscan promover los derechos de los ni\u00f1os y ni\u00f1as, se\u00f1alando que, \u201cHoy celebramos lo que son los dos a\u00f1os de la implementaci\u00f3n del servicio de Protecci\u00f3n Especializada, pero tambi\u00e9n, las pol\u00edticas que van en concordancia de los que es la infancia principalmente, relevando lo que nos ha mandatado&nbsp; el presidente Gabriel Boric, que es, avanzar en garantizar los derechos de la ni\u00f1ez, principalmente el derecho a la&nbsp; familia\u2026 Es por esto que tambi\u00e9n el servicio hoy en d\u00eda est\u00e1 liderando un proceso sumamente&nbsp; importante en este cambio cultural, de c\u00f3mo miramos efectivamente el trato a la infancia \u201d.<\/p>\n\n\n\n<p>\u201cEsto es una importante convocatoria, que nos llama tambi\u00e9n a invitar a la ciudadan\u00eda de la regi\u00f3n a convertirse en familias de acogida, hoy en la regi\u00f3n tenemos 300 ni\u00f1os y ni\u00f1as que est\u00e1n en residencia&nbsp; y uno de los compromisos de nuestro gobierno es tambi\u00e9n fortalecer y promover los derechos de los ni\u00f1os, ni\u00f1as y adolescente, para que puedan estar en un ambiente familiar y en un hogar\u201d indic\u00f3, Sol Kaechele, Seremi de la Mujer y Equidad de G\u00e9nero en La Araucan\u00eda.<\/p>\n\n\n\n<p>Cabe destacar, que en esta iniciativa participaron adolescentes pertenecientes al Consejo Asesor Regional del Servicio, quienes tienen como misi\u00f3n, acompa\u00f1ar desde su rol de adolescentes&nbsp; usuarios del servicio, a la directora regional.<\/p>\n","protected":false},"excerpt":{"rendered":"<div class=\"pvc_clear\"><\/div>\n<p id=\"pvc_stats_45409\" class=\"pvc_stats total_only  \" data-element-id=\"45409\" style=\"\"><i class=\"pvc-stats-icon large\" aria-hidden=\"true\"><svg aria-hidden=\"true\" focusable=\"false\" data-prefix=\"far\" data-icon=\"chart-bar\" role=\"img\" xmlns=\"http:\/\/www.w3.org\/2000\/svg\" viewBox=\"0 0 512 512\" class=\"svg-inline--fa fa-chart-bar fa-w-16 fa-2x\"><path fill=\"currentColor\" d=\"M396.8 352h22.4c6.4 0 12.8-6.4 12.8-12.8V108.8c0-6.4-6.4-12.8-12.8-12.8h-22.4c-6.4 0-12.8 6.4-12.8 12.8v230.4c0 6.4 6.4 12.8 12.8 12.8zm-192 0h22.4c6.4 0 12.8-6.4 12.8-12.8V140.8c0-6.4-6.4-12.8-12.8-12.8h-22.4c-6.4 0-12.8 6.4-12.8 12.8v198.4c0 6.4 6.4 12.8 12.8 12.8zm96 0h22.4c6.4 0 12.8-6.4 12.8-12.8V204.8c0-6.4-6.4-12.8-12.8-12.8h-22.4c-6.4 0-12.8 6.4-12.8 12.8v134.4c0 6.4 6.4 12.8 12.8 12.8zM496 400H48V80c0-8.84-7.16-16-16-16H16C7.16 64 0 71.16 0 80v336c0 17.67 14.33 32 32 32h464c8.84 0 16-7.16 16-16v-16c0-8.84-7.16-16-16-16zm-387.2-48h22.4c6.4 0 12.8-6.4 12.8-12.8v-70.4c0-6.4-6.4-12.8-12.8-12.8h-22.4c-6.4 0-12.8 6.4-12.8 12.8v70.4c0 6.4 6.4 12.8 12.8 12.8z\" class=\"\"><\/path><\/svg><\/i> <img loading=\"lazy\" decoding=\"async\" width=\"16\" height=\"16\" alt=\"Loading\" src=\"https:\/\/temucotelevision.cl\/web\/wp-content\/plugins\/page-views-count\/ajax-loader-2x.gif\" border=0 \/><\/p>\n<div class=\"pvc_clear\"><\/div>\n<p>Alegr\u00eda, m\u00fasica y colores fueron parte de lo que se vivi\u00f3 este lunes en pleno Paseo Bulnes de Temuco, esto<\/p>\n","protected":false},"author":1,"featured_media":45410,"comment_status":"open","ping_status":"open","sticky":false,"template":"","format":"standard","meta":{"colormag_page_container_layout":"default_layout","colormag_page_sidebar_layout":"default_layout","footnotes":""},"categories":[14],"tags":[252,6756,78],"class_list":["post-45409","post","type-post","status-publish","format-standard","has-post-thumbnail","hentry","category-temuco","tag-centro","tag-pasacalles","tag-temuco"],"a3_pvc":{"activated":true,"total_views":1079,"today_views":0},"_links":{"self":[{"href":"https:\/\/temucotelevision.cl\/web\/wp-json\/wp\/v2\/posts\/45409","targetHints":{"allow":["GET"]}}],"collection":[{"href":"https:\/\/temucotelevision.cl\/web\/wp-json\/wp\/v2\/posts"}],"about":[{"href":"https:\/\/temucotelevision.cl\/web\/wp-json\/wp\/v2\/types\/post"}],"author":[{"embeddable":true,"href":"https:\/\/temucotelevision.cl\/web\/wp-json\/wp\/v2\/users\/1"}],"replies":[{"embeddable":true,"href":"https:\/\/temucotelevision.cl\/web\/wp-json\/wp\/v2\/comments?post=45409"}],"version-history":[{"count":1,"href":"https:\/\/temucotelevision.cl\/web\/wp-json\/wp\/v2\/posts\/45409\/revisions"}],"predecessor-version":[{"id":45411,"href":"https:\/\/temucotelevision.cl\/web\/wp-json\/wp\/v2\/posts\/45409\/revisions\/45411"}],"wp:featuredmedia":[{"embeddable":true,"href":"https:\/\/temucotelevision.cl\/web\/wp-json\/wp\/v2\/media\/45410"}],"wp:attachment":[{"href":"https:\/\/temucotelevision.cl\/web\/wp-json\/wp\/v2\/media?parent=45409"}],"wp:term":[{"taxonomy":"category","embeddable":true,"href":"https:\/\/temucotelevision.cl\/web\/wp-json\/wp\/v2\/categories?post=45409"},{"taxonomy":"post_tag","embeddable":true,"href":"https:\/\/temucotelevision.cl\/web\/wp-json\/wp\/v2\/tags?post=45409"}],"curies":[{"name":"wp","href":"https:\/\/api.w.org\/{rel}","templated":true}]}}