{"id":45407,"date":"2023-10-16T20:24:04","date_gmt":"2023-10-16T23:24:04","guid":{"rendered":"https:\/\/temucotelevision.cl\/web\/?p=45407"},"modified":"2023-10-16T20:24:14","modified_gmt":"2023-10-16T23:24:14","slug":"la-araucania-tiene-dos-de-los-mas-activos-volcan-villarrica-y-llaima-lideran-ranking-de-peligrosidad","status":"publish","type":"post","link":"https:\/\/temucotelevision.cl\/web\/2023\/10\/16\/la-araucania-tiene-dos-de-los-mas-activos-volcan-villarrica-y-llaima-lideran-ranking-de-peligrosidad\/","title":{"rendered":"La Araucan\u00eda tiene dos de los m\u00e1s activos: Volc\u00e1n Villarrica y Llaima lideran ranking de peligrosidad"},"content":{"rendered":"<div class=\"pvc_clear\"><\/div><p id=\"pvc_stats_45407\" class=\"pvc_stats total_only  \" data-element-id=\"45407\" style=\"\"><i class=\"pvc-stats-icon large\" aria-hidden=\"true\"><svg aria-hidden=\"true\" focusable=\"false\" data-prefix=\"far\" data-icon=\"chart-bar\" role=\"img\" xmlns=\"http:\/\/www.w3.org\/2000\/svg\" viewBox=\"0 0 512 512\" class=\"svg-inline--fa fa-chart-bar fa-w-16 fa-2x\"><path fill=\"currentColor\" d=\"M396.8 352h22.4c6.4 0 12.8-6.4 12.8-12.8V108.8c0-6.4-6.4-12.8-12.8-12.8h-22.4c-6.4 0-12.8 6.4-12.8 12.8v230.4c0 6.4 6.4 12.8 12.8 12.8zm-192 0h22.4c6.4 0 12.8-6.4 12.8-12.8V140.8c0-6.4-6.4-12.8-12.8-12.8h-22.4c-6.4 0-12.8 6.4-12.8 12.8v198.4c0 6.4 6.4 12.8 12.8 12.8zm96 0h22.4c6.4 0 12.8-6.4 12.8-12.8V204.8c0-6.4-6.4-12.8-12.8-12.8h-22.4c-6.4 0-12.8 6.4-12.8 12.8v134.4c0 6.4 6.4 12.8 12.8 12.8zM496 400H48V80c0-8.84-7.16-16-16-16H16C7.16 64 0 71.16 0 80v336c0 17.67 14.33 32 32 32h464c8.84 0 16-7.16 16-16v-16c0-8.84-7.16-16-16-16zm-387.2-48h22.4c6.4 0 12.8-6.4 12.8-12.8v-70.4c0-6.4-6.4-12.8-12.8-12.8h-22.4c-6.4 0-12.8 6.4-12.8 12.8v70.4c0 6.4 6.4 12.8 12.8 12.8z\" class=\"\"><\/path><\/svg><\/i> <img loading=\"lazy\" decoding=\"async\" width=\"16\" height=\"16\" alt=\"Loading\" src=\"https:\/\/temucotelevision.cl\/web\/wp-content\/plugins\/page-views-count\/ajax-loader-2x.gif\" border=0 \/><\/p><div class=\"pvc_clear\"><\/div>\n<p>Tras revelarse que en La Araucan\u00eda hay dos de los volcanes m\u00e1s activos del pa\u00eds, a trav\u00e9s de un informe del Servicio Nacional de Geolog\u00eda y Miner\u00eda publicado este lunes en la prensa nacional, se abre el debate sobre c\u00f3mo es convivir con estos importantes macizos, donde destaca, en la primera posici\u00f3n, el Volc\u00e1n Villarrica; y en tercer lugar, el Volc\u00e1n Llaima. En este informe&nbsp;<a><\/a>se evaluaron riesgos como la exposici\u00f3n de la poblaci\u00f3n, si hay nieve o hielo para causar aluviones; adem\u00e1s del an\u00e1lisis de toda la actividad volc\u00e1nica, el tipo de erupciones, la magnitud y su recurrencia en el tiempo.<\/p>\n\n\n\n<p>En tanto, el Volc\u00e1n Villarrica lidera la tabla de posiciones en un listado que contempla 87 sistemas volc\u00e1nicos geol\u00f3gicamente activos en Chile. Seg\u00fan afirman, \u201ceste ranking sirve para ver a quien se le otorga m\u00e1s recursos de monitoreo, priorizaci\u00f3n que implica saber a qu\u00e9 volcanes ponerle m\u00e1s \u00e9nfasis para trabajar aspectos de planificaci\u00f3n territorial\u201d.<\/p>\n\n\n\n<p>Carlos Olave, alcalde subrogante de la Municipalidad de Puc\u00f3n, asegur\u00f3 que el municipio lacustre est\u00e1 preparado ante una emergencia volc\u00e1nica y sabe convivir con el Volc\u00e1n Villarrica. \u201cTenemos se\u00f1al\u00e9ticas dispuestas en las v\u00edas de evacuaci\u00f3n, un plan de emergencia en caso de ser necesario, por lo que hay que transmitir la tranquilidad de saber convivir con la naturaleza\u201d, detall\u00f3 la autoridad.<\/p>\n\n\n\n<p>Por otro lado, Rodrigo Vera, gu\u00eda de monta\u00f1a de la comuna del lago y el volc\u00e1n, dijo que el macizo lacustre es un desaf\u00edo para las autoridades y el turismo. \u201cEsta es una oportunidad que nos da la naturaleza para poder generar el incentivo a que venga gente de todos lados del planeta a visitarnos, tener un volc\u00e1n as\u00ed de activo es positivo\u201d, dijo.<\/p>\n\n\n\n<p>Finalmente, este informe busca ser una herramienta para priorizar esfuerzos y recursos en un pa\u00eds con variedad y recurrencia volc\u00e1nica. Para mayor informaci\u00f3n sobre el monitoreo de volcanes es necesario visitar la pagina&nbsp;<a href=\"https:\/\/l.facebook.com\/l.php?u=http%3A%2F%2Fwww.sernageomin.cl%2F%3Ffbclid%3DIwAR31Eq9Ehr27uGjYJ2Zq766URRr1k4gFGge-M0nNhWSyPh_BnTNk2dOCw1o&amp;h=AT3vvxNg-8kRg68uglWpBOx6WkxAkv5TRMNYdNtSaydS5Va8bhtnL2vyJUknwnjP3pujr2umc0Dv45aN1Itkiu4eVfrzrkrQNqgkI_kLmxCcNHA0d_WlGwFoew0IJktVZA&amp;__tn__=-UK-R&amp;c[0]=AT1aoui0sHnCcsNR3kMvjxK6pvFR3iaRahrpf9Xl2ZthFzGcQ3Y7_M5dSriREfYtBpo_qWLr5I4PFT_5kd5_fvSZuO4b0XHx4WlcaaERSKKkrJttLX-5WqYj5zWJfIKyrCQS-NlQJ_KTbaBOdkmVP__sYNNEeQ\" rel=\"noreferrer noopener\" target=\"_blank\">www.sernageomin.cl<\/a><\/p>\n","protected":false},"excerpt":{"rendered":"<div class=\"pvc_clear\"><\/div>\n<p id=\"pvc_stats_45407\" class=\"pvc_stats total_only  \" data-element-id=\"45407\" style=\"\"><i class=\"pvc-stats-icon large\" aria-hidden=\"true\"><svg aria-hidden=\"true\" focusable=\"false\" data-prefix=\"far\" data-icon=\"chart-bar\" role=\"img\" xmlns=\"http:\/\/www.w3.org\/2000\/svg\" viewBox=\"0 0 512 512\" class=\"svg-inline--fa fa-chart-bar fa-w-16 fa-2x\"><path fill=\"currentColor\" d=\"M396.8 352h22.4c6.4 0 12.8-6.4 12.8-12.8V108.8c0-6.4-6.4-12.8-12.8-12.8h-22.4c-6.4 0-12.8 6.4-12.8 12.8v230.4c0 6.4 6.4 12.8 12.8 12.8zm-192 0h22.4c6.4 0 12.8-6.4 12.8-12.8V140.8c0-6.4-6.4-12.8-12.8-12.8h-22.4c-6.4 0-12.8 6.4-12.8 12.8v198.4c0 6.4 6.4 12.8 12.8 12.8zm96 0h22.4c6.4 0 12.8-6.4 12.8-12.8V204.8c0-6.4-6.4-12.8-12.8-12.8h-22.4c-6.4 0-12.8 6.4-12.8 12.8v134.4c0 6.4 6.4 12.8 12.8 12.8zM496 400H48V80c0-8.84-7.16-16-16-16H16C7.16 64 0 71.16 0 80v336c0 17.67 14.33 32 32 32h464c8.84 0 16-7.16 16-16v-16c0-8.84-7.16-16-16-16zm-387.2-48h22.4c6.4 0 12.8-6.4 12.8-12.8v-70.4c0-6.4-6.4-12.8-12.8-12.8h-22.4c-6.4 0-12.8 6.4-12.8 12.8v70.4c0 6.4 6.4 12.8 12.8 12.8z\" class=\"\"><\/path><\/svg><\/i> <img loading=\"lazy\" decoding=\"async\" width=\"16\" height=\"16\" alt=\"Loading\" src=\"https:\/\/temucotelevision.cl\/web\/wp-content\/plugins\/page-views-count\/ajax-loader-2x.gif\" border=0 \/><\/p>\n<div class=\"pvc_clear\"><\/div>\n<p>Tras revelarse que en La Araucan\u00eda hay dos de los volcanes m\u00e1s activos del pa\u00eds, a trav\u00e9s de un informe<\/p>\n","protected":false},"author":1,"featured_media":40118,"comment_status":"open","ping_status":"open","sticky":false,"template":"","format":"standard","meta":{"colormag_page_container_layout":"default_layout","colormag_page_sidebar_layout":"default_layout","footnotes":""},"categories":[15],"tags":[3128,2240,204,1510],"class_list":["post-45407","post","type-post","status-publish","format-standard","has-post-thumbnail","hentry","category-la-araucania","tag-llaima","tag-ranking","tag-villarrica","tag-volcan"],"a3_pvc":{"activated":true,"total_views":4113,"today_views":0},"_links":{"self":[{"href":"https:\/\/temucotelevision.cl\/web\/wp-json\/wp\/v2\/posts\/45407","targetHints":{"allow":["GET"]}}],"collection":[{"href":"https:\/\/temucotelevision.cl\/web\/wp-json\/wp\/v2\/posts"}],"about":[{"href":"https:\/\/temucotelevision.cl\/web\/wp-json\/wp\/v2\/types\/post"}],"author":[{"embeddable":true,"href":"https:\/\/temucotelevision.cl\/web\/wp-json\/wp\/v2\/users\/1"}],"replies":[{"embeddable":true,"href":"https:\/\/temucotelevision.cl\/web\/wp-json\/wp\/v2\/comments?post=45407"}],"version-history":[{"count":1,"href":"https:\/\/temucotelevision.cl\/web\/wp-json\/wp\/v2\/posts\/45407\/revisions"}],"predecessor-version":[{"id":45408,"href":"https:\/\/temucotelevision.cl\/web\/wp-json\/wp\/v2\/posts\/45407\/revisions\/45408"}],"wp:featuredmedia":[{"embeddable":true,"href":"https:\/\/temucotelevision.cl\/web\/wp-json\/wp\/v2\/media\/40118"}],"wp:attachment":[{"href":"https:\/\/temucotelevision.cl\/web\/wp-json\/wp\/v2\/media?parent=45407"}],"wp:term":[{"taxonomy":"category","embeddable":true,"href":"https:\/\/temucotelevision.cl\/web\/wp-json\/wp\/v2\/categories?post=45407"},{"taxonomy":"post_tag","embeddable":true,"href":"https:\/\/temucotelevision.cl\/web\/wp-json\/wp\/v2\/tags?post=45407"}],"curies":[{"name":"wp","href":"https:\/\/api.w.org\/{rel}","templated":true}]}}