{"id":45402,"date":"2023-10-16T18:44:12","date_gmt":"2023-10-16T21:44:12","guid":{"rendered":"https:\/\/temucotelevision.cl\/web\/?p=45402"},"modified":"2023-10-16T18:44:13","modified_gmt":"2023-10-16T21:44:13","slug":"darkwave-y-post-punk-escucha-el-nuevo-album-de-kalil","status":"publish","type":"post","link":"https:\/\/temucotelevision.cl\/web\/2023\/10\/16\/darkwave-y-post-punk-escucha-el-nuevo-album-de-kalil\/","title":{"rendered":"Darkwave y Post-Punk: Escucha el nuevo \u00e1lbum de Kalil"},"content":{"rendered":"<div class=\"pvc_clear\"><\/div><p id=\"pvc_stats_45402\" class=\"pvc_stats total_only  \" data-element-id=\"45402\" style=\"\"><i class=\"pvc-stats-icon large\" aria-hidden=\"true\"><svg aria-hidden=\"true\" focusable=\"false\" data-prefix=\"far\" data-icon=\"chart-bar\" role=\"img\" xmlns=\"http:\/\/www.w3.org\/2000\/svg\" viewBox=\"0 0 512 512\" class=\"svg-inline--fa fa-chart-bar fa-w-16 fa-2x\"><path fill=\"currentColor\" d=\"M396.8 352h22.4c6.4 0 12.8-6.4 12.8-12.8V108.8c0-6.4-6.4-12.8-12.8-12.8h-22.4c-6.4 0-12.8 6.4-12.8 12.8v230.4c0 6.4 6.4 12.8 12.8 12.8zm-192 0h22.4c6.4 0 12.8-6.4 12.8-12.8V140.8c0-6.4-6.4-12.8-12.8-12.8h-22.4c-6.4 0-12.8 6.4-12.8 12.8v198.4c0 6.4 6.4 12.8 12.8 12.8zm96 0h22.4c6.4 0 12.8-6.4 12.8-12.8V204.8c0-6.4-6.4-12.8-12.8-12.8h-22.4c-6.4 0-12.8 6.4-12.8 12.8v134.4c0 6.4 6.4 12.8 12.8 12.8zM496 400H48V80c0-8.84-7.16-16-16-16H16C7.16 64 0 71.16 0 80v336c0 17.67 14.33 32 32 32h464c8.84 0 16-7.16 16-16v-16c0-8.84-7.16-16-16-16zm-387.2-48h22.4c6.4 0 12.8-6.4 12.8-12.8v-70.4c0-6.4-6.4-12.8-12.8-12.8h-22.4c-6.4 0-12.8 6.4-12.8 12.8v70.4c0 6.4 6.4 12.8 12.8 12.8z\" class=\"\"><\/path><\/svg><\/i> <img loading=\"lazy\" decoding=\"async\" width=\"16\" height=\"16\" alt=\"Loading\" src=\"https:\/\/temucotelevision.cl\/web\/wp-content\/plugins\/page-views-count\/ajax-loader-2x.gif\" border=0 \/><\/p><div class=\"pvc_clear\"><\/div>\n<p class=\"has-medium-font-size\"><strong>&#8220;Romper las C\u00e1psulas&#8221; ya disponible. Revisa &#8216;Espejos&#8217;, su primer clip.<\/strong><\/p>\n\n\n\n<p>El multiinstrumentista, sic\u00f3logo y compositor chileno\u00a0<strong>Gibr\u00e1n Harcha Bloomfield<\/strong>\u00a0(1988), es\u00a0<strong>Kalil<\/strong>, la nueva apuesta\u00a0one-man band\u00a0de\u00a0<strong>EBM<\/strong>\u00a0(electronic body music),\u00a0<strong>dark wave<\/strong>\u00a0y\u00a0<strong>post-punk<\/strong>\u00a0proveniente desde\u00a0<strong>Santiago<\/strong>, cuyo primer sencillo y videoclip oficial de su \u00e1lbum 2023 &#8220;<strong>Romper las C\u00e1psulas<\/strong>&#8221;\u00a0(Independiente), lo podr\u00e1s ver a continuaci\u00f3n.<\/p>\n\n\n\n<p><strong>Kalil<\/strong>\u00a0aparece como alter ego \u201cenfermo del encierro en posibilidades preconcebidas, teniendo que estar donde otros presuponen\u201d. Con este sello distintivo, ejecuta su debut audiovisual, que como bien refleja &#8220;<strong>Year Zero<\/strong>&#8221; de\u00a0<strong>Nine Inch Nails<\/strong>,\u00a0<strong>Kalil<\/strong>\u00a0nace de lo dist\u00f3pico de un mundo sumido por la destrucci\u00f3n.<\/p>\n\n\n\n<p>Al respecto, el\u00a0frontman\u00a0comenta que el proyecto bailable pensado para<strong> \u201cinvitar a un viaje introspectivo a trav\u00e9s de laberintos sonoros urbanos y emociones humanas universales\u201d, fue resultado de \u201cmucho trabajo en conjunto con\u00a0Ignacio Sekul\u00a0(N. del E.: Director de Arte de todo el proyecto, adem\u00e1s\u00a0del videoclip)\u00a0para aterrizar conceptos y emociones\u00a0[&#8230;]\u00a0me conmueve la forma en que pudo interpretar mi sensibilidad\u201d, advierte.<\/strong><\/p>\n\n\n\n<p>En lo que respecta a los cr\u00e9ditos del registro, el concepto visual estuvo a cargo de&nbsp;<strong>Apunte Studio<\/strong>, bajo la mezcla de&nbsp;<strong>Daniel P\u00e9rez<\/strong>&nbsp;y la masterizaci\u00f3n por el mism\u00edsimo&nbsp;<strong>Chalo Gonz\u00e1lez<\/strong>&nbsp;(<strong>Rubio<\/strong>,&nbsp;<strong>Perrosky<\/strong>,&nbsp;<strong>Los Bunkers<\/strong>, entre otros).<\/p>\n\n\n\n<p>En lo netamente musical, &#8220;<strong>Romper las C\u00e1psulas<\/strong>&#8221; expone el minimalismo entre ritmos industrial dance y rock electr\u00f3nico, con elementos sonoros de sintetizadores y guitarras de corte espacial.<\/p>\n\n\n\n<p>Siendo un debut, el&nbsp;<em>single<\/em>&nbsp;&#8216;<strong>Espejos<\/strong>&#8216; ya supera las seis mil visualizaciones&nbsp;y cuenta con seguidores en&nbsp;<strong>B\u00e9lgica<\/strong>,&nbsp;<strong>Estados Unidos<\/strong>&nbsp;y&nbsp;<strong>Latinoam\u00e9rica<\/strong>. Por lo que si lo tuyo va por las notas l\u00fagubres de&nbsp;<strong>Diavol Str\u00e2in<\/strong>,&nbsp;<strong>Boy Harsher<\/strong>,&nbsp;<strong>\u041c\u043e\u043b\u0447\u0430\u0442 \u0414\u043e\u043c\u0430<\/strong>,&nbsp;<strong>She Past Away<\/strong>,&nbsp;<strong>Lebanon Hanover<\/strong>&nbsp;o&nbsp;<strong>Selofan<\/strong>,&nbsp;<strong>Kalil<\/strong>&nbsp;ser\u00e1 parte de tu playlist.<\/p>\n\n\n\n<p>Revisa el clip &#8216;<strong>Espejos<\/strong>&#8216; a continuaci\u00f3n. &#8220;<strong>Romper las C\u00e1psulas<\/strong>&#8221; disponible en todas las plataformas v\u00eda streaming.<\/p>\n\n\n\n<figure class=\"wp-block-embed is-type-video is-provider-youtube wp-block-embed-youtube wp-embed-aspect-16-9 wp-has-aspect-ratio\"><div class=\"wp-block-embed__wrapper\">\n<div class=\"epyt-video-wrapper\"><iframe loading=\"lazy\"  id=\"_ytid_48515\"  width=\"800\" height=\"450\"  data-origwidth=\"800\" data-origheight=\"450\" src=\"https:\/\/www.youtube.com\/embed\/Bi9pdAAYLJ8?enablejsapi=1&#038;autoplay=0&#038;cc_load_policy=0&#038;cc_lang_pref=&#038;iv_load_policy=1&#038;loop=0&#038;rel=1&#038;fs=1&#038;playsinline=0&#038;autohide=2&#038;theme=dark&#038;color=red&#038;controls=1&#038;disablekb=0&#038;\" class=\"__youtube_prefs__  epyt-is-override  no-lazyload\" title=\"YouTube player\"  allow=\"fullscreen; accelerometer; autoplay; clipboard-write; encrypted-media; gyroscope; picture-in-picture; web-share\" referrerpolicy=\"strict-origin-when-cross-origin\" allowfullscreen data-no-lazy=\"1\" data-skipgform_ajax_framebjll=\"\"><\/iframe><\/div>\n<\/div><\/figure>\n","protected":false},"excerpt":{"rendered":"<div class=\"pvc_clear\"><\/div>\n<p id=\"pvc_stats_45402\" class=\"pvc_stats total_only  \" data-element-id=\"45402\" style=\"\"><i class=\"pvc-stats-icon large\" aria-hidden=\"true\"><svg aria-hidden=\"true\" focusable=\"false\" data-prefix=\"far\" data-icon=\"chart-bar\" role=\"img\" xmlns=\"http:\/\/www.w3.org\/2000\/svg\" viewBox=\"0 0 512 512\" class=\"svg-inline--fa fa-chart-bar fa-w-16 fa-2x\"><path fill=\"currentColor\" d=\"M396.8 352h22.4c6.4 0 12.8-6.4 12.8-12.8V108.8c0-6.4-6.4-12.8-12.8-12.8h-22.4c-6.4 0-12.8 6.4-12.8 12.8v230.4c0 6.4 6.4 12.8 12.8 12.8zm-192 0h22.4c6.4 0 12.8-6.4 12.8-12.8V140.8c0-6.4-6.4-12.8-12.8-12.8h-22.4c-6.4 0-12.8 6.4-12.8 12.8v198.4c0 6.4 6.4 12.8 12.8 12.8zm96 0h22.4c6.4 0 12.8-6.4 12.8-12.8V204.8c0-6.4-6.4-12.8-12.8-12.8h-22.4c-6.4 0-12.8 6.4-12.8 12.8v134.4c0 6.4 6.4 12.8 12.8 12.8zM496 400H48V80c0-8.84-7.16-16-16-16H16C7.16 64 0 71.16 0 80v336c0 17.67 14.33 32 32 32h464c8.84 0 16-7.16 16-16v-16c0-8.84-7.16-16-16-16zm-387.2-48h22.4c6.4 0 12.8-6.4 12.8-12.8v-70.4c0-6.4-6.4-12.8-12.8-12.8h-22.4c-6.4 0-12.8 6.4-12.8 12.8v70.4c0 6.4 6.4 12.8 12.8 12.8z\" class=\"\"><\/path><\/svg><\/i> <img loading=\"lazy\" decoding=\"async\" width=\"16\" height=\"16\" alt=\"Loading\" src=\"https:\/\/temucotelevision.cl\/web\/wp-content\/plugins\/page-views-count\/ajax-loader-2x.gif\" border=0 \/><\/p>\n<div class=\"pvc_clear\"><\/div>\n<p>&#8220;Romper las C\u00e1psulas&#8221; ya disponible. Revisa &#8216;Espejos&#8217;, su primer clip. El multiinstrumentista, sic\u00f3logo y compositor chileno\u00a0Gibr\u00e1n Harcha Bloomfield\u00a0(1988), es\u00a0Kalil, la<\/p>\n","protected":false},"author":143,"featured_media":45403,"comment_status":"open","ping_status":"open","sticky":false,"template":"","format":"standard","meta":{"colormag_page_container_layout":"default_layout","colormag_page_sidebar_layout":"default_layout","footnotes":""},"categories":[369],"tags":[],"class_list":["post-45402","post","type-post","status-publish","format-standard","has-post-thumbnail","hentry","category-musica"],"a3_pvc":{"activated":true,"total_views":78,"today_views":0},"_links":{"self":[{"href":"https:\/\/temucotelevision.cl\/web\/wp-json\/wp\/v2\/posts\/45402","targetHints":{"allow":["GET"]}}],"collection":[{"href":"https:\/\/temucotelevision.cl\/web\/wp-json\/wp\/v2\/posts"}],"about":[{"href":"https:\/\/temucotelevision.cl\/web\/wp-json\/wp\/v2\/types\/post"}],"author":[{"embeddable":true,"href":"https:\/\/temucotelevision.cl\/web\/wp-json\/wp\/v2\/users\/143"}],"replies":[{"embeddable":true,"href":"https:\/\/temucotelevision.cl\/web\/wp-json\/wp\/v2\/comments?post=45402"}],"version-history":[{"count":1,"href":"https:\/\/temucotelevision.cl\/web\/wp-json\/wp\/v2\/posts\/45402\/revisions"}],"predecessor-version":[{"id":45404,"href":"https:\/\/temucotelevision.cl\/web\/wp-json\/wp\/v2\/posts\/45402\/revisions\/45404"}],"wp:featuredmedia":[{"embeddable":true,"href":"https:\/\/temucotelevision.cl\/web\/wp-json\/wp\/v2\/media\/45403"}],"wp:attachment":[{"href":"https:\/\/temucotelevision.cl\/web\/wp-json\/wp\/v2\/media?parent=45402"}],"wp:term":[{"taxonomy":"category","embeddable":true,"href":"https:\/\/temucotelevision.cl\/web\/wp-json\/wp\/v2\/categories?post=45402"},{"taxonomy":"post_tag","embeddable":true,"href":"https:\/\/temucotelevision.cl\/web\/wp-json\/wp\/v2\/tags?post=45402"}],"curies":[{"name":"wp","href":"https:\/\/api.w.org\/{rel}","templated":true}]}}