{"id":45398,"date":"2023-10-16T18:22:19","date_gmt":"2023-10-16T21:22:19","guid":{"rendered":"https:\/\/temucotelevision.cl\/web\/?p=45398"},"modified":"2023-10-16T18:22:19","modified_gmt":"2023-10-16T21:22:19","slug":"morver-anuncia-cuarto-trabajo-discografico-con-nuevo-single-manan","status":"publish","type":"post","link":"https:\/\/temucotelevision.cl\/web\/2023\/10\/16\/morver-anuncia-cuarto-trabajo-discografico-con-nuevo-single-manan\/","title":{"rendered":"Morver anuncia cuarto trabajo discogr\u00e1fico con nuevo single: &#8216;Man\u00e1n&#8217;"},"content":{"rendered":"<div class=\"pvc_clear\"><\/div><p id=\"pvc_stats_45398\" class=\"pvc_stats total_only  \" data-element-id=\"45398\" style=\"\"><i class=\"pvc-stats-icon large\" aria-hidden=\"true\"><svg aria-hidden=\"true\" focusable=\"false\" data-prefix=\"far\" data-icon=\"chart-bar\" role=\"img\" xmlns=\"http:\/\/www.w3.org\/2000\/svg\" viewBox=\"0 0 512 512\" class=\"svg-inline--fa fa-chart-bar fa-w-16 fa-2x\"><path fill=\"currentColor\" d=\"M396.8 352h22.4c6.4 0 12.8-6.4 12.8-12.8V108.8c0-6.4-6.4-12.8-12.8-12.8h-22.4c-6.4 0-12.8 6.4-12.8 12.8v230.4c0 6.4 6.4 12.8 12.8 12.8zm-192 0h22.4c6.4 0 12.8-6.4 12.8-12.8V140.8c0-6.4-6.4-12.8-12.8-12.8h-22.4c-6.4 0-12.8 6.4-12.8 12.8v198.4c0 6.4 6.4 12.8 12.8 12.8zm96 0h22.4c6.4 0 12.8-6.4 12.8-12.8V204.8c0-6.4-6.4-12.8-12.8-12.8h-22.4c-6.4 0-12.8 6.4-12.8 12.8v134.4c0 6.4 6.4 12.8 12.8 12.8zM496 400H48V80c0-8.84-7.16-16-16-16H16C7.16 64 0 71.16 0 80v336c0 17.67 14.33 32 32 32h464c8.84 0 16-7.16 16-16v-16c0-8.84-7.16-16-16-16zm-387.2-48h22.4c6.4 0 12.8-6.4 12.8-12.8v-70.4c0-6.4-6.4-12.8-12.8-12.8h-22.4c-6.4 0-12.8 6.4-12.8 12.8v70.4c0 6.4 6.4 12.8 12.8 12.8z\" class=\"\"><\/path><\/svg><\/i> <img loading=\"lazy\" decoding=\"async\" width=\"16\" height=\"16\" alt=\"Loading\" src=\"https:\/\/temucotelevision.cl\/web\/wp-content\/plugins\/page-views-count\/ajax-loader-2x.gif\" border=0 \/><\/p><div class=\"pvc_clear\"><\/div>\n<p class=\"has-medium-font-size\"><strong>Grabado en Orange Studio con\u00a0la supervisi\u00f3n de Erick Mart\u00ednez.<\/strong><\/p>\n\n\n\n<p>Seis a\u00f1os pasaron para que la revelaci\u00f3n del progresivo mel\u00f3dico,&nbsp;<strong>Morver<\/strong>, volviera a la palestra musical con un conmovedor&nbsp;<strong>nuevo sencillo<\/strong>.<\/p>\n\n\n\n<p>Se trata de &#8216;<strong>Man\u00e1n<\/strong>&#8216;, registro oficializado en julio del presente a\u00f1o, cuyo videoclip lo podr\u00e1s ver al cierre de la nota.<\/p>\n\n\n\n<p>Para &#8220;<strong>Peste<\/strong>&#8220;, la\u00a0<strong>cuarta producci\u00f3n de la banda\u00a0a liberarse en noviembre<\/strong>\u00a0(sumado al EP demo &#8220;<strong>Neverending<\/strong>&#8221; de 2016 y su \u00e1lbum en vivo &#8220;<strong>Renacer Primordial: Live SCD<\/strong>&#8220;), se mantiene con su\u00a0frontman<strong> Carlos Gonz\u00e1lez<\/strong>\u00a0(voz) y\u00a0<strong>Christian Cruz<\/strong>\u00a0(bajo), adem\u00e1s de fichar al\u00a0<strong>baterista de sesi\u00f3n Rodrigo Leiva<\/strong>\u00a0(Plegaria, Fiebre Septica, Infecto Paranoia, etc.) a las jornadas de grabaci\u00f3n.<\/p>\n\n\n\n<p>Compuesto por su l\u00edder,&nbsp;<strong>Marcelo Fuenzalida<\/strong>&nbsp;(guitarra), bajo la producci\u00f3n del&nbsp;<strong>Erick Martinez<\/strong>&nbsp;(Recrucide, Quique Neira, As\u00edncrono) en<strong>&nbsp;Orange Studio<\/strong>, la obra da golpe de tim\u00f3n a lo conocido previamente en su cat\u00e1logo, esta vez direccionado hacia una beta roquera y pasajes de firma propia que los tuvo levantando presea en los&nbsp;<strong>Premios Escuchar<\/strong>&nbsp;(ver m\u00e1s abajo).<\/p>\n\n\n\n<p><strong>Al respecto, su vocalista comenta que la primera muestra del larga duraci\u00f3n \u201ctrata de como transformamos una idea en una pieza de arte que representa una extensi\u00f3n de nuestra conciencia, torn\u00e1ndose en seres trascendentales a nuestro deceso. Es esa idea art\u00edstica la que nos torna por unos instantes en dioses\u201d.<\/strong><\/p>\n\n\n\n<p>&#8220;<strong>Peste<\/strong>&#8221; fue compuesto en 2021 y cont\u00f3 con una preproducci\u00f3n al a\u00f1o siguiente por&nbsp;<strong>Carlos Fuentes<\/strong>&nbsp;en&nbsp;<strong>Sonido Origen Estudio<\/strong>. Tras la pandemia, las pistas fueron grabadas, mezcladas y masterizadas durante este 2023 por Mart\u00ednez. La banda lo detalla a continuaci\u00f3n:<\/p>\n\n\n\n<p>\u201cEste nuevo disco de estudio es un giro de la banda a un estilo m\u00e1s cargado al rock,\u00a0<strong>rememorando sonidos de estilos como el grunge y el Nu Metal<\/strong>, pero sin perder la esencia de su primer disco \u201c<strong>Staying in the Abyss<\/strong>\u201d (2017)\u00a0[&#8230;]\u00a0<strong>Morver<\/strong>\u00a0ha dejado atr\u00e1s las voces guturales de su primer disco, a esto se suma el uso del espa\u00f1ol como el idioma para transmitir sus letras, buscando generar una mayor conexi\u00f3n con el p\u00fablico hispanoparlante.\u201d<\/p>\n\n\n\n<figure class=\"wp-block-embed is-type-video is-provider-youtube wp-block-embed-youtube wp-embed-aspect-16-9 wp-has-aspect-ratio\"><div class=\"wp-block-embed__wrapper\">\n<div class=\"epyt-video-wrapper\"><iframe loading=\"lazy\"  id=\"_ytid_54272\"  width=\"800\" height=\"450\"  data-origwidth=\"800\" data-origheight=\"450\" src=\"https:\/\/www.youtube.com\/embed\/yzjjDFQRHuM?enablejsapi=1&#038;autoplay=0&#038;cc_load_policy=0&#038;cc_lang_pref=&#038;iv_load_policy=1&#038;loop=0&#038;rel=1&#038;fs=1&#038;playsinline=0&#038;autohide=2&#038;theme=dark&#038;color=red&#038;controls=1&#038;disablekb=0&#038;\" class=\"__youtube_prefs__  epyt-is-override  no-lazyload\" title=\"YouTube player\"  allow=\"fullscreen; accelerometer; autoplay; clipboard-write; encrypted-media; gyroscope; picture-in-picture; web-share\" referrerpolicy=\"strict-origin-when-cross-origin\" allowfullscreen data-no-lazy=\"1\" data-skipgform_ajax_framebjll=\"\"><\/iframe><\/div>\n<\/div><\/figure>\n","protected":false},"excerpt":{"rendered":"<div class=\"pvc_clear\"><\/div>\n<p id=\"pvc_stats_45398\" class=\"pvc_stats total_only  \" data-element-id=\"45398\" style=\"\"><i class=\"pvc-stats-icon large\" aria-hidden=\"true\"><svg aria-hidden=\"true\" focusable=\"false\" data-prefix=\"far\" data-icon=\"chart-bar\" role=\"img\" xmlns=\"http:\/\/www.w3.org\/2000\/svg\" viewBox=\"0 0 512 512\" class=\"svg-inline--fa fa-chart-bar fa-w-16 fa-2x\"><path fill=\"currentColor\" d=\"M396.8 352h22.4c6.4 0 12.8-6.4 12.8-12.8V108.8c0-6.4-6.4-12.8-12.8-12.8h-22.4c-6.4 0-12.8 6.4-12.8 12.8v230.4c0 6.4 6.4 12.8 12.8 12.8zm-192 0h22.4c6.4 0 12.8-6.4 12.8-12.8V140.8c0-6.4-6.4-12.8-12.8-12.8h-22.4c-6.4 0-12.8 6.4-12.8 12.8v198.4c0 6.4 6.4 12.8 12.8 12.8zm96 0h22.4c6.4 0 12.8-6.4 12.8-12.8V204.8c0-6.4-6.4-12.8-12.8-12.8h-22.4c-6.4 0-12.8 6.4-12.8 12.8v134.4c0 6.4 6.4 12.8 12.8 12.8zM496 400H48V80c0-8.84-7.16-16-16-16H16C7.16 64 0 71.16 0 80v336c0 17.67 14.33 32 32 32h464c8.84 0 16-7.16 16-16v-16c0-8.84-7.16-16-16-16zm-387.2-48h22.4c6.4 0 12.8-6.4 12.8-12.8v-70.4c0-6.4-6.4-12.8-12.8-12.8h-22.4c-6.4 0-12.8 6.4-12.8 12.8v70.4c0 6.4 6.4 12.8 12.8 12.8z\" class=\"\"><\/path><\/svg><\/i> <img loading=\"lazy\" decoding=\"async\" width=\"16\" height=\"16\" alt=\"Loading\" src=\"https:\/\/temucotelevision.cl\/web\/wp-content\/plugins\/page-views-count\/ajax-loader-2x.gif\" border=0 \/><\/p>\n<div class=\"pvc_clear\"><\/div>\n<p>Grabado en Orange Studio con\u00a0la supervisi\u00f3n de Erick Mart\u00ednez. Seis a\u00f1os pasaron para que la revelaci\u00f3n del progresivo mel\u00f3dico,&nbsp;Morver, volviera<\/p>\n","protected":false},"author":143,"featured_media":45399,"comment_status":"open","ping_status":"open","sticky":false,"template":"","format":"standard","meta":{"colormag_page_container_layout":"default_layout","colormag_page_sidebar_layout":"default_layout","footnotes":""},"categories":[369],"tags":[],"class_list":["post-45398","post","type-post","status-publish","format-standard","has-post-thumbnail","hentry","category-musica"],"a3_pvc":{"activated":true,"total_views":44,"today_views":0},"_links":{"self":[{"href":"https:\/\/temucotelevision.cl\/web\/wp-json\/wp\/v2\/posts\/45398","targetHints":{"allow":["GET"]}}],"collection":[{"href":"https:\/\/temucotelevision.cl\/web\/wp-json\/wp\/v2\/posts"}],"about":[{"href":"https:\/\/temucotelevision.cl\/web\/wp-json\/wp\/v2\/types\/post"}],"author":[{"embeddable":true,"href":"https:\/\/temucotelevision.cl\/web\/wp-json\/wp\/v2\/users\/143"}],"replies":[{"embeddable":true,"href":"https:\/\/temucotelevision.cl\/web\/wp-json\/wp\/v2\/comments?post=45398"}],"version-history":[{"count":2,"href":"https:\/\/temucotelevision.cl\/web\/wp-json\/wp\/v2\/posts\/45398\/revisions"}],"predecessor-version":[{"id":45401,"href":"https:\/\/temucotelevision.cl\/web\/wp-json\/wp\/v2\/posts\/45398\/revisions\/45401"}],"wp:featuredmedia":[{"embeddable":true,"href":"https:\/\/temucotelevision.cl\/web\/wp-json\/wp\/v2\/media\/45399"}],"wp:attachment":[{"href":"https:\/\/temucotelevision.cl\/web\/wp-json\/wp\/v2\/media?parent=45398"}],"wp:term":[{"taxonomy":"category","embeddable":true,"href":"https:\/\/temucotelevision.cl\/web\/wp-json\/wp\/v2\/categories?post=45398"},{"taxonomy":"post_tag","embeddable":true,"href":"https:\/\/temucotelevision.cl\/web\/wp-json\/wp\/v2\/tags?post=45398"}],"curies":[{"name":"wp","href":"https:\/\/api.w.org\/{rel}","templated":true}]}}