{"id":45391,"date":"2023-10-16T17:57:26","date_gmt":"2023-10-16T20:57:26","guid":{"rendered":"https:\/\/temucotelevision.cl\/web\/?p=45391"},"modified":"2023-10-16T17:57:26","modified_gmt":"2023-10-16T20:57:26","slug":"festival-loft-anuncia-fechas-de-version-primaveral-y-abre-convocatoria","status":"publish","type":"post","link":"https:\/\/temucotelevision.cl\/web\/2023\/10\/16\/festival-loft-anuncia-fechas-de-version-primaveral-y-abre-convocatoria\/","title":{"rendered":"Festival LOFT anuncia fechas de versi\u00f3n primaveral y abre convocatoria"},"content":{"rendered":"<div class=\"pvc_clear\"><\/div><p id=\"pvc_stats_45391\" class=\"pvc_stats total_only  \" data-element-id=\"45391\" style=\"\"><i class=\"pvc-stats-icon large\" aria-hidden=\"true\"><svg aria-hidden=\"true\" focusable=\"false\" data-prefix=\"far\" data-icon=\"chart-bar\" role=\"img\" xmlns=\"http:\/\/www.w3.org\/2000\/svg\" viewBox=\"0 0 512 512\" class=\"svg-inline--fa fa-chart-bar fa-w-16 fa-2x\"><path fill=\"currentColor\" d=\"M396.8 352h22.4c6.4 0 12.8-6.4 12.8-12.8V108.8c0-6.4-6.4-12.8-12.8-12.8h-22.4c-6.4 0-12.8 6.4-12.8 12.8v230.4c0 6.4 6.4 12.8 12.8 12.8zm-192 0h22.4c6.4 0 12.8-6.4 12.8-12.8V140.8c0-6.4-6.4-12.8-12.8-12.8h-22.4c-6.4 0-12.8 6.4-12.8 12.8v198.4c0 6.4 6.4 12.8 12.8 12.8zm96 0h22.4c6.4 0 12.8-6.4 12.8-12.8V204.8c0-6.4-6.4-12.8-12.8-12.8h-22.4c-6.4 0-12.8 6.4-12.8 12.8v134.4c0 6.4 6.4 12.8 12.8 12.8zM496 400H48V80c0-8.84-7.16-16-16-16H16C7.16 64 0 71.16 0 80v336c0 17.67 14.33 32 32 32h464c8.84 0 16-7.16 16-16v-16c0-8.84-7.16-16-16-16zm-387.2-48h22.4c6.4 0 12.8-6.4 12.8-12.8v-70.4c0-6.4-6.4-12.8-12.8-12.8h-22.4c-6.4 0-12.8 6.4-12.8 12.8v70.4c0 6.4 6.4 12.8 12.8 12.8z\" class=\"\"><\/path><\/svg><\/i> <img loading=\"lazy\" decoding=\"async\" width=\"16\" height=\"16\" alt=\"Loading\" src=\"https:\/\/temucotelevision.cl\/web\/wp-content\/plugins\/page-views-count\/ajax-loader-2x.gif\" border=0 \/><\/p><div class=\"pvc_clear\"><\/div>\n<p class=\"has-medium-font-size\"><strong> <\/strong><\/p>\n\n\n\n<p class=\"has-medium-font-size\"><strong>El Festival Internacional de Danza Contempor\u00e1nea LOFT \u201cEsferas de Impacto\u201d, es organizado desde el a\u00f1o 2011 por el Centro Cultural Esc\u00e9nica en Movimiento y est\u00e1 financiado por el Programa de Apoyo a organizaciones Culturales Colaboradoras (PAOCC) y el Fondo de Artes Esc\u00e9nicas, del Ministerio de las Culturas, las Artes y el Patrimonio.<\/strong> <strong>Inscripciones abiertas en el siguiente enlace <a href=\"https:\/\/docs.google.com\/forms\/d\/e\/1FAIpQLScVvtBxeDqbjCuMucmj8yvgb4VETbRprValkJThcUH-XKdg1w\/viewform\">Link<\/a>.<\/strong><\/p>\n\n\n\n<p>Una temporada primaveral recargada, con exhibiciones de montajes, espacios de formaci\u00f3n y encuentro con artistas y la comunidad, es lo que promete el Festival Internacional de <strong>Danza Contempor\u00e1nea LOFT<\/strong>, evento organizado por el Centro Cultural Esc\u00e9nica en <strong>Movimiento.<\/strong> As\u00ed bajo el lema <strong>&#8220;Esfera de Impacto\u201d,<\/strong> el festival se desplegar\u00e1 en distintos puntos de la ciudad &#8211; abiertos y cerrados- entre el <strong>16 y 29 de noviembre<\/strong> pr\u00f3ximo, hito esc\u00e9nico que arranc\u00f3 el primer semestre plante\u00e1ndose como un programa continuo que culminar\u00e1 en dicho mes.<\/p>\n\n\n\n<p>En este sentido, han sido siete meses de diversas actividades en que se han entrecruzado las distintas \u00e1reas de Esc\u00e9nica -como el programa <strong>Emfoco y Mediaci\u00f3n- con LOFT<\/strong> haciendo hincapi\u00e9 en los ejes de fomento a la creaci\u00f3n esc\u00e9nica local, a trav\u00e9s de iniciativas para profesionales de esta \u00e1rea; sensibilizaci\u00f3n de audiencias por medio del movimiento con actividades destinadas a la formaci\u00f3n de p\u00fablicos y mediaci\u00f3n; y exhibici\u00f3n extendida y participativa con la realizaci\u00f3n de \u201cEncuentro de experiencias creativas\u201d y programaci\u00f3n, destinados a abrir espacios de visionado de obras y di\u00e1logo con agrupaciones para la diversidad de comunidades.<\/p>\n\n\n\n<p>De esta forma este programa continuo ha desarrollado desde junio diversos hitos como las residencias <strong>\u201cLaboratorio art\u00edstico Crudo\u201d,<\/strong> con<strong> Jos\u00e9 Avil\u00e9s (Lima, Per\u00fa); \u201cCreatividad y conectividad\u201d, con Elizabeth Rodr\u00edguez (Santiago, Chile); \u201cCuerpo l\u00edquido\u201d, con Kattya Soto (Temuco, Chile); y concluyendo ahora en octubre con El\u00edas Cohen (Limache, Chile). Adem\u00e1s, se realizaron dos funciones de la obra \u201cDe Alta Densidad\u201d, de Alluitz Riezu Garc\u00eda (Valdivia, Chile); y los seminarios \u201cCo creaci\u00f3n esc\u00e9nica con comunidades\u201d, a cargo de Paula Aros (Santiago, Chile);<\/strong> y <strong>\u201cMimo corporal dram\u00e1tico\u201d<\/strong>, impartido por<strong> Yanet G\u00f3mez<\/strong> (Cuba).<\/p>\n\n\n\n<figure class=\"wp-block-image alignleft size-large is-resized\"><img loading=\"lazy\" decoding=\"async\" width=\"819\" height=\"1024\" src=\"https:\/\/temucotelevision.cl\/web\/wp-content\/uploads\/2023\/10\/Afiche-general-LOFT-819x1024.png\" alt=\"\" class=\"wp-image-45395\" style=\"aspect-ratio:0.7998046875;width:444px;height:auto\" srcset=\"https:\/\/temucotelevision.cl\/web\/wp-content\/uploads\/2023\/10\/Afiche-general-LOFT-819x1024.png 819w, https:\/\/temucotelevision.cl\/web\/wp-content\/uploads\/2023\/10\/Afiche-general-LOFT-768x960.png 768w, https:\/\/temucotelevision.cl\/web\/wp-content\/uploads\/2023\/10\/Afiche-general-LOFT-1229x1536.png 1229w, https:\/\/temucotelevision.cl\/web\/wp-content\/uploads\/2023\/10\/Afiche-general-LOFT-1639x2048.png 1639w\" sizes=\"auto, (max-width: 819px) 100vw, 819px\" \/><\/figure>\n\n\n\n<p>Importante de destacar que esta arista del evento naci\u00f3 el <strong>2020 en plena pandemia<\/strong> y que busca invitar a la ciudadan\u00eda a participar de las actividades de Esc\u00e9nica en Movimiento, pero m\u00e1s all\u00e1 de s\u00f3lo presenciar obras, sino que tambi\u00e9n, como un agente activo dentro del festival.<strong> \u201cProvocamos un espacio que vincule a un artista nacional y su trabajo creativo, junto a una comunidad en espec\u00edfico. La intenci\u00f3n de estas experiencias es ofrecer espacios abiertos y expansivos, que permitan trascender las propuestas creativas, involucrando nuevos cuerpos, historias y experiencias en la investigaci\u00f3n de los y las artistas, pero tambi\u00e9n, activar la participaci\u00f3n de nuevos agentes en la cultura de la danza y del festival, por medio de  experiencias significativas para todes\u201d<\/strong>, manifiesta Garrido.<\/p>\n\n\n\n<p>Para las y los interesados que quieran formar parte de<strong> \u201cEl cuerpo es presente\u201d -que se extender\u00e1 del 22 al 26 de noviembre,<\/strong> d\u00eda en que se realizar\u00e1 una muestra abierta a la comunidad a las 17.00 horas en el sector Cascada del Parque Ecuador bajo el nombre<strong> \u201cSer de aqu\u00ed\u201d<\/strong>&#8211; las inscripciones se puede hacer en el siguiente <strong><a href=\"https:\/\/docs.google.com\/forms\/d\/e\/1FAIpQLScVvtBxeDqbjCuMucmj8yvgb4VETbRprValkJThcUH-XKdg1w\/viewform\">Link<\/a><\/strong>.<\/p>\n\n\n\n<p>A grandes rasgos, este es un llamado para personas <strong>(entre 15 a 65 a\u00f1os de edad)<\/strong> con o sin experiencia en pr\u00e1cticas del movimiento, pero que s\u00ed mantengan alg\u00fan v\u00ednculo o inter\u00e9s en el lenguaje de la improvisaci\u00f3n; ya sea desde la voz, la escritura, el dibujo, la creaci\u00f3n, etc. Plazo de postulaci\u00f3n hasta el <strong>3 de noviembre<\/strong>, mientras que la n\u00f3mina con las\/los seleccionados se dar\u00e1 a conocer el 6 de noviembre. En total, <strong>son 20 cupos los disponibles para esta residencia creativa.<\/strong><\/p>\n\n\n\n<p>A trav\u00e9s de dos d\u00edas de conferencias &#8211;<strong>22 y 23 de noviembre en la Alianza Francesa<\/strong>&#8211; se podr\u00e1 analizar y reflexionar en base a las l\u00edneas tem\u00e1ticas de creaci\u00f3n art\u00edstica y sustentabilidad de la danza en nuestros territorios. Jornadas que ser\u00e1n guiadas por artistas y gestores de distintas<br>regiones de nuestro pa\u00eds, adem\u00e1s se incluir\u00e1 el lanzamiento de dos libros: <strong>\u201c\u00bfC\u00f3mo se sustenta la danza en Chile?\u201d Nueva investigaci\u00f3n del Observatorio de Pol\u00edticas Culturales, y \u201cEl cuerpo es presente\u201d, de Chery Matus, el cual significa el primer archivo de improvisaci\u00f3n que re\u00fane metodolog\u00edas sobre este tema en Chile.<\/strong><\/p>\n\n\n\n<p><strong>LOFT, <\/strong>es un <strong>Festival Internacional de Danza Contempor\u00e1nea<\/strong> que nace el 2011, como una temporada de danza en espacios no convencionales dentro de Concepci\u00f3n. Desde ese momento, se ha instalado como un lugar de exploraci\u00f3n esc\u00e9nica que genera constantemente nuevas propuestas e innovadores formatos de percibir el arte del movimiento, tanto para artistas independientes de la provincia de Concepci\u00f3n, como para artistas nacionales e internacionales.<\/p>\n\n\n\n<p class=\"has-medium-font-size\"><strong>Si deseas conocer m\u00e1s detalles de LOFT y todo lo que traer\u00e1 \u201cEsferas de Impacto\u201d en noviembre, visitar y seguir la cuenta de Instagram @escenicaenmovimiento o acceder a su sitio web www.escenicaenmovimiento.cl<\/strong><\/p>\n\n\n\n<p><\/p>\n","protected":false},"excerpt":{"rendered":"<div class=\"pvc_clear\"><\/div>\n<p id=\"pvc_stats_45391\" class=\"pvc_stats total_only  \" data-element-id=\"45391\" style=\"\"><i class=\"pvc-stats-icon large\" aria-hidden=\"true\"><svg aria-hidden=\"true\" focusable=\"false\" data-prefix=\"far\" data-icon=\"chart-bar\" role=\"img\" xmlns=\"http:\/\/www.w3.org\/2000\/svg\" viewBox=\"0 0 512 512\" class=\"svg-inline--fa fa-chart-bar fa-w-16 fa-2x\"><path fill=\"currentColor\" d=\"M396.8 352h22.4c6.4 0 12.8-6.4 12.8-12.8V108.8c0-6.4-6.4-12.8-12.8-12.8h-22.4c-6.4 0-12.8 6.4-12.8 12.8v230.4c0 6.4 6.4 12.8 12.8 12.8zm-192 0h22.4c6.4 0 12.8-6.4 12.8-12.8V140.8c0-6.4-6.4-12.8-12.8-12.8h-22.4c-6.4 0-12.8 6.4-12.8 12.8v198.4c0 6.4 6.4 12.8 12.8 12.8zm96 0h22.4c6.4 0 12.8-6.4 12.8-12.8V204.8c0-6.4-6.4-12.8-12.8-12.8h-22.4c-6.4 0-12.8 6.4-12.8 12.8v134.4c0 6.4 6.4 12.8 12.8 12.8zM496 400H48V80c0-8.84-7.16-16-16-16H16C7.16 64 0 71.16 0 80v336c0 17.67 14.33 32 32 32h464c8.84 0 16-7.16 16-16v-16c0-8.84-7.16-16-16-16zm-387.2-48h22.4c6.4 0 12.8-6.4 12.8-12.8v-70.4c0-6.4-6.4-12.8-12.8-12.8h-22.4c-6.4 0-12.8 6.4-12.8 12.8v70.4c0 6.4 6.4 12.8 12.8 12.8z\" class=\"\"><\/path><\/svg><\/i> <img loading=\"lazy\" decoding=\"async\" width=\"16\" height=\"16\" alt=\"Loading\" src=\"https:\/\/temucotelevision.cl\/web\/wp-content\/plugins\/page-views-count\/ajax-loader-2x.gif\" border=0 \/><\/p>\n<div class=\"pvc_clear\"><\/div>\n<p>El Festival Internacional de Danza Contempor\u00e1nea LOFT \u201cEsferas de Impacto\u201d, es organizado desde el a\u00f1o 2011 por el Centro Cultural<\/p>\n","protected":false},"author":143,"featured_media":45397,"comment_status":"open","ping_status":"open","sticky":false,"template":"","format":"standard","meta":{"colormag_page_container_layout":"default_layout","colormag_page_sidebar_layout":"default_layout","footnotes":""},"categories":[18,86],"tags":[],"class_list":["post-45391","post","type-post","status-publish","format-standard","has-post-thumbnail","hentry","category-nacional","category-panoramas"],"a3_pvc":{"activated":true,"total_views":60,"today_views":0},"_links":{"self":[{"href":"https:\/\/temucotelevision.cl\/web\/wp-json\/wp\/v2\/posts\/45391","targetHints":{"allow":["GET"]}}],"collection":[{"href":"https:\/\/temucotelevision.cl\/web\/wp-json\/wp\/v2\/posts"}],"about":[{"href":"https:\/\/temucotelevision.cl\/web\/wp-json\/wp\/v2\/types\/post"}],"author":[{"embeddable":true,"href":"https:\/\/temucotelevision.cl\/web\/wp-json\/wp\/v2\/users\/143"}],"replies":[{"embeddable":true,"href":"https:\/\/temucotelevision.cl\/web\/wp-json\/wp\/v2\/comments?post=45391"}],"version-history":[{"count":2,"href":"https:\/\/temucotelevision.cl\/web\/wp-json\/wp\/v2\/posts\/45391\/revisions"}],"predecessor-version":[{"id":45396,"href":"https:\/\/temucotelevision.cl\/web\/wp-json\/wp\/v2\/posts\/45391\/revisions\/45396"}],"wp:featuredmedia":[{"embeddable":true,"href":"https:\/\/temucotelevision.cl\/web\/wp-json\/wp\/v2\/media\/45397"}],"wp:attachment":[{"href":"https:\/\/temucotelevision.cl\/web\/wp-json\/wp\/v2\/media?parent=45391"}],"wp:term":[{"taxonomy":"category","embeddable":true,"href":"https:\/\/temucotelevision.cl\/web\/wp-json\/wp\/v2\/categories?post=45391"},{"taxonomy":"post_tag","embeddable":true,"href":"https:\/\/temucotelevision.cl\/web\/wp-json\/wp\/v2\/tags?post=45391"}],"curies":[{"name":"wp","href":"https:\/\/api.w.org\/{rel}","templated":true}]}}