{"id":45386,"date":"2023-10-16T16:50:53","date_gmt":"2023-10-16T19:50:53","guid":{"rendered":"https:\/\/temucotelevision.cl\/web\/?p=45386"},"modified":"2023-10-16T16:50:54","modified_gmt":"2023-10-16T19:50:54","slug":"banda-nacional-dead-kings-anuncia-su-esperado-concierto-en-vivo","status":"publish","type":"post","link":"https:\/\/temucotelevision.cl\/web\/2023\/10\/16\/banda-nacional-dead-kings-anuncia-su-esperado-concierto-en-vivo\/","title":{"rendered":"Banda nacional Dead Kings anuncia su esperado concierto en vivo"},"content":{"rendered":"<div class=\"pvc_clear\"><\/div><p id=\"pvc_stats_45386\" class=\"pvc_stats total_only  \" data-element-id=\"45386\" style=\"\"><i class=\"pvc-stats-icon large\" aria-hidden=\"true\"><svg aria-hidden=\"true\" focusable=\"false\" data-prefix=\"far\" data-icon=\"chart-bar\" role=\"img\" xmlns=\"http:\/\/www.w3.org\/2000\/svg\" viewBox=\"0 0 512 512\" class=\"svg-inline--fa fa-chart-bar fa-w-16 fa-2x\"><path fill=\"currentColor\" d=\"M396.8 352h22.4c6.4 0 12.8-6.4 12.8-12.8V108.8c0-6.4-6.4-12.8-12.8-12.8h-22.4c-6.4 0-12.8 6.4-12.8 12.8v230.4c0 6.4 6.4 12.8 12.8 12.8zm-192 0h22.4c6.4 0 12.8-6.4 12.8-12.8V140.8c0-6.4-6.4-12.8-12.8-12.8h-22.4c-6.4 0-12.8 6.4-12.8 12.8v198.4c0 6.4 6.4 12.8 12.8 12.8zm96 0h22.4c6.4 0 12.8-6.4 12.8-12.8V204.8c0-6.4-6.4-12.8-12.8-12.8h-22.4c-6.4 0-12.8 6.4-12.8 12.8v134.4c0 6.4 6.4 12.8 12.8 12.8zM496 400H48V80c0-8.84-7.16-16-16-16H16C7.16 64 0 71.16 0 80v336c0 17.67 14.33 32 32 32h464c8.84 0 16-7.16 16-16v-16c0-8.84-7.16-16-16-16zm-387.2-48h22.4c6.4 0 12.8-6.4 12.8-12.8v-70.4c0-6.4-6.4-12.8-12.8-12.8h-22.4c-6.4 0-12.8 6.4-12.8 12.8v70.4c0 6.4 6.4 12.8 12.8 12.8z\" class=\"\"><\/path><\/svg><\/i> <img loading=\"lazy\" decoding=\"async\" width=\"16\" height=\"16\" alt=\"Loading\" src=\"https:\/\/temucotelevision.cl\/web\/wp-content\/plugins\/page-views-count\/ajax-loader-2x.gif\" border=0 \/><\/p><div class=\"pvc_clear\"><\/div>\n<p class=\"has-medium-font-size\"><strong>La agrupaci\u00f3n de rock, inspirada en los sonidos alternativos de los \u201990, se presentar\u00e1 en Club Subterr\u00e1neo.<\/strong><\/p>\n\n\n\n<p>La escena chilena del&nbsp;<strong>rock&nbsp;<\/strong>tiene nuevos exponentes. Se trata de&nbsp;<strong>Dead Kings<\/strong>, banda que lleg\u00f3 para refrescar este g\u00e9nero musical, con canciones modernas y electrizantes en las cuales fusionan la fuerza de los riffs de guitarra con mel\u00f3dicas voces y un sonido inspirado en el&nbsp;<strong>alt rock<\/strong>. Con dos singles estrenados y uno a punto de ver la luz, la agrupaci\u00f3n nacional se presentar\u00e1 el pr\u00f3ximo<strong>&nbsp;2 de noviembre, a las 20:00 horas, en Club Subterr\u00e1neo de Providencia. Entradas disponibles en&nbsp;<a href=\"https:\/\/trackercl1.fidelizador.com\/L107FAB3EGE17DDB3AH10F31CD4JF4E46BCFF8K107FAB3E9402F614C0FE83AC2A8B&amp;t=5997\" rel=\"noreferrer noopener\" target=\"_blank\">Ticketplus<\/a><\/strong>.<\/p>\n\n\n\n<p><strong>Dead Kings\u00a0<\/strong>est\u00e1 formada por<strong>\u00a0Raimundo Solar (bater\u00eda), Diego \u00c1lvarez (voz), Diego Edwards (guitarra), Mart\u00edn Schmidt (guitarra)<\/strong>\u00a0y<strong>\u00a0Mat\u00edas Letelier (bajo)<\/strong>\u00a0y su proyecto musical cuenta con la producci\u00f3n del ic\u00f3nico m\u00fasico y productor chileno\u00a0<strong>C-Funk<\/strong>, quien ha colaborado con bandas como Los Tetas y Chancho en Piedra, entre otras.<\/p>\n\n\n\n<p>Para la agrupaci\u00f3n, el&nbsp;<strong>rock<\/strong>&nbsp;est\u00e1 m\u00e1s vivo que nunca, por lo que han desarrollado un potente sonido con mensajes llenos de rabia, adrenalina, esperanza y pasi\u00f3n. En sus letras, en tanto, expresan desde una mirada contempor\u00e1nea, todo aquello que les inquieta, a partir de reflexiones sobre los desaf\u00edos de la sociedad actual y su futuro.<\/p>\n\n\n\n<figure class=\"wp-block-image alignleft size-large is-resized\"><img loading=\"lazy\" decoding=\"async\" width=\"1024\" height=\"1024\" src=\"https:\/\/temucotelevision.cl\/web\/wp-content\/uploads\/2023\/10\/image-1-1024x1024.png\" alt=\"\" class=\"wp-image-45389\" style=\"aspect-ratio:1;width:384px;height:auto\" srcset=\"https:\/\/temucotelevision.cl\/web\/wp-content\/uploads\/2023\/10\/image-1-1024x1024.png 1024w, https:\/\/temucotelevision.cl\/web\/wp-content\/uploads\/2023\/10\/image-1-1000x1000.png 1000w, https:\/\/temucotelevision.cl\/web\/wp-content\/uploads\/2023\/10\/image-1-768x768.png 768w, https:\/\/temucotelevision.cl\/web\/wp-content\/uploads\/2023\/10\/image-1-150x150.png 150w, https:\/\/temucotelevision.cl\/web\/wp-content\/uploads\/2023\/10\/image-1.png 1200w\" sizes=\"auto, (max-width: 1024px) 100vw, 1024px\" \/><\/figure>\n\n\n\n<p><strong>Dead Kings<\/strong>&nbsp;ha estrenado dos singles,<strong>&nbsp;<a href=\"https:\/\/trackercl1.fidelizador.com\/L107FAB3EGE17DDB3AH10F31CD4JF4E46BCF61K107FAB3E9402F614C0FE83AC2A8B&amp;t=5997\" rel=\"noreferrer noopener\" target=\"_blank\">\u201cThe Interview\u201d<\/a>&nbsp;<\/strong>e<strong>&nbsp;<a href=\"https:\/\/trackercl1.fidelizador.com\/L107FAB3EGE17DDB3AH10F31CD4JF4E46BCFDDK107FAB3E9402F614C0FE83AC2A8B&amp;t=5997\" rel=\"noreferrer noopener\" target=\"_blank\">\u201cInside\u201d<\/a><\/strong>, con los que se est\u00e1n haciendo de un nombre en la m\u00fasica nacional. Pr\u00f3ximamente, la banda presentar\u00e1 un nuevo tema, el que tambi\u00e9n ser\u00e1 parte de su&nbsp;<strong>disco debut<\/strong>.<\/p>\n\n\n\n<p>En su concierto del<strong>&nbsp;2 de noviembre en Club Subterr\u00e1neo<\/strong>,&nbsp;<strong>Dead Kings<\/strong>&nbsp;estar\u00e1 acompa\u00f1ado por<strong>&nbsp;Hat-Trick,<\/strong>&nbsp;banda que abrir\u00e1 esta cita con el p\u00fablico de Santiago. Hat-trick, es un power tr\u00edo de<strong>&nbsp;\u201cpop progresivo\u201d<\/strong>&nbsp;-como ellos se han denominado- integrado por&nbsp;<strong>Am\u00e9rica Paz (bajo y voz), Koke Benavides (guitarra)&nbsp;<\/strong>y<strong>&nbsp;Alfonso Skandor (baterista)<\/strong>, que en esta oportunidad mostrar\u00e1n sus singles de estudio m\u00e1s algunas composiciones del \u00e1lbum que lanzar\u00e1n en&nbsp;<strong>2024<\/strong>.<\/p>\n","protected":false},"excerpt":{"rendered":"<div class=\"pvc_clear\"><\/div>\n<p id=\"pvc_stats_45386\" class=\"pvc_stats total_only  \" data-element-id=\"45386\" style=\"\"><i class=\"pvc-stats-icon large\" aria-hidden=\"true\"><svg aria-hidden=\"true\" focusable=\"false\" data-prefix=\"far\" data-icon=\"chart-bar\" role=\"img\" xmlns=\"http:\/\/www.w3.org\/2000\/svg\" viewBox=\"0 0 512 512\" class=\"svg-inline--fa fa-chart-bar fa-w-16 fa-2x\"><path fill=\"currentColor\" d=\"M396.8 352h22.4c6.4 0 12.8-6.4 12.8-12.8V108.8c0-6.4-6.4-12.8-12.8-12.8h-22.4c-6.4 0-12.8 6.4-12.8 12.8v230.4c0 6.4 6.4 12.8 12.8 12.8zm-192 0h22.4c6.4 0 12.8-6.4 12.8-12.8V140.8c0-6.4-6.4-12.8-12.8-12.8h-22.4c-6.4 0-12.8 6.4-12.8 12.8v198.4c0 6.4 6.4 12.8 12.8 12.8zm96 0h22.4c6.4 0 12.8-6.4 12.8-12.8V204.8c0-6.4-6.4-12.8-12.8-12.8h-22.4c-6.4 0-12.8 6.4-12.8 12.8v134.4c0 6.4 6.4 12.8 12.8 12.8zM496 400H48V80c0-8.84-7.16-16-16-16H16C7.16 64 0 71.16 0 80v336c0 17.67 14.33 32 32 32h464c8.84 0 16-7.16 16-16v-16c0-8.84-7.16-16-16-16zm-387.2-48h22.4c6.4 0 12.8-6.4 12.8-12.8v-70.4c0-6.4-6.4-12.8-12.8-12.8h-22.4c-6.4 0-12.8 6.4-12.8 12.8v70.4c0 6.4 6.4 12.8 12.8 12.8z\" class=\"\"><\/path><\/svg><\/i> <img loading=\"lazy\" decoding=\"async\" width=\"16\" height=\"16\" alt=\"Loading\" src=\"https:\/\/temucotelevision.cl\/web\/wp-content\/plugins\/page-views-count\/ajax-loader-2x.gif\" border=0 \/><\/p>\n<div class=\"pvc_clear\"><\/div>\n<p>La agrupaci\u00f3n de rock, inspirada en los sonidos alternativos de los \u201990, se presentar\u00e1 en Club Subterr\u00e1neo. La escena chilena<\/p>\n","protected":false},"author":143,"featured_media":45387,"comment_status":"open","ping_status":"open","sticky":false,"template":"","format":"standard","meta":{"colormag_page_container_layout":"default_layout","colormag_page_sidebar_layout":"default_layout","footnotes":""},"categories":[369],"tags":[],"class_list":["post-45386","post","type-post","status-publish","format-standard","has-post-thumbnail","hentry","category-musica"],"a3_pvc":{"activated":true,"total_views":41,"today_views":0},"_links":{"self":[{"href":"https:\/\/temucotelevision.cl\/web\/wp-json\/wp\/v2\/posts\/45386","targetHints":{"allow":["GET"]}}],"collection":[{"href":"https:\/\/temucotelevision.cl\/web\/wp-json\/wp\/v2\/posts"}],"about":[{"href":"https:\/\/temucotelevision.cl\/web\/wp-json\/wp\/v2\/types\/post"}],"author":[{"embeddable":true,"href":"https:\/\/temucotelevision.cl\/web\/wp-json\/wp\/v2\/users\/143"}],"replies":[{"embeddable":true,"href":"https:\/\/temucotelevision.cl\/web\/wp-json\/wp\/v2\/comments?post=45386"}],"version-history":[{"count":2,"href":"https:\/\/temucotelevision.cl\/web\/wp-json\/wp\/v2\/posts\/45386\/revisions"}],"predecessor-version":[{"id":45390,"href":"https:\/\/temucotelevision.cl\/web\/wp-json\/wp\/v2\/posts\/45386\/revisions\/45390"}],"wp:featuredmedia":[{"embeddable":true,"href":"https:\/\/temucotelevision.cl\/web\/wp-json\/wp\/v2\/media\/45387"}],"wp:attachment":[{"href":"https:\/\/temucotelevision.cl\/web\/wp-json\/wp\/v2\/media?parent=45386"}],"wp:term":[{"taxonomy":"category","embeddable":true,"href":"https:\/\/temucotelevision.cl\/web\/wp-json\/wp\/v2\/categories?post=45386"},{"taxonomy":"post_tag","embeddable":true,"href":"https:\/\/temucotelevision.cl\/web\/wp-json\/wp\/v2\/tags?post=45386"}],"curies":[{"name":"wp","href":"https:\/\/api.w.org\/{rel}","templated":true}]}}