{"id":45383,"date":"2023-10-16T16:29:17","date_gmt":"2023-10-16T19:29:17","guid":{"rendered":"https:\/\/temucotelevision.cl\/web\/?p=45383"},"modified":"2023-10-16T16:29:17","modified_gmt":"2023-10-16T19:29:17","slug":"la-hipocresia-mato-al-gato-estrena-su-potente-single-lml-no-lograras-vencerme","status":"publish","type":"post","link":"https:\/\/temucotelevision.cl\/web\/2023\/10\/16\/la-hipocresia-mato-al-gato-estrena-su-potente-single-lml-no-lograras-vencerme\/","title":{"rendered":"La Hipocres\u00eda Mat\u00f3 al Gato estrena su potente single \u201clml (No lograr\u00e1s vencerme)\u201d"},"content":{"rendered":"<div class=\"pvc_clear\"><\/div><p id=\"pvc_stats_45383\" class=\"pvc_stats total_only  \" data-element-id=\"45383\" style=\"\"><i class=\"pvc-stats-icon large\" aria-hidden=\"true\"><svg aria-hidden=\"true\" focusable=\"false\" data-prefix=\"far\" data-icon=\"chart-bar\" role=\"img\" xmlns=\"http:\/\/www.w3.org\/2000\/svg\" viewBox=\"0 0 512 512\" class=\"svg-inline--fa fa-chart-bar fa-w-16 fa-2x\"><path fill=\"currentColor\" d=\"M396.8 352h22.4c6.4 0 12.8-6.4 12.8-12.8V108.8c0-6.4-6.4-12.8-12.8-12.8h-22.4c-6.4 0-12.8 6.4-12.8 12.8v230.4c0 6.4 6.4 12.8 12.8 12.8zm-192 0h22.4c6.4 0 12.8-6.4 12.8-12.8V140.8c0-6.4-6.4-12.8-12.8-12.8h-22.4c-6.4 0-12.8 6.4-12.8 12.8v198.4c0 6.4 6.4 12.8 12.8 12.8zm96 0h22.4c6.4 0 12.8-6.4 12.8-12.8V204.8c0-6.4-6.4-12.8-12.8-12.8h-22.4c-6.4 0-12.8 6.4-12.8 12.8v134.4c0 6.4 6.4 12.8 12.8 12.8zM496 400H48V80c0-8.84-7.16-16-16-16H16C7.16 64 0 71.16 0 80v336c0 17.67 14.33 32 32 32h464c8.84 0 16-7.16 16-16v-16c0-8.84-7.16-16-16-16zm-387.2-48h22.4c6.4 0 12.8-6.4 12.8-12.8v-70.4c0-6.4-6.4-12.8-12.8-12.8h-22.4c-6.4 0-12.8 6.4-12.8 12.8v70.4c0 6.4 6.4 12.8 12.8 12.8z\" class=\"\"><\/path><\/svg><\/i> <img loading=\"lazy\" decoding=\"async\" width=\"16\" height=\"16\" alt=\"Loading\" src=\"https:\/\/temucotelevision.cl\/web\/wp-content\/plugins\/page-views-count\/ajax-loader-2x.gif\" border=0 \/><\/p><div class=\"pvc_clear\"><\/div>\n<p class=\"has-medium-font-size\"><strong>Este nuevo adelanto de su segundo disco es una arenga inspiradora para las personas que se encuentran viviendo una lucha interna.<\/strong><\/p>\n\n\n\n<p>Con una nueva propuesta musical el d\u00fao<strong>&nbsp;La Hipocres\u00eda Mat\u00f3 al Gato&nbsp;<\/strong>vuelve a los estrenos, esta vez con su single&nbsp;<strong>\u201clml (No lograr\u00e1s vencerme)\u201d<\/strong>, que ya est\u00e1 disponible en las&nbsp;<strong>plataformas digitales y YouTube<\/strong>. Con esta canci\u00f3n, que estrenan en medio de su gira&nbsp;<strong>\u2018Vamo` a Morir Tour 2023\u2019<\/strong>,&nbsp;<strong>Nicol\u00e1s Roa y Tom\u00e1s Cordero<\/strong>&nbsp;entregan un mensaje para aquellos que se enfrentan a sus propios demonios y desaf\u00edan las normas convencionales de la sociedad.<\/p>\n\n\n\n<p>Para la creaci\u00f3n de este tema, los integrantes de&nbsp;<strong>La Hipocres\u00eda Mat\u00f3 al Gato<\/strong>&nbsp;tomaron como base la premisa de que la vida es una constante batalla interna, ya sea con las dudas, el ego, la autocr\u00edtica y las expectativas impuestas por el resto.<\/p>\n\n\n\n<p>A trav\u00e9s de\u00a0<strong>\u201clml (No lograr\u00e1s vencerme)\u201d<\/strong>, y su contagioso estilo\u00a0<strong>rock funk<\/strong>, los m\u00fasicos le recuerdan al p\u00fablico que no est\u00e1n solos y que todas estas resistencias contra la conformidad, son valientes y necesarias. Del mismo modo, mediante este single resaltan que todas estas batallas son parte fundamental del crecimiento humano y el autodescubrimiento.<\/p>\n\n\n\n<p>Este estreno, viene acompa\u00f1ado de un videoclip donde se aprecia a un equipo de investigaci\u00f3n haciendo pruebas sobre diferentes objetos, bajo la observaci\u00f3n de dos maniqu\u00edes que luego tambi\u00e9n son parte de este ensayo. Sin embargo, durante el transcurso del video, los maniqu\u00edes cobran vida y toman revancha sobre las personas que iban a experimentar con ellos.<\/p>\n\n\n\n<p><strong>La Hipocres\u00eda Mat\u00f3 al Gato<\/strong>&nbsp;cuenta con una trayectoria que comenz\u00f3 en&nbsp;<strong>2020<\/strong>&nbsp;con una acertada propuesta que definen como \u2018multi-estil\u00edstica\u2019, ya que se desarrolla entre la diversidad de los g\u00e9neros musicales, junto a letras que abordan temas de sensibilidad contempor\u00e1nea.<\/p>\n\n\n\n<p>En estos d\u00edas, el d\u00fao se encuentra realizando las primeras fechas de su\u00a0<strong>\u2018Vamo` a Morir Tour 2023\u2019<\/strong>, el cual tiene como objetivo llevar al p\u00fablico por un imponente viaje sonoro y visual. Para esto, el show se apoya en visuales y luces de \u00faltima generaci\u00f3n que lograr\u00e1n una especial experiencia inmersiva donde sus canciones son las protagonistas.<\/p>\n\n\n\n<p><\/p>\n\n\n\n<p class=\"has-text-align-center has-medium-font-size\"><strong>Fechas ya realizadas de \u2018Vamo` a Morir Tour 2023\u2019<\/strong><\/p>\n\n\n\n<p class=\"has-text-align-center\">&#8211; 6 y 7 de octubre \/ Estudio Vinilo de Santiago<\/p>\n\n\n\n<p class=\"has-text-align-center\">&#8211; 11 de octubre \/ Bar Baradero de Puerto Montt<\/p>\n\n\n\n<p class=\"has-text-align-center\"><strong>Pr\u00f3ximas fechas de \u2018Vamo` a Morir Tour 2023\u2019<\/strong><\/p>\n\n\n\n<p class=\"has-text-align-center\">&#8211; 14 de octubre \/ Parque Estaci\u00f3n de Puerto Varas<\/p>\n\n\n\n<p class=\"has-text-align-center\">&#8211; 18 de octubre \/ Taberna Pirata de Osorno<\/p>\n\n\n\n<p class=\"has-text-align-center\">&#8211; 20 de octubre \/ Espacio en Construcci\u00f3n de Valdivia<\/p>\n\n\n\n<p class=\"has-text-align-center\">&#8211; 21 de octubre \/ Black Forest de Puc\u00f3n<\/p>\n\n\n\n<p class=\"has-text-align-center\">&#8211; 22 de octubre \/ Festhaus de Temuco (apertura Cuales i Quienes)<\/p>\n\n\n\n<p class=\"has-text-align-center\">&#8211; 24 de noviembre \/ Bar Magnolia de Chill\u00e1n<\/p>\n\n\n\n<p class=\"has-text-align-center\">&#8211; 25 de noviembre \/ Casa de Salud de Concepci\u00f3n<\/p>\n\n\n\n<figure class=\"wp-block-embed is-type-video is-provider-youtube wp-block-embed-youtube wp-embed-aspect-16-9 wp-has-aspect-ratio\"><div class=\"wp-block-embed__wrapper\">\n<div class=\"epyt-video-wrapper\"><iframe loading=\"lazy\"  id=\"_ytid_23612\"  width=\"800\" height=\"450\"  data-origwidth=\"800\" data-origheight=\"450\" src=\"https:\/\/www.youtube.com\/embed\/Uy3bg-CX4og?enablejsapi=1&#038;autoplay=0&#038;cc_load_policy=0&#038;cc_lang_pref=&#038;iv_load_policy=1&#038;loop=0&#038;rel=1&#038;fs=1&#038;playsinline=0&#038;autohide=2&#038;theme=dark&#038;color=red&#038;controls=1&#038;disablekb=0&#038;\" class=\"__youtube_prefs__  epyt-is-override  no-lazyload\" title=\"YouTube player\"  allow=\"fullscreen; accelerometer; autoplay; clipboard-write; encrypted-media; gyroscope; picture-in-picture; web-share\" referrerpolicy=\"strict-origin-when-cross-origin\" allowfullscreen data-no-lazy=\"1\" data-skipgform_ajax_framebjll=\"\"><\/iframe><\/div>\n<\/div><\/figure>\n","protected":false},"excerpt":{"rendered":"<div class=\"pvc_clear\"><\/div>\n<p id=\"pvc_stats_45383\" class=\"pvc_stats total_only  \" data-element-id=\"45383\" style=\"\"><i class=\"pvc-stats-icon large\" aria-hidden=\"true\"><svg aria-hidden=\"true\" focusable=\"false\" data-prefix=\"far\" data-icon=\"chart-bar\" role=\"img\" xmlns=\"http:\/\/www.w3.org\/2000\/svg\" viewBox=\"0 0 512 512\" class=\"svg-inline--fa fa-chart-bar fa-w-16 fa-2x\"><path fill=\"currentColor\" d=\"M396.8 352h22.4c6.4 0 12.8-6.4 12.8-12.8V108.8c0-6.4-6.4-12.8-12.8-12.8h-22.4c-6.4 0-12.8 6.4-12.8 12.8v230.4c0 6.4 6.4 12.8 12.8 12.8zm-192 0h22.4c6.4 0 12.8-6.4 12.8-12.8V140.8c0-6.4-6.4-12.8-12.8-12.8h-22.4c-6.4 0-12.8 6.4-12.8 12.8v198.4c0 6.4 6.4 12.8 12.8 12.8zm96 0h22.4c6.4 0 12.8-6.4 12.8-12.8V204.8c0-6.4-6.4-12.8-12.8-12.8h-22.4c-6.4 0-12.8 6.4-12.8 12.8v134.4c0 6.4 6.4 12.8 12.8 12.8zM496 400H48V80c0-8.84-7.16-16-16-16H16C7.16 64 0 71.16 0 80v336c0 17.67 14.33 32 32 32h464c8.84 0 16-7.16 16-16v-16c0-8.84-7.16-16-16-16zm-387.2-48h22.4c6.4 0 12.8-6.4 12.8-12.8v-70.4c0-6.4-6.4-12.8-12.8-12.8h-22.4c-6.4 0-12.8 6.4-12.8 12.8v70.4c0 6.4 6.4 12.8 12.8 12.8z\" class=\"\"><\/path><\/svg><\/i> <img loading=\"lazy\" decoding=\"async\" width=\"16\" height=\"16\" alt=\"Loading\" src=\"https:\/\/temucotelevision.cl\/web\/wp-content\/plugins\/page-views-count\/ajax-loader-2x.gif\" border=0 \/><\/p>\n<div class=\"pvc_clear\"><\/div>\n<p>Este nuevo adelanto de su segundo disco es una arenga inspiradora para las personas que se encuentran viviendo una lucha<\/p>\n","protected":false},"author":143,"featured_media":45384,"comment_status":"open","ping_status":"open","sticky":false,"template":"","format":"standard","meta":{"colormag_page_container_layout":"default_layout","colormag_page_sidebar_layout":"default_layout","footnotes":""},"categories":[369,86],"tags":[],"class_list":["post-45383","post","type-post","status-publish","format-standard","has-post-thumbnail","hentry","category-musica","category-panoramas"],"a3_pvc":{"activated":true,"total_views":85,"today_views":0},"_links":{"self":[{"href":"https:\/\/temucotelevision.cl\/web\/wp-json\/wp\/v2\/posts\/45383","targetHints":{"allow":["GET"]}}],"collection":[{"href":"https:\/\/temucotelevision.cl\/web\/wp-json\/wp\/v2\/posts"}],"about":[{"href":"https:\/\/temucotelevision.cl\/web\/wp-json\/wp\/v2\/types\/post"}],"author":[{"embeddable":true,"href":"https:\/\/temucotelevision.cl\/web\/wp-json\/wp\/v2\/users\/143"}],"replies":[{"embeddable":true,"href":"https:\/\/temucotelevision.cl\/web\/wp-json\/wp\/v2\/comments?post=45383"}],"version-history":[{"count":1,"href":"https:\/\/temucotelevision.cl\/web\/wp-json\/wp\/v2\/posts\/45383\/revisions"}],"predecessor-version":[{"id":45385,"href":"https:\/\/temucotelevision.cl\/web\/wp-json\/wp\/v2\/posts\/45383\/revisions\/45385"}],"wp:featuredmedia":[{"embeddable":true,"href":"https:\/\/temucotelevision.cl\/web\/wp-json\/wp\/v2\/media\/45384"}],"wp:attachment":[{"href":"https:\/\/temucotelevision.cl\/web\/wp-json\/wp\/v2\/media?parent=45383"}],"wp:term":[{"taxonomy":"category","embeddable":true,"href":"https:\/\/temucotelevision.cl\/web\/wp-json\/wp\/v2\/categories?post=45383"},{"taxonomy":"post_tag","embeddable":true,"href":"https:\/\/temucotelevision.cl\/web\/wp-json\/wp\/v2\/tags?post=45383"}],"curies":[{"name":"wp","href":"https:\/\/api.w.org\/{rel}","templated":true}]}}