{"id":4538,"date":"2019-07-01T09:36:48","date_gmt":"2019-07-01T12:36:48","guid":{"rendered":"https:\/\/temucotelevision.cl\/web\/?p=4538"},"modified":"2019-07-01T09:36:48","modified_gmt":"2019-07-01T12:36:48","slug":"carabineros-de-ercilla-detuvo-a-profugo-por-disparar-y-dejar-en-riesgo-vital-a-trabajador-forestal","status":"publish","type":"post","link":"https:\/\/temucotelevision.cl\/web\/2019\/07\/01\/carabineros-de-ercilla-detuvo-a-profugo-por-disparar-y-dejar-en-riesgo-vital-a-trabajador-forestal\/","title":{"rendered":"Carabineros de Ercilla detuvo a pr\u00f3fugo por disparar y dejar en riesgo vital a trabajador forestal"},"content":{"rendered":"<div class=\"pvc_clear\"><\/div>\n<p id=\"pvc_stats_4538\" class=\"pvc_stats total_only  \" data-element-id=\"4538\" style=\"\"><i class=\"pvc-stats-icon large\" aria-hidden=\"true\"><svg aria-hidden=\"true\" focusable=\"false\" data-prefix=\"far\" data-icon=\"chart-bar\" role=\"img\" xmlns=\"http:\/\/www.w3.org\/2000\/svg\" viewBox=\"0 0 512 512\" class=\"svg-inline--fa fa-chart-bar fa-w-16 fa-2x\"><path fill=\"currentColor\" d=\"M396.8 352h22.4c6.4 0 12.8-6.4 12.8-12.8V108.8c0-6.4-6.4-12.8-12.8-12.8h-22.4c-6.4 0-12.8 6.4-12.8 12.8v230.4c0 6.4 6.4 12.8 12.8 12.8zm-192 0h22.4c6.4 0 12.8-6.4 12.8-12.8V140.8c0-6.4-6.4-12.8-12.8-12.8h-22.4c-6.4 0-12.8 6.4-12.8 12.8v198.4c0 6.4 6.4 12.8 12.8 12.8zm96 0h22.4c6.4 0 12.8-6.4 12.8-12.8V204.8c0-6.4-6.4-12.8-12.8-12.8h-22.4c-6.4 0-12.8 6.4-12.8 12.8v134.4c0 6.4 6.4 12.8 12.8 12.8zM496 400H48V80c0-8.84-7.16-16-16-16H16C7.16 64 0 71.16 0 80v336c0 17.67 14.33 32 32 32h464c8.84 0 16-7.16 16-16v-16c0-8.84-7.16-16-16-16zm-387.2-48h22.4c6.4 0 12.8-6.4 12.8-12.8v-70.4c0-6.4-6.4-12.8-12.8-12.8h-22.4c-6.4 0-12.8 6.4-12.8 12.8v70.4c0 6.4 6.4 12.8 12.8 12.8z\" class=\"\"><\/path><\/svg><\/i> <img loading=\"lazy\" decoding=\"async\" width=\"16\" height=\"16\" alt=\"Loading\" src=\"https:\/\/temucotelevision.cl\/web\/wp-content\/plugins\/page-views-count\/ajax-loader-2x.gif\" border=0 \/><\/p>\n<div class=\"pvc_clear\"><\/div>\n<p style=\"text-align: justify;\">El ataque se registr\u00f3 el pasado 7 de junio en el sector rural de la comuna cuando la v\u00edctima fue atacada por el sospechoso, quien fue identificado y era ampliamente buscado. Tribunal fij\u00f3 60 d\u00edas para la investigaci\u00f3n.<\/p>\n<p style=\"text-align: justify;\">El trabajo profesional y comprometido de Carabineros de la Subcomisaria de Ercilla, permiti\u00f3 la detenci\u00f3n de J.P.Q.M. de 26 a\u00f1os quien era ampliamente buscado por la justicia y la ma\u00f1ana de este domingo fue presentado al Juzgado de Garant\u00eda de Collipulli, decret\u00e1ndose legal la detenci\u00f3n, prisi\u00f3n preventiva en su contra y un plazo de 60 d\u00edas para la investigaci\u00f3n respectiva.<\/p>\n<p style=\"text-align: justify;\">Esto, luego de ser identificado como el principal sospechoso de disparar en el abdomen a un trabajador forestal dej\u00e1ndolo en riesgo vital en Ercilla.<\/p>\n<p style=\"text-align: justify;\">Los hechos se remontan al 7 de junio de este a\u00f1o, cuando el trabajador realizaba faenas en el sector rural de la comuna fue agredido con un disparo de arma de fuego. De inmediato, se inici\u00f3 un trabajo profesional investigativo y de inteligencia, que permiti\u00f3 en primera instancia identificar al sospechoso y en las \u00faltimas horas su detenci\u00f3n por parte de Carabineros de Chile.<\/p>\n<p style=\"text-align: justify;\">El Mayor Mauricio Campos Torres, comisario de la 2a. Comisar\u00eda de Carabineros Collipulli, se\u00f1al\u00f3 que \u201cgracias al trabajo constante y profesional que realiza Carabineros de Chile d\u00eda a d\u00eda en todo el pa\u00eds y en especial la Subcomisaria de Ercilla, se logr\u00f3 sacar de circulaci\u00f3n a esta persona que era intensamente buscada y requerida por la justicia para que de esta manera el Ministerio P\u00fablico pueda continuar con las causas relacionadas con este detenido por distintos hechos delictivos\u201d.<\/p>\n<p style=\"text-align: justify;\">El procedimiento se gener\u00f3 en horas de la tarde del s\u00e1bado, en medio de patrullajes focalizados y controles preventivos en Avenida Ercilla esquina Tucapel, comuna de Ercilla.<\/p>\n<p style=\"text-align: justify;\">\u201cPersonal de Carabineros de la Subcomisaria de Ercilla que se encontraba realizando patrullajes focalizados identificaron a una persona de sexo masculino de 26 a\u00f1os de edad, que se manten\u00eda pr\u00f3fugo de la justicia por los delitos de homicidio y receptaci\u00f3n, siendo uno de los hechos m\u00e1s recientes el intento de homicidio contra un trabajador forestal que mientras realizaba trabajos en el sector rural de la comuna de Ercilla fue agredido con un disparo con un arma de fuego a la altura del abdomen\u201d, explic\u00f3 el Mayor Campos.<\/p>\n<p style=\"text-align: justify;\">La detenci\u00f3n de J.P.Q.M. fue informada al fiscal del caso quien dispuso que el imputado pase este domingo a primera audiencia para el control de la detenci\u00f3n en el Juzgado de Garant\u00eda de Collipulli.<\/p>\n<p style=\"text-align: justify;\">Hay que se\u00f1alar que al d\u00eda siguiente del intento de homicidio, en coordinaci\u00f3n ambas polic\u00edas con el apoyo de Fuerzas Especiales de Carabineros, ingresaron al domicilio del sospechoso sin dar con su paradero, por lo cual era intensamente buscado y los esfuerzos no cesaron hasta lograr su detenci\u00f3n este s\u00e1bado.<\/p>\n","protected":false},"excerpt":{"rendered":"<div class=\"pvc_clear\"><\/div>\n<p id=\"pvc_stats_4538\" class=\"pvc_stats total_only  \" data-element-id=\"4538\" style=\"\"><i class=\"pvc-stats-icon large\" aria-hidden=\"true\"><svg aria-hidden=\"true\" focusable=\"false\" data-prefix=\"far\" data-icon=\"chart-bar\" role=\"img\" xmlns=\"http:\/\/www.w3.org\/2000\/svg\" viewBox=\"0 0 512 512\" class=\"svg-inline--fa fa-chart-bar fa-w-16 fa-2x\"><path fill=\"currentColor\" d=\"M396.8 352h22.4c6.4 0 12.8-6.4 12.8-12.8V108.8c0-6.4-6.4-12.8-12.8-12.8h-22.4c-6.4 0-12.8 6.4-12.8 12.8v230.4c0 6.4 6.4 12.8 12.8 12.8zm-192 0h22.4c6.4 0 12.8-6.4 12.8-12.8V140.8c0-6.4-6.4-12.8-12.8-12.8h-22.4c-6.4 0-12.8 6.4-12.8 12.8v198.4c0 6.4 6.4 12.8 12.8 12.8zm96 0h22.4c6.4 0 12.8-6.4 12.8-12.8V204.8c0-6.4-6.4-12.8-12.8-12.8h-22.4c-6.4 0-12.8 6.4-12.8 12.8v134.4c0 6.4 6.4 12.8 12.8 12.8zM496 400H48V80c0-8.84-7.16-16-16-16H16C7.16 64 0 71.16 0 80v336c0 17.67 14.33 32 32 32h464c8.84 0 16-7.16 16-16v-16c0-8.84-7.16-16-16-16zm-387.2-48h22.4c6.4 0 12.8-6.4 12.8-12.8v-70.4c0-6.4-6.4-12.8-12.8-12.8h-22.4c-6.4 0-12.8 6.4-12.8 12.8v70.4c0 6.4 6.4 12.8 12.8 12.8z\" class=\"\"><\/path><\/svg><\/i> <img loading=\"lazy\" decoding=\"async\" width=\"16\" height=\"16\" alt=\"Loading\" src=\"https:\/\/temucotelevision.cl\/web\/wp-content\/plugins\/page-views-count\/ajax-loader-2x.gif\" border=0 \/><\/p>\n<div class=\"pvc_clear\"><\/div>\n<p>El ataque se registr\u00f3 el pasado 7 de junio en el sector rural de la comuna cuando la v\u00edctima fue<\/p>\n","protected":false},"author":1,"featured_media":4539,"comment_status":"open","ping_status":"open","sticky":false,"template":"","format":"standard","meta":{"colormag_page_container_layout":"default_layout","colormag_page_sidebar_layout":"default_layout","footnotes":""},"categories":[16],"tags":[125,712,339],"class_list":["post-4538","post","type-post","status-publish","format-standard","has-post-thumbnail","hentry","category-policial","tag-carabineros","tag-ercilla","tag-profugo"],"a3_pvc":{"activated":true,"total_views":29,"today_views":1},"_links":{"self":[{"href":"https:\/\/temucotelevision.cl\/web\/wp-json\/wp\/v2\/posts\/4538","targetHints":{"allow":["GET"]}}],"collection":[{"href":"https:\/\/temucotelevision.cl\/web\/wp-json\/wp\/v2\/posts"}],"about":[{"href":"https:\/\/temucotelevision.cl\/web\/wp-json\/wp\/v2\/types\/post"}],"author":[{"embeddable":true,"href":"https:\/\/temucotelevision.cl\/web\/wp-json\/wp\/v2\/users\/1"}],"replies":[{"embeddable":true,"href":"https:\/\/temucotelevision.cl\/web\/wp-json\/wp\/v2\/comments?post=4538"}],"version-history":[{"count":1,"href":"https:\/\/temucotelevision.cl\/web\/wp-json\/wp\/v2\/posts\/4538\/revisions"}],"predecessor-version":[{"id":4540,"href":"https:\/\/temucotelevision.cl\/web\/wp-json\/wp\/v2\/posts\/4538\/revisions\/4540"}],"wp:featuredmedia":[{"embeddable":true,"href":"https:\/\/temucotelevision.cl\/web\/wp-json\/wp\/v2\/media\/4539"}],"wp:attachment":[{"href":"https:\/\/temucotelevision.cl\/web\/wp-json\/wp\/v2\/media?parent=4538"}],"wp:term":[{"taxonomy":"category","embeddable":true,"href":"https:\/\/temucotelevision.cl\/web\/wp-json\/wp\/v2\/categories?post=4538"},{"taxonomy":"post_tag","embeddable":true,"href":"https:\/\/temucotelevision.cl\/web\/wp-json\/wp\/v2\/tags?post=4538"}],"curies":[{"name":"wp","href":"https:\/\/api.w.org\/{rel}","templated":true}]}}