{"id":45377,"date":"2023-10-16T13:40:56","date_gmt":"2023-10-16T16:40:56","guid":{"rendered":"https:\/\/temucotelevision.cl\/web\/?p=45377"},"modified":"2023-10-16T13:40:57","modified_gmt":"2023-10-16T16:40:57","slug":"cuerpo-de-bomberos-de-temuco-lamento-robo-sufrido-en-el-cuartel-de-la-localidad-de-san-ramon","status":"publish","type":"post","link":"https:\/\/temucotelevision.cl\/web\/2023\/10\/16\/cuerpo-de-bomberos-de-temuco-lamento-robo-sufrido-en-el-cuartel-de-la-localidad-de-san-ramon\/","title":{"rendered":"Cuerpo de Bomberos de Temuco lament\u00f3 robo sufrido en el cuartel de la localidad de San Ram\u00f3n"},"content":{"rendered":"<div class=\"pvc_clear\"><\/div><p id=\"pvc_stats_45377\" class=\"pvc_stats total_only  \" data-element-id=\"45377\" style=\"\"><i class=\"pvc-stats-icon large\" aria-hidden=\"true\"><svg aria-hidden=\"true\" focusable=\"false\" data-prefix=\"far\" data-icon=\"chart-bar\" role=\"img\" xmlns=\"http:\/\/www.w3.org\/2000\/svg\" viewBox=\"0 0 512 512\" class=\"svg-inline--fa fa-chart-bar fa-w-16 fa-2x\"><path fill=\"currentColor\" d=\"M396.8 352h22.4c6.4 0 12.8-6.4 12.8-12.8V108.8c0-6.4-6.4-12.8-12.8-12.8h-22.4c-6.4 0-12.8 6.4-12.8 12.8v230.4c0 6.4 6.4 12.8 12.8 12.8zm-192 0h22.4c6.4 0 12.8-6.4 12.8-12.8V140.8c0-6.4-6.4-12.8-12.8-12.8h-22.4c-6.4 0-12.8 6.4-12.8 12.8v198.4c0 6.4 6.4 12.8 12.8 12.8zm96 0h22.4c6.4 0 12.8-6.4 12.8-12.8V204.8c0-6.4-6.4-12.8-12.8-12.8h-22.4c-6.4 0-12.8 6.4-12.8 12.8v134.4c0 6.4 6.4 12.8 12.8 12.8zM496 400H48V80c0-8.84-7.16-16-16-16H16C7.16 64 0 71.16 0 80v336c0 17.67 14.33 32 32 32h464c8.84 0 16-7.16 16-16v-16c0-8.84-7.16-16-16-16zm-387.2-48h22.4c6.4 0 12.8-6.4 12.8-12.8v-70.4c0-6.4-6.4-12.8-12.8-12.8h-22.4c-6.4 0-12.8 6.4-12.8 12.8v70.4c0 6.4 6.4 12.8 12.8 12.8z\" class=\"\"><\/path><\/svg><\/i> <img loading=\"lazy\" decoding=\"async\" width=\"16\" height=\"16\" alt=\"Loading\" src=\"https:\/\/temucotelevision.cl\/web\/wp-content\/plugins\/page-views-count\/ajax-loader-2x.gif\" border=0 \/><\/p><div class=\"pvc_clear\"><\/div>\n<p>El superintendente del Cuerpo de Bomberos de Temuco, Alfredo Lassalle, lament\u00f3 el robo que sufri\u00f3 el cuartel de la Avanzada San Ram\u00f3n, ubicado en la localidad del mismo nombre, comuna de Padre Las Casas.<\/p>\n\n\n\n<p>El oficial precis\u00f3 que el delito ocurri\u00f3 en la madrugada de este viernes, cuando delincuentes, aprovechando que en ese momento no hab\u00eda personas en el recinto, ingresaron forzando los accesos, para luego registrar todo el cuartel y el carrobomba que permanec\u00eda estacionado en el lugar, llev\u00e1ndose diverso equipamiento, adem\u00e1s de causar da\u00f1os, totalizando las p\u00e9rdidas en aproximadamente un mill\u00f3n de pesos.<\/p>\n\n\n\n<p>\u201cEste hecho es sumamente lamentable, pues perjudica la labor que desarrolla Bomberos a trav\u00e9s de este cuartel en favor de los vecinos de San Ram\u00f3n\u201d, sostuvo, a\u00f1adiendo que incluso, la instituci\u00f3n deber\u00e1 estudiar la eventual posibilidad de retirar el carrobomba que atiende las emergencias de esa localidad, ante el riesgo de que antisociales le causen da\u00f1os a la m\u00e1quina, cuyo equipamiento posee un alto valor.<\/p>\n\n\n\n<p>Asimismo, a este riesgo constante de robos, se suma que en San Ram\u00f3n, producto de una serie de situaciones de car\u00e1cter vecinal, pr\u00e1cticamente no existen personas interesadas en formar parte de las filas de Bomberos y que puedan crear una brigada o compa\u00f1\u00eda local, lo que ha provocado que el Cuerpo de Bomberos de Temuco mantenga solamente un cuartelero rentado en la localidad, quien hace el trabajo de conductor del carrobomba y atiende las emergencias que se producen, pero ante todo tipo de siniestro debe esperar el apoyo del personal bomberil de Padre Las Casas, cuya llegada demora al menos 25 minutos, debido a la distancia y peligrosidad de la ruta.<\/p>\n\n\n\n<p>\u201cLamentablemente, la comunidad no ha logrado asumir la tarea de integrarse a esta brigada, ya que se requiere que sean los propios vecinos de San Ram\u00f3n quienes se comprometan a cuidar este cuartel que le presta servicio a toda la localidad, situaci\u00f3n que consideramos necesaria y urgente\u201d, puntualiz\u00f3 el superintendente.<\/p>\n","protected":false},"excerpt":{"rendered":"<div class=\"pvc_clear\"><\/div>\n<p id=\"pvc_stats_45377\" class=\"pvc_stats total_only  \" data-element-id=\"45377\" style=\"\"><i class=\"pvc-stats-icon large\" aria-hidden=\"true\"><svg aria-hidden=\"true\" focusable=\"false\" data-prefix=\"far\" data-icon=\"chart-bar\" role=\"img\" xmlns=\"http:\/\/www.w3.org\/2000\/svg\" viewBox=\"0 0 512 512\" class=\"svg-inline--fa fa-chart-bar fa-w-16 fa-2x\"><path fill=\"currentColor\" d=\"M396.8 352h22.4c6.4 0 12.8-6.4 12.8-12.8V108.8c0-6.4-6.4-12.8-12.8-12.8h-22.4c-6.4 0-12.8 6.4-12.8 12.8v230.4c0 6.4 6.4 12.8 12.8 12.8zm-192 0h22.4c6.4 0 12.8-6.4 12.8-12.8V140.8c0-6.4-6.4-12.8-12.8-12.8h-22.4c-6.4 0-12.8 6.4-12.8 12.8v198.4c0 6.4 6.4 12.8 12.8 12.8zm96 0h22.4c6.4 0 12.8-6.4 12.8-12.8V204.8c0-6.4-6.4-12.8-12.8-12.8h-22.4c-6.4 0-12.8 6.4-12.8 12.8v134.4c0 6.4 6.4 12.8 12.8 12.8zM496 400H48V80c0-8.84-7.16-16-16-16H16C7.16 64 0 71.16 0 80v336c0 17.67 14.33 32 32 32h464c8.84 0 16-7.16 16-16v-16c0-8.84-7.16-16-16-16zm-387.2-48h22.4c6.4 0 12.8-6.4 12.8-12.8v-70.4c0-6.4-6.4-12.8-12.8-12.8h-22.4c-6.4 0-12.8 6.4-12.8 12.8v70.4c0 6.4 6.4 12.8 12.8 12.8z\" class=\"\"><\/path><\/svg><\/i> <img loading=\"lazy\" decoding=\"async\" width=\"16\" height=\"16\" alt=\"Loading\" src=\"https:\/\/temucotelevision.cl\/web\/wp-content\/plugins\/page-views-count\/ajax-loader-2x.gif\" border=0 \/><\/p>\n<div class=\"pvc_clear\"><\/div>\n<p>El superintendente del Cuerpo de Bomberos de Temuco, Alfredo Lassalle, lament\u00f3 el robo que sufri\u00f3 el cuartel de la Avanzada<\/p>\n","protected":false},"author":1,"featured_media":45378,"comment_status":"open","ping_status":"open","sticky":false,"template":"","format":"standard","meta":{"colormag_page_container_layout":"default_layout","colormag_page_sidebar_layout":"default_layout","footnotes":""},"categories":[15],"tags":[304,138],"class_list":["post-45377","post","type-post","status-publish","format-standard","has-post-thumbnail","hentry","category-la-araucania","tag-bomberos","tag-robo"],"a3_pvc":{"activated":true,"total_views":1256,"today_views":0},"_links":{"self":[{"href":"https:\/\/temucotelevision.cl\/web\/wp-json\/wp\/v2\/posts\/45377","targetHints":{"allow":["GET"]}}],"collection":[{"href":"https:\/\/temucotelevision.cl\/web\/wp-json\/wp\/v2\/posts"}],"about":[{"href":"https:\/\/temucotelevision.cl\/web\/wp-json\/wp\/v2\/types\/post"}],"author":[{"embeddable":true,"href":"https:\/\/temucotelevision.cl\/web\/wp-json\/wp\/v2\/users\/1"}],"replies":[{"embeddable":true,"href":"https:\/\/temucotelevision.cl\/web\/wp-json\/wp\/v2\/comments?post=45377"}],"version-history":[{"count":1,"href":"https:\/\/temucotelevision.cl\/web\/wp-json\/wp\/v2\/posts\/45377\/revisions"}],"predecessor-version":[{"id":45379,"href":"https:\/\/temucotelevision.cl\/web\/wp-json\/wp\/v2\/posts\/45377\/revisions\/45379"}],"wp:featuredmedia":[{"embeddable":true,"href":"https:\/\/temucotelevision.cl\/web\/wp-json\/wp\/v2\/media\/45378"}],"wp:attachment":[{"href":"https:\/\/temucotelevision.cl\/web\/wp-json\/wp\/v2\/media?parent=45377"}],"wp:term":[{"taxonomy":"category","embeddable":true,"href":"https:\/\/temucotelevision.cl\/web\/wp-json\/wp\/v2\/categories?post=45377"},{"taxonomy":"post_tag","embeddable":true,"href":"https:\/\/temucotelevision.cl\/web\/wp-json\/wp\/v2\/tags?post=45377"}],"curies":[{"name":"wp","href":"https:\/\/api.w.org\/{rel}","templated":true}]}}