{"id":45372,"date":"2023-10-15T17:02:45","date_gmt":"2023-10-15T20:02:45","guid":{"rendered":"https:\/\/temucotelevision.cl\/web\/?p=45372"},"modified":"2023-10-15T17:08:51","modified_gmt":"2023-10-15T20:08:51","slug":"gustavo-cerati-estrena-dos-visualizer-beatiful-y-amor-sin-rodeos","status":"publish","type":"post","link":"https:\/\/temucotelevision.cl\/web\/2023\/10\/15\/gustavo-cerati-estrena-dos-visualizer-beatiful-y-amor-sin-rodeos\/","title":{"rendered":"Gustavo Cerati estrena dos visualizer &#8220;Beatiful&#8221; y &#8220;Amor sin Rodeos&#8221;"},"content":{"rendered":"<div class=\"pvc_clear\"><\/div><p id=\"pvc_stats_45372\" class=\"pvc_stats total_only  \" data-element-id=\"45372\" style=\"\"><i class=\"pvc-stats-icon large\" aria-hidden=\"true\"><svg aria-hidden=\"true\" focusable=\"false\" data-prefix=\"far\" data-icon=\"chart-bar\" role=\"img\" xmlns=\"http:\/\/www.w3.org\/2000\/svg\" viewBox=\"0 0 512 512\" class=\"svg-inline--fa fa-chart-bar fa-w-16 fa-2x\"><path fill=\"currentColor\" d=\"M396.8 352h22.4c6.4 0 12.8-6.4 12.8-12.8V108.8c0-6.4-6.4-12.8-12.8-12.8h-22.4c-6.4 0-12.8 6.4-12.8 12.8v230.4c0 6.4 6.4 12.8 12.8 12.8zm-192 0h22.4c6.4 0 12.8-6.4 12.8-12.8V140.8c0-6.4-6.4-12.8-12.8-12.8h-22.4c-6.4 0-12.8 6.4-12.8 12.8v198.4c0 6.4 6.4 12.8 12.8 12.8zm96 0h22.4c6.4 0 12.8-6.4 12.8-12.8V204.8c0-6.4-6.4-12.8-12.8-12.8h-22.4c-6.4 0-12.8 6.4-12.8 12.8v134.4c0 6.4 6.4 12.8 12.8 12.8zM496 400H48V80c0-8.84-7.16-16-16-16H16C7.16 64 0 71.16 0 80v336c0 17.67 14.33 32 32 32h464c8.84 0 16-7.16 16-16v-16c0-8.84-7.16-16-16-16zm-387.2-48h22.4c6.4 0 12.8-6.4 12.8-12.8v-70.4c0-6.4-6.4-12.8-12.8-12.8h-22.4c-6.4 0-12.8 6.4-12.8 12.8v70.4c0 6.4 6.4 12.8 12.8 12.8z\" class=\"\"><\/path><\/svg><\/i> <img loading=\"lazy\" decoding=\"async\" width=\"16\" height=\"16\" alt=\"Loading\" src=\"https:\/\/temucotelevision.cl\/web\/wp-content\/plugins\/page-views-count\/ajax-loader-2x.gif\" border=0 \/><\/p><div class=\"pvc_clear\"><\/div>\n<p>El viernes 13 de octubre se estrenaron dos nuevos videos de Gustavo Cerati en plataformas audiovisuales, ambos de su carrera como solista y en formato visualizer: \u201cBeautiful\u201d y \u201cAmor sin rodeos\u201d.<\/p>\n\n\n\n<iframe loading=\"lazy\" width=\"560\" height=\"315\" src=\"https:\/\/www.youtube.com\/embed\/lWEEHUf2MS8?si=vDOHjfoEFjWIzxHM\" title=\"YouTube video player\" frameborder=\"0\" allow=\"accelerometer; autoplay; clipboard-write; encrypted-media; gyroscope; picture-in-picture; web-share\" allowfullscreen><\/iframe>\n\n\n\n<p>El tema \u201cBeautiful\u201d pertenece al \u00e1lbum \u201cBocanada\u201d, lanzado en 1999. Fue su segundo trabajo como solista, el primero tras la disoluci\u00f3n de Soda Stereo en 1997.<\/p>\n\n\n\n<iframe loading=\"lazy\" width=\"560\" height=\"315\" src=\"https:\/\/www.youtube.com\/embed\/SO-18NG8KBo?si=d56S1UyeIRhX_tiH\" title=\"YouTube video player\" frameborder=\"0\" allow=\"accelerometer; autoplay; clipboard-write; encrypted-media; gyroscope; picture-in-picture; web-share\" allowfullscreen><\/iframe>\n\n\n\n<p>La grabaci\u00f3n se hizo en el estudio de Gustavo, llamado Casa Submarina. Toc\u00f3 pr\u00e1cticamente todos los instrumentos y cont\u00f3 con la participaci\u00f3n de Mart\u00edn Carrizo en bater\u00eda, Fernando Nal\u00e9 en bajo, Flavio Etcheto y Leo Garc\u00eda en samplers y Tweety Gonz\u00e1lez en teclados.<br><br>La canci\u00f3n \u201cAmor sin rodeos\u201d se incluy\u00f3 en el disco \u201cFuerza natural\u201d, de 2009, el primer trabajo tras la reuni\u00f3n de Soda Stereo en 2007 . La letra fue escrita junto a Adri\u00e1n Paoletti. Se grab\u00f3 primero en su nuevo estudio casero, Un\u00edsono, y luego en dos estudios de Nueva York: Looking Glass Studio y Stratosphere Sound, con producci\u00f3n de Gustavo y coproducci\u00f3n de H\u00e9ctor Castillo (David Bowie, Bj\u00f6rk, Lou Reed, Philip Glass). Participaron los m\u00fasicos de su banda e invitados especiales: Fernando Samalea en bater\u00eda, Fernando Nal\u00e9 en bajo, Gustavo C\u00f3rdoba en dobro y mandolina, Leandro Fresco en programaci\u00f3n adicional, y Byron Isaacs en lapsteel y bajo adicional. Cerati toc\u00f3 dobro y guitarra ac\u00fastica, hizo programaci\u00f3n y cant\u00f3.<\/p>\n\n\n\n<p>Este lanzamiento marca una continuidad en el plan de estreno de dos videos por mes, nuevas piezas correspondientes a diferentes canciones incluidos en sus celebrados cinco discos de estudio (\u201cAmor amarillo\u201d, \u201cBocanada\u201d, \u201cSiempre es hoy\u201d, \u201cAh\u00ed vamos\u201d y \u201cFuerza natural\u201d).<\/p>\n\n\n\n<p>La idea es resaltar la obra solista completa de Cerati, por lo que se combinar\u00e1n mensualmente videos de diferentes \u00e1lbums, todos realizados por Nico Bernaudo, dise\u00f1ador audiovisual en los shows de Gustavo Cerati desde 2004 y tambi\u00e9n en la hist\u00f3rica gira del tr\u00edo \u201cMe Ver\u00e1s Volver\u201d, de 2007, adem\u00e1s de realizador de los visualizers de Soda Stereo lanzados en 2021.<\/p>\n\n\n\n<p><br>Hoy, estas dos canciones de su exitosa carrera solista vuelven a ser novedad gracias a la realizaci\u00f3n de estos visualizers.<\/p>\n\n\n\n<p><br><strong>Nuevos videos de Gustavo Cerati, en formato visualizer.<\/strong><\/p>\n","protected":false},"excerpt":{"rendered":"<div class=\"pvc_clear\"><\/div>\n<p id=\"pvc_stats_45372\" class=\"pvc_stats total_only  \" data-element-id=\"45372\" style=\"\"><i class=\"pvc-stats-icon large\" aria-hidden=\"true\"><svg aria-hidden=\"true\" focusable=\"false\" data-prefix=\"far\" data-icon=\"chart-bar\" role=\"img\" xmlns=\"http:\/\/www.w3.org\/2000\/svg\" viewBox=\"0 0 512 512\" class=\"svg-inline--fa fa-chart-bar fa-w-16 fa-2x\"><path fill=\"currentColor\" d=\"M396.8 352h22.4c6.4 0 12.8-6.4 12.8-12.8V108.8c0-6.4-6.4-12.8-12.8-12.8h-22.4c-6.4 0-12.8 6.4-12.8 12.8v230.4c0 6.4 6.4 12.8 12.8 12.8zm-192 0h22.4c6.4 0 12.8-6.4 12.8-12.8V140.8c0-6.4-6.4-12.8-12.8-12.8h-22.4c-6.4 0-12.8 6.4-12.8 12.8v198.4c0 6.4 6.4 12.8 12.8 12.8zm96 0h22.4c6.4 0 12.8-6.4 12.8-12.8V204.8c0-6.4-6.4-12.8-12.8-12.8h-22.4c-6.4 0-12.8 6.4-12.8 12.8v134.4c0 6.4 6.4 12.8 12.8 12.8zM496 400H48V80c0-8.84-7.16-16-16-16H16C7.16 64 0 71.16 0 80v336c0 17.67 14.33 32 32 32h464c8.84 0 16-7.16 16-16v-16c0-8.84-7.16-16-16-16zm-387.2-48h22.4c6.4 0 12.8-6.4 12.8-12.8v-70.4c0-6.4-6.4-12.8-12.8-12.8h-22.4c-6.4 0-12.8 6.4-12.8 12.8v70.4c0 6.4 6.4 12.8 12.8 12.8z\" class=\"\"><\/path><\/svg><\/i> <img loading=\"lazy\" decoding=\"async\" width=\"16\" height=\"16\" alt=\"Loading\" src=\"https:\/\/temucotelevision.cl\/web\/wp-content\/plugins\/page-views-count\/ajax-loader-2x.gif\" border=0 \/><\/p>\n<div class=\"pvc_clear\"><\/div>\n<p>El viernes 13 de octubre se estrenaron dos nuevos videos de Gustavo Cerati en plataformas audiovisuales, ambos de su carrera<\/p>\n","protected":false},"author":1,"featured_media":45373,"comment_status":"open","ping_status":"open","sticky":false,"template":"","format":"standard","meta":{"colormag_page_container_layout":"default_layout","colormag_page_sidebar_layout":"default_layout","footnotes":""},"categories":[369],"tags":[609,6755],"class_list":["post-45372","post","type-post","status-publish","format-standard","has-post-thumbnail","hentry","category-musica","tag-estreno","tag-gustavo-cerati"],"a3_pvc":{"activated":true,"total_views":1648,"today_views":0},"_links":{"self":[{"href":"https:\/\/temucotelevision.cl\/web\/wp-json\/wp\/v2\/posts\/45372","targetHints":{"allow":["GET"]}}],"collection":[{"href":"https:\/\/temucotelevision.cl\/web\/wp-json\/wp\/v2\/posts"}],"about":[{"href":"https:\/\/temucotelevision.cl\/web\/wp-json\/wp\/v2\/types\/post"}],"author":[{"embeddable":true,"href":"https:\/\/temucotelevision.cl\/web\/wp-json\/wp\/v2\/users\/1"}],"replies":[{"embeddable":true,"href":"https:\/\/temucotelevision.cl\/web\/wp-json\/wp\/v2\/comments?post=45372"}],"version-history":[{"count":3,"href":"https:\/\/temucotelevision.cl\/web\/wp-json\/wp\/v2\/posts\/45372\/revisions"}],"predecessor-version":[{"id":45376,"href":"https:\/\/temucotelevision.cl\/web\/wp-json\/wp\/v2\/posts\/45372\/revisions\/45376"}],"wp:featuredmedia":[{"embeddable":true,"href":"https:\/\/temucotelevision.cl\/web\/wp-json\/wp\/v2\/media\/45373"}],"wp:attachment":[{"href":"https:\/\/temucotelevision.cl\/web\/wp-json\/wp\/v2\/media?parent=45372"}],"wp:term":[{"taxonomy":"category","embeddable":true,"href":"https:\/\/temucotelevision.cl\/web\/wp-json\/wp\/v2\/categories?post=45372"},{"taxonomy":"post_tag","embeddable":true,"href":"https:\/\/temucotelevision.cl\/web\/wp-json\/wp\/v2\/tags?post=45372"}],"curies":[{"name":"wp","href":"https:\/\/api.w.org\/{rel}","templated":true}]}}