{"id":45367,"date":"2023-10-15T14:16:30","date_gmt":"2023-10-15T17:16:30","guid":{"rendered":"https:\/\/temucotelevision.cl\/web\/?p=45367"},"modified":"2023-10-15T14:19:55","modified_gmt":"2023-10-15T17:19:55","slug":"juzgado-de-garantia-de-temuco-decreta-la-prision-preventiva-de-imputados-por-homicidio-calificado-en-feria-pinto","status":"publish","type":"post","link":"https:\/\/temucotelevision.cl\/web\/2023\/10\/15\/juzgado-de-garantia-de-temuco-decreta-la-prision-preventiva-de-imputados-por-homicidio-calificado-en-feria-pinto\/","title":{"rendered":"Juzgado decreta la prisi\u00f3n preventiva a sujetos como autores del delito consumado de homicidio en feria Pinto"},"content":{"rendered":"<div class=\"pvc_clear\"><\/div><p id=\"pvc_stats_45367\" class=\"pvc_stats total_only  \" data-element-id=\"45367\" style=\"\"><i class=\"pvc-stats-icon large\" aria-hidden=\"true\"><svg aria-hidden=\"true\" focusable=\"false\" data-prefix=\"far\" data-icon=\"chart-bar\" role=\"img\" xmlns=\"http:\/\/www.w3.org\/2000\/svg\" viewBox=\"0 0 512 512\" class=\"svg-inline--fa fa-chart-bar fa-w-16 fa-2x\"><path fill=\"currentColor\" d=\"M396.8 352h22.4c6.4 0 12.8-6.4 12.8-12.8V108.8c0-6.4-6.4-12.8-12.8-12.8h-22.4c-6.4 0-12.8 6.4-12.8 12.8v230.4c0 6.4 6.4 12.8 12.8 12.8zm-192 0h22.4c6.4 0 12.8-6.4 12.8-12.8V140.8c0-6.4-6.4-12.8-12.8-12.8h-22.4c-6.4 0-12.8 6.4-12.8 12.8v198.4c0 6.4 6.4 12.8 12.8 12.8zm96 0h22.4c6.4 0 12.8-6.4 12.8-12.8V204.8c0-6.4-6.4-12.8-12.8-12.8h-22.4c-6.4 0-12.8 6.4-12.8 12.8v134.4c0 6.4 6.4 12.8 12.8 12.8zM496 400H48V80c0-8.84-7.16-16-16-16H16C7.16 64 0 71.16 0 80v336c0 17.67 14.33 32 32 32h464c8.84 0 16-7.16 16-16v-16c0-8.84-7.16-16-16-16zm-387.2-48h22.4c6.4 0 12.8-6.4 12.8-12.8v-70.4c0-6.4-6.4-12.8-12.8-12.8h-22.4c-6.4 0-12.8 6.4-12.8 12.8v70.4c0 6.4 6.4 12.8 12.8 12.8z\" class=\"\"><\/path><\/svg><\/i> <img loading=\"lazy\" decoding=\"async\" width=\"16\" height=\"16\" alt=\"Loading\" src=\"https:\/\/temucotelevision.cl\/web\/wp-content\/plugins\/page-views-count\/ajax-loader-2x.gif\" border=0 \/><\/p><div class=\"pvc_clear\"><\/div>\n<blockquote class=\"wp-block-quote is-layout-flow wp-block-quote-is-layout-flow\">\n<p>En la audiencia de formalizaci\u00f3n, la magistrada Marcia Castillo Monjes orden\u00f3 el ingreso en prisi\u00f3n de los imputados por considerar que su libertad constituye un peligro para la seguridad de la sociedad. Adem\u00e1s, fij\u00f3 en tres meses el plazo de investigaci\u00f3n.<\/p>\n<\/blockquote>\n\n\n\n<p>El Juzgado de Garant\u00eda de Temuco dej\u00f3 hoy \u2013domingo 15 de octubre\u2013 sujetos a la medida cautelar de prisi\u00f3n preventiva a A.A.S.T., A.D.D.G.V. y P.A.H.S., imputados por el Ministerio P\u00fablico como autores del delito consumado de homicidio calificado (alevos\u00eda y ensa\u00f1amiento). Il\u00edcito cometido el martes reci\u00e9n pasado, en la feria Pinto de la ciudad.<\/p>\n\n\n\n<p>En la audiencia de formalizaci\u00f3n, la magistrada Marcia Castillo Monjes orden\u00f3 el ingreso en prisi\u00f3n de los imputados por considerar que su libertad constituye un peligro para la seguridad de la sociedad. Adem\u00e1s, fij\u00f3 en tres meses el plazo de investigaci\u00f3n.<\/p>\n\n\n\n<p>Seg\u00fan el ente persecutor, alrededor de las 22 horas del 10 de octubre de 2023, A.A.S.T., A.D.D.G.V. y P.A.H.S. se reunieron en la v\u00eda p\u00fablica, espec\u00edficamente en el sector de la feria Pinto de Temuco, a consumir bebidas alcoh\u00f3licas, a quienes se sum\u00f3 la v\u00edctima, hasta ahora no identificada.<\/p>\n\n\n\n<p>En dicho contexto, se gener\u00f3 una discusi\u00f3n, procediendo los imputados A.A.S.T., A.D.D.G.V. a agredir con golpes de pies y pu\u00f1os a la v\u00edctima para, luego, la imputada atacarla con un arma blanca, a lo que se sumaron A.A.S.T., A.D.D.G.V., provoc\u00e1ndole, al menos nueve heridas cortopunzantes.<\/p>\n\n\n\n<p>Finalmente, cuando la v\u00edctima yac\u00eda en el suelo, A.D.D.G.V. tom\u00f3 material en combusti\u00f3n y lo lanz\u00f3 sobre el cuerpo, causando la calcinaci\u00f3n del 80% de la superficie corporal del agredido, quien falleci\u00f3 en el lugar debido a una herida penetrante tor\u00e1cica con lesi\u00f3n pulmonar y quemaduras vitales de la v\u00eda a\u00e9rea.<\/p>\n","protected":false},"excerpt":{"rendered":"<div class=\"pvc_clear\"><\/div>\n<p id=\"pvc_stats_45367\" class=\"pvc_stats total_only  \" data-element-id=\"45367\" style=\"\"><i class=\"pvc-stats-icon large\" aria-hidden=\"true\"><svg aria-hidden=\"true\" focusable=\"false\" data-prefix=\"far\" data-icon=\"chart-bar\" role=\"img\" xmlns=\"http:\/\/www.w3.org\/2000\/svg\" viewBox=\"0 0 512 512\" class=\"svg-inline--fa fa-chart-bar fa-w-16 fa-2x\"><path fill=\"currentColor\" d=\"M396.8 352h22.4c6.4 0 12.8-6.4 12.8-12.8V108.8c0-6.4-6.4-12.8-12.8-12.8h-22.4c-6.4 0-12.8 6.4-12.8 12.8v230.4c0 6.4 6.4 12.8 12.8 12.8zm-192 0h22.4c6.4 0 12.8-6.4 12.8-12.8V140.8c0-6.4-6.4-12.8-12.8-12.8h-22.4c-6.4 0-12.8 6.4-12.8 12.8v198.4c0 6.4 6.4 12.8 12.8 12.8zm96 0h22.4c6.4 0 12.8-6.4 12.8-12.8V204.8c0-6.4-6.4-12.8-12.8-12.8h-22.4c-6.4 0-12.8 6.4-12.8 12.8v134.4c0 6.4 6.4 12.8 12.8 12.8zM496 400H48V80c0-8.84-7.16-16-16-16H16C7.16 64 0 71.16 0 80v336c0 17.67 14.33 32 32 32h464c8.84 0 16-7.16 16-16v-16c0-8.84-7.16-16-16-16zm-387.2-48h22.4c6.4 0 12.8-6.4 12.8-12.8v-70.4c0-6.4-6.4-12.8-12.8-12.8h-22.4c-6.4 0-12.8 6.4-12.8 12.8v70.4c0 6.4 6.4 12.8 12.8 12.8z\" class=\"\"><\/path><\/svg><\/i> <img loading=\"lazy\" decoding=\"async\" width=\"16\" height=\"16\" alt=\"Loading\" src=\"https:\/\/temucotelevision.cl\/web\/wp-content\/plugins\/page-views-count\/ajax-loader-2x.gif\" border=0 \/><\/p>\n<div class=\"pvc_clear\"><\/div>\n<p>En la audiencia de formalizaci\u00f3n, la magistrada Marcia Castillo Monjes orden\u00f3 el ingreso en prisi\u00f3n de los imputados por considerar<\/p>\n","protected":false},"author":1,"featured_media":45368,"comment_status":"open","ping_status":"open","sticky":false,"template":"","format":"standard","meta":{"colormag_page_container_layout":"default_layout","colormag_page_sidebar_layout":"default_layout","footnotes":""},"categories":[15],"tags":[4868,363,2024,979],"class_list":["post-45367","post","type-post","status-publish","format-standard","has-post-thumbnail","hentry","category-la-araucania","tag-feria-pinto","tag-homicidio","tag-imputados","tag-juzgado"],"a3_pvc":{"activated":true,"total_views":3265,"today_views":0},"_links":{"self":[{"href":"https:\/\/temucotelevision.cl\/web\/wp-json\/wp\/v2\/posts\/45367","targetHints":{"allow":["GET"]}}],"collection":[{"href":"https:\/\/temucotelevision.cl\/web\/wp-json\/wp\/v2\/posts"}],"about":[{"href":"https:\/\/temucotelevision.cl\/web\/wp-json\/wp\/v2\/types\/post"}],"author":[{"embeddable":true,"href":"https:\/\/temucotelevision.cl\/web\/wp-json\/wp\/v2\/users\/1"}],"replies":[{"embeddable":true,"href":"https:\/\/temucotelevision.cl\/web\/wp-json\/wp\/v2\/comments?post=45367"}],"version-history":[{"count":2,"href":"https:\/\/temucotelevision.cl\/web\/wp-json\/wp\/v2\/posts\/45367\/revisions"}],"predecessor-version":[{"id":45371,"href":"https:\/\/temucotelevision.cl\/web\/wp-json\/wp\/v2\/posts\/45367\/revisions\/45371"}],"wp:featuredmedia":[{"embeddable":true,"href":"https:\/\/temucotelevision.cl\/web\/wp-json\/wp\/v2\/media\/45368"}],"wp:attachment":[{"href":"https:\/\/temucotelevision.cl\/web\/wp-json\/wp\/v2\/media?parent=45367"}],"wp:term":[{"taxonomy":"category","embeddable":true,"href":"https:\/\/temucotelevision.cl\/web\/wp-json\/wp\/v2\/categories?post=45367"},{"taxonomy":"post_tag","embeddable":true,"href":"https:\/\/temucotelevision.cl\/web\/wp-json\/wp\/v2\/tags?post=45367"}],"curies":[{"name":"wp","href":"https:\/\/api.w.org\/{rel}","templated":true}]}}