{"id":45363,"date":"2023-10-14T22:01:29","date_gmt":"2023-10-15T01:01:29","guid":{"rendered":"https:\/\/temucotelevision.cl\/web\/?p=45363"},"modified":"2023-10-14T22:01:30","modified_gmt":"2023-10-15T01:01:30","slug":"travesia-turistica-peuco-kayak-fest-realiza-su-segunda-version-bajo-el-alero-de-la-ruta-carahue-navegable","status":"publish","type":"post","link":"https:\/\/temucotelevision.cl\/web\/2023\/10\/14\/travesia-turistica-peuco-kayak-fest-realiza-su-segunda-version-bajo-el-alero-de-la-ruta-carahue-navegable\/","title":{"rendered":"Traves\u00eda tur\u00edstica: Peuco Kayak Fest realiza su segunda versi\u00f3n bajo el alero de la Ruta Carahue Navegable"},"content":{"rendered":"<div class=\"pvc_clear\"><\/div><p id=\"pvc_stats_45363\" class=\"pvc_stats total_only  \" data-element-id=\"45363\" style=\"\"><i class=\"pvc-stats-icon large\" aria-hidden=\"true\"><svg aria-hidden=\"true\" focusable=\"false\" data-prefix=\"far\" data-icon=\"chart-bar\" role=\"img\" xmlns=\"http:\/\/www.w3.org\/2000\/svg\" viewBox=\"0 0 512 512\" class=\"svg-inline--fa fa-chart-bar fa-w-16 fa-2x\"><path fill=\"currentColor\" d=\"M396.8 352h22.4c6.4 0 12.8-6.4 12.8-12.8V108.8c0-6.4-6.4-12.8-12.8-12.8h-22.4c-6.4 0-12.8 6.4-12.8 12.8v230.4c0 6.4 6.4 12.8 12.8 12.8zm-192 0h22.4c6.4 0 12.8-6.4 12.8-12.8V140.8c0-6.4-6.4-12.8-12.8-12.8h-22.4c-6.4 0-12.8 6.4-12.8 12.8v198.4c0 6.4 6.4 12.8 12.8 12.8zm96 0h22.4c6.4 0 12.8-6.4 12.8-12.8V204.8c0-6.4-6.4-12.8-12.8-12.8h-22.4c-6.4 0-12.8 6.4-12.8 12.8v134.4c0 6.4 6.4 12.8 12.8 12.8zM496 400H48V80c0-8.84-7.16-16-16-16H16C7.16 64 0 71.16 0 80v336c0 17.67 14.33 32 32 32h464c8.84 0 16-7.16 16-16v-16c0-8.84-7.16-16-16-16zm-387.2-48h22.4c6.4 0 12.8-6.4 12.8-12.8v-70.4c0-6.4-6.4-12.8-12.8-12.8h-22.4c-6.4 0-12.8 6.4-12.8 12.8v70.4c0 6.4 6.4 12.8 12.8 12.8z\" class=\"\"><\/path><\/svg><\/i> <img loading=\"lazy\" decoding=\"async\" width=\"16\" height=\"16\" alt=\"Loading\" src=\"https:\/\/temucotelevision.cl\/web\/wp-content\/plugins\/page-views-count\/ajax-loader-2x.gif\" border=0 \/><\/p><div class=\"pvc_clear\"><\/div>\n<ul class=\"wp-block-list\">\n<li><em>El evento, con enfoque en la promoci\u00f3n de la cultura local y de las bellezas naturales, fue organizado por Peuco Expediciones y patrocinado por el Departamento de Acci\u00f3n Social del Obispado de Temuco, la Municipalidad, CMPC y emprendedores de la zona.<\/em><\/li>\n<\/ul>\n\n\n\n<p>Recorrer los humedales, valorar la flora y fauna, conocer la historia y cultura de la localidad, fue precisamente lo que pudieron experimentar este fin de semana los amantes de la vida outdoor, en la segunda versi\u00f3n del Peuco Kayak Fest, evento organizado por Peuco Expediciones y patrocinado por CMPC y la Municipalidad de Carahue.<\/p>\n\n\n\n<p>El evento se realiz\u00f3 bajo el alero de la Ruta Carahue Navegable, traves\u00eda tur\u00edstica que conecta con un territorio lleno de historia, naturaleza y diferentes servicios brindados por la comunidad, donde los r\u00edos Imperial y Monkul son los ejes que articula la red de emprendimientos tur\u00edsticos.<\/p>\n\n\n\n<p>Mauricio San Mart\u00edn de Peuco Expediciones de la Ruta Carahue Navegable, sostuvo que \u201ceste evento tiene por finalidad mostrar el territorio y que, en la costa de La Araucan\u00eda, se pueden hacer cosas. En esta actividad se reunieron distintas empresas de turismo que ven desde otro foco c\u00f3mo mirar la regi\u00f3n para hacer y fomentar el turismo de intereses especiales. De tal manera de entregar una oferta atractiva de la ruta y para que lleguen m\u00e1s visitantes\u201d. &nbsp;<\/p>\n\n\n\n<p>Por su parte, Juan Pablo Fuentes, subgerente de Relacionamiento Territorial Sur de CMPC, junto con destacar la presencia de kayakistas de todo Chile, valor\u00f3 la iniciativa que busca promover la Ruta Carahue Navegable. \u201cEsta traves\u00eda tur\u00edstica, organizada por un emprendedor que es parte de la ruta fluvial, permiti\u00f3 a los kayakistas recorrer distintos lugares asociados a la ruta, entre ellos, los humedales de Monkul con toda la belleza esc\u00e9nica que eso tiene\u201d. Fuentes agreg\u00f3 que \u201ceste evento es el puntapi\u00e9 inicial de todas las actividades que se est\u00e1n generando para potenciar la ruta esta temporada\u201d.<\/p>\n\n\n\n<p><strong>Aventura y naturaleza<\/strong><\/p>\n\n\n\n<p>El primer d\u00eda de la traves\u00eda comenz\u00f3 en la localidad de Trovolhue, donde los m\u00e1s de 45 kayakistas remaron un total de 20 kil\u00f3metros hasta la Comunidad Mateo Nahuelp\u00e1n, ubicada en el humedal Monkul, trayecto donde los gu\u00edas reforzaron las t\u00e9cnicas de remado.<\/p>\n\n\n\n<p>Ese mismo d\u00eda, avanzaron por 4 kil\u00f3metros desde Monkul al Lodge Puerto Koupo, donde realizaron actividades de rescate en el agua, instancia donde adem\u00e1s fueron parte de una charla en la cual se habl\u00f3 de seguridad, no dejar rastro en la naturaleza, manejo de riesgos y toma de decisiones en la navegaci\u00f3n.<\/p>\n\n\n\n<p>El \u00faltimo d\u00eda, la traves\u00eda&nbsp; de 10 km se inici\u00f3 en el Puente Budi &nbsp;hasta el sector Curileufu Grande, donde se emplaza el emprendimiento Wampo Chile, lugar en el que se realizaron cl\u00ednicas de wampo a&nbsp; cargo de Carlos Diaz &nbsp;Nahuel. Terminando la traves\u00eda Peuco Kayak Fest en&nbsp; Puerto Dom\u00ednguez.<\/p>\n\n\n\n<p>Esta segunda versi\u00f3n de la traves\u00eda tur\u00edstica Peuco Kayak Fest recibi\u00f3 a visitantes que viajaron desde Punta Arenas, Puerto Natales, Villarrica, Vi\u00f1a del Mar y Santiago, entre otras ciudades de Chile.<\/p>\n\n\n\n<p>Uno de ellos fue Rolando Toledo, quien es oriundo de Carahue, pero actualmente vive en Puerto Ays\u00e9n, donde se dedica al turismo. \u201cTengo la suerte de vivir de lo que m\u00e1s me gusta hacer. Soy nativo de Carahue, pero curiosamente, como buen nativo, no conoc\u00eda esta zona. Nunca hab\u00eda tenido la suerte de recorrerlo de esta manera\u201d, coment\u00f3. Rolando tambi\u00e9n destac\u00f3 que \u201cel poder compartir con la gente que le gusta lo mismo, a uno lo potencia y potencia al resto con las experiencias que se mezclan. Es s\u00faper agradable y agradezco desde antemano el que se haya hecho este encuentro para poder darle m\u00e1s valor, no solamente como una actividad recreativa, sino tambi\u00e9n como una actividad que eventualmente pueda generar ingresos para la comunidad local\u201d.<\/p>\n\n\n\n<p>Andrea Hern\u00e1ndez, de Puerto Natales, trabaja como gu\u00eda de trekking en el Parque Nacional Torres del Paine, y tambi\u00e9n valor\u00f3 la experiencia como enriquecedora, al poder disfrutar de la naturaleza, la exigencia del deporte y de compartir con sus compa\u00f1eros: \u201cHa sido una experiencia muy buena, con muy buenos \u2018profes\u2019 y gu\u00edas. El agua como disciplina, en realidad yo creo que como en cualquier deporte, uno tiene que ponerle \u2018\u00f1eque\u2019. Estuvo s\u00faper bonito y creo que todas las personas que estuvieron participando nos sentimos muy relajados desde un principio, estar rodeados de naturaleza, de distintas aves que de repente uno no puede ver en otros lugares y estar tranquilos en un entorno\u2026as\u00ed es una muy buena experiencia\u201d. &nbsp;<\/p>\n\n\n\n<p><strong>Ruta Carahue Navegable<\/strong><\/p>\n\n\n\n<p>Se trata de una traves\u00eda que conecta la historia del R\u00edo Imperial junto a diversos servicios tur\u00edsticos que se ubican en sus riberas y sectores aleda\u00f1os. Con este claro objetivo naci\u00f3 el proyecto Carahue Navegable, apoyado por CMPC junto a la municipalidad de Carahue y otros actores locales.<\/p>\n\n\n\n<p>De esta forma, la alianza ha permitido desarrollar un proyecto de impacto social, que busca revitalizar el sector, apoyar el emprendimiento local y el turismo, y que, incluso, podr\u00eda ayudar a recuperar la ruta fluvial.<\/p>\n\n\n\n<p>Carahue es un destino irrigado por extensos cuerpos de agua: r\u00edos, lagunas, costa y humedales. Sin duda, una de las mejores formas de conectarse con su paisaje, naturaleza e historia es a trav\u00e9s de traves\u00edas n\u00e1uticas. En Carahue y Nehuent\u00fae existen diversas opciones de navegaci\u00f3n, desde arriendo de botes a remo a excursiones \u2018full day\u2019, con visita a antiguos naufragios y almuerzo campestre incluido.<\/p>\n\n\n\n<p>Tambi\u00e9n es un lugar inmejorable para la observaci\u00f3n de aves, tomar las mejores fotograf\u00edas y conocer a fondo la biodiversidad local. Los humedales de Cullinco y Monkul, la flora y fauna en laguna Trovolhue, playas Los Obispos y Lober\u00eda tienen un gran encanto para la fotograf\u00eda.<\/p>\n\n\n\n<p>Los Lafkenche son los habitantes originarios de este territorio, residentes milenarios de la cuenca del R\u00edo Imperial y de la costa de La Araucan\u00eda. Existe la oportunidad de vivir, en primera persona, lo magn\u00edfico de su cultura y cosmovisi\u00f3n visitando una ruka, escuchar notables relatos en torno al fog\u00f3n y, por supuesto, probar su exquisita gastronom\u00eda.<\/p>\n\n\n\n<p>M\u00e1s que balnearios, se trata de lugares de exuberante naturaleza, donde existe muy buena pesca de orilla y posibilidades de hacer un m\u00e1gico trekking como los acantilados de playa Hue\u00f1alihu\u00e9n.<\/p>\n\n\n\n<p><\/p>\n\n\n\n<figure class=\"wp-block-image size-large\"><img loading=\"lazy\" decoding=\"async\" width=\"1024\" height=\"576\" src=\"https:\/\/temucotelevision.cl\/web\/wp-content\/uploads\/2023\/10\/CMPC-5-1-1024x576.jpg\" alt=\"\" class=\"wp-image-45365\" srcset=\"https:\/\/temucotelevision.cl\/web\/wp-content\/uploads\/2023\/10\/CMPC-5-1-1024x576.jpg 1024w, https:\/\/temucotelevision.cl\/web\/wp-content\/uploads\/2023\/10\/CMPC-5-1-768x432.jpg 768w, https:\/\/temucotelevision.cl\/web\/wp-content\/uploads\/2023\/10\/CMPC-5-1-1536x864.jpg 1536w, https:\/\/temucotelevision.cl\/web\/wp-content\/uploads\/2023\/10\/CMPC-5-1.jpg 2000w\" sizes=\"auto, (max-width: 1024px) 100vw, 1024px\" \/><\/figure>\n","protected":false},"excerpt":{"rendered":"<div class=\"pvc_clear\"><\/div>\n<p id=\"pvc_stats_45363\" class=\"pvc_stats total_only  \" data-element-id=\"45363\" style=\"\"><i class=\"pvc-stats-icon large\" aria-hidden=\"true\"><svg aria-hidden=\"true\" focusable=\"false\" data-prefix=\"far\" data-icon=\"chart-bar\" role=\"img\" xmlns=\"http:\/\/www.w3.org\/2000\/svg\" viewBox=\"0 0 512 512\" class=\"svg-inline--fa fa-chart-bar fa-w-16 fa-2x\"><path fill=\"currentColor\" d=\"M396.8 352h22.4c6.4 0 12.8-6.4 12.8-12.8V108.8c0-6.4-6.4-12.8-12.8-12.8h-22.4c-6.4 0-12.8 6.4-12.8 12.8v230.4c0 6.4 6.4 12.8 12.8 12.8zm-192 0h22.4c6.4 0 12.8-6.4 12.8-12.8V140.8c0-6.4-6.4-12.8-12.8-12.8h-22.4c-6.4 0-12.8 6.4-12.8 12.8v198.4c0 6.4 6.4 12.8 12.8 12.8zm96 0h22.4c6.4 0 12.8-6.4 12.8-12.8V204.8c0-6.4-6.4-12.8-12.8-12.8h-22.4c-6.4 0-12.8 6.4-12.8 12.8v134.4c0 6.4 6.4 12.8 12.8 12.8zM496 400H48V80c0-8.84-7.16-16-16-16H16C7.16 64 0 71.16 0 80v336c0 17.67 14.33 32 32 32h464c8.84 0 16-7.16 16-16v-16c0-8.84-7.16-16-16-16zm-387.2-48h22.4c6.4 0 12.8-6.4 12.8-12.8v-70.4c0-6.4-6.4-12.8-12.8-12.8h-22.4c-6.4 0-12.8 6.4-12.8 12.8v70.4c0 6.4 6.4 12.8 12.8 12.8z\" class=\"\"><\/path><\/svg><\/i> <img loading=\"lazy\" decoding=\"async\" width=\"16\" height=\"16\" alt=\"Loading\" src=\"https:\/\/temucotelevision.cl\/web\/wp-content\/plugins\/page-views-count\/ajax-loader-2x.gif\" border=0 \/><\/p>\n<div class=\"pvc_clear\"><\/div>\n<p>Recorrer los humedales, valorar la flora y fauna, conocer la historia y cultura de la localidad, fue precisamente lo que<\/p>\n","protected":false},"author":1,"featured_media":45364,"comment_status":"open","ping_status":"open","sticky":false,"template":"","format":"standard","meta":{"colormag_page_container_layout":"default_layout","colormag_page_sidebar_layout":"default_layout","footnotes":""},"categories":[86],"tags":[320,5969,695],"class_list":["post-45363","post","type-post","status-publish","format-standard","has-post-thumbnail","hentry","category-panoramas","tag-carahue","tag-kayak","tag-ruta"],"a3_pvc":{"activated":true,"total_views":2992,"today_views":0},"_links":{"self":[{"href":"https:\/\/temucotelevision.cl\/web\/wp-json\/wp\/v2\/posts\/45363","targetHints":{"allow":["GET"]}}],"collection":[{"href":"https:\/\/temucotelevision.cl\/web\/wp-json\/wp\/v2\/posts"}],"about":[{"href":"https:\/\/temucotelevision.cl\/web\/wp-json\/wp\/v2\/types\/post"}],"author":[{"embeddable":true,"href":"https:\/\/temucotelevision.cl\/web\/wp-json\/wp\/v2\/users\/1"}],"replies":[{"embeddable":true,"href":"https:\/\/temucotelevision.cl\/web\/wp-json\/wp\/v2\/comments?post=45363"}],"version-history":[{"count":1,"href":"https:\/\/temucotelevision.cl\/web\/wp-json\/wp\/v2\/posts\/45363\/revisions"}],"predecessor-version":[{"id":45366,"href":"https:\/\/temucotelevision.cl\/web\/wp-json\/wp\/v2\/posts\/45363\/revisions\/45366"}],"wp:featuredmedia":[{"embeddable":true,"href":"https:\/\/temucotelevision.cl\/web\/wp-json\/wp\/v2\/media\/45364"}],"wp:attachment":[{"href":"https:\/\/temucotelevision.cl\/web\/wp-json\/wp\/v2\/media?parent=45363"}],"wp:term":[{"taxonomy":"category","embeddable":true,"href":"https:\/\/temucotelevision.cl\/web\/wp-json\/wp\/v2\/categories?post=45363"},{"taxonomy":"post_tag","embeddable":true,"href":"https:\/\/temucotelevision.cl\/web\/wp-json\/wp\/v2\/tags?post=45363"}],"curies":[{"name":"wp","href":"https:\/\/api.w.org\/{rel}","templated":true}]}}