{"id":45361,"date":"2023-10-14T21:49:42","date_gmt":"2023-10-15T00:49:42","guid":{"rendered":"https:\/\/temucotelevision.cl\/web\/?p=45361"},"modified":"2023-10-14T21:52:25","modified_gmt":"2023-10-15T00:52:25","slug":"pdi-victoria-detuvo-a-hombre-acusado-de-violacion-contra-la-hija-de-su-pareja","status":"publish","type":"post","link":"https:\/\/temucotelevision.cl\/web\/2023\/10\/14\/pdi-victoria-detuvo-a-hombre-acusado-de-violacion-contra-la-hija-de-su-pareja\/","title":{"rendered":"PDI Victoria detuvo a hombre acusado de violaci\u00f3n contra la hija de su pareja"},"content":{"rendered":"<div class=\"pvc_clear\"><\/div><p id=\"pvc_stats_45361\" class=\"pvc_stats total_only  \" data-element-id=\"45361\" style=\"\"><i class=\"pvc-stats-icon large\" aria-hidden=\"true\"><svg aria-hidden=\"true\" focusable=\"false\" data-prefix=\"far\" data-icon=\"chart-bar\" role=\"img\" xmlns=\"http:\/\/www.w3.org\/2000\/svg\" viewBox=\"0 0 512 512\" class=\"svg-inline--fa fa-chart-bar fa-w-16 fa-2x\"><path fill=\"currentColor\" d=\"M396.8 352h22.4c6.4 0 12.8-6.4 12.8-12.8V108.8c0-6.4-6.4-12.8-12.8-12.8h-22.4c-6.4 0-12.8 6.4-12.8 12.8v230.4c0 6.4 6.4 12.8 12.8 12.8zm-192 0h22.4c6.4 0 12.8-6.4 12.8-12.8V140.8c0-6.4-6.4-12.8-12.8-12.8h-22.4c-6.4 0-12.8 6.4-12.8 12.8v198.4c0 6.4 6.4 12.8 12.8 12.8zm96 0h22.4c6.4 0 12.8-6.4 12.8-12.8V204.8c0-6.4-6.4-12.8-12.8-12.8h-22.4c-6.4 0-12.8 6.4-12.8 12.8v134.4c0 6.4 6.4 12.8 12.8 12.8zM496 400H48V80c0-8.84-7.16-16-16-16H16C7.16 64 0 71.16 0 80v336c0 17.67 14.33 32 32 32h464c8.84 0 16-7.16 16-16v-16c0-8.84-7.16-16-16-16zm-387.2-48h22.4c6.4 0 12.8-6.4 12.8-12.8v-70.4c0-6.4-6.4-12.8-12.8-12.8h-22.4c-6.4 0-12.8 6.4-12.8 12.8v70.4c0 6.4 6.4 12.8 12.8 12.8z\" class=\"\"><\/path><\/svg><\/i> <img loading=\"lazy\" decoding=\"async\" width=\"16\" height=\"16\" alt=\"Loading\" src=\"https:\/\/temucotelevision.cl\/web\/wp-content\/plugins\/page-views-count\/ajax-loader-2x.gif\" border=0 \/><\/p><div class=\"pvc_clear\"><\/div>\n<p>Detectives de la Brigada de Investigaci\u00f3n Criminal (Bicrim) Victoria, detuvieron a un hombre de 36 a\u00f1os \u2013con antecedentes policiales previos- por el delito de violaci\u00f3n de menor de 14 a\u00f1os reiterado, cometido contra una ni\u00f1a en la comuna de Victoria.<\/p>\n\n\n\n<p>El subprefecto Mauricio S\u00e1nchez, jefe de la Bicrim Victoria, indic\u00f3 que el fiscal Aldo Osorio, de la Fiscal\u00eda local, en el mes de agosto de este a\u00f1o, instruy\u00f3 a detectives de esa unidad, efectuar diligencias investigativas por el delito de abuso sexual, que derivan de una denuncia realizada en el mes de junio.<\/p>\n\n\n\n<p>\u201cEn virtud a lo anterior, los oficiales se abocaron al an\u00e1lisis criminal de los antecedentes, al trabajo del sitio del suceso, a empadronar y entrevistar testigos y establecer el per\u00edodo de comisi\u00f3n de los hechos, logrando acreditar que el imputado, tras ganarse la confianza del grupo familiar, aprovechaba las instancias en que se quedaba solo con la v\u00edctima, de 7 a\u00f1os, abusando sexualmente de ella, hechos que se reiteraron por m\u00e1s de un a\u00f1o\u201d, precis\u00f3 el subprefecto S\u00e1nchez.<\/p>\n\n\n\n<p>Con dichos antecedentes, el fiscal de la causa gestion\u00f3 ante el Juzgado de Garant\u00eda una orden de detenci\u00f3n contra el imputado por el delito de violaci\u00f3n de menor de 14 a\u00f1os, por el cual fue formalizado, decret\u00e1ndose la medida cautelar de prisi\u00f3n preventiva y estableciendo un plazo de dos meses de investigaci\u00f3n.<\/p>\n","protected":false},"excerpt":{"rendered":"<div class=\"pvc_clear\"><\/div>\n<p id=\"pvc_stats_45361\" class=\"pvc_stats total_only  \" data-element-id=\"45361\" style=\"\"><i class=\"pvc-stats-icon large\" aria-hidden=\"true\"><svg aria-hidden=\"true\" focusable=\"false\" data-prefix=\"far\" data-icon=\"chart-bar\" role=\"img\" xmlns=\"http:\/\/www.w3.org\/2000\/svg\" viewBox=\"0 0 512 512\" class=\"svg-inline--fa fa-chart-bar fa-w-16 fa-2x\"><path fill=\"currentColor\" d=\"M396.8 352h22.4c6.4 0 12.8-6.4 12.8-12.8V108.8c0-6.4-6.4-12.8-12.8-12.8h-22.4c-6.4 0-12.8 6.4-12.8 12.8v230.4c0 6.4 6.4 12.8 12.8 12.8zm-192 0h22.4c6.4 0 12.8-6.4 12.8-12.8V140.8c0-6.4-6.4-12.8-12.8-12.8h-22.4c-6.4 0-12.8 6.4-12.8 12.8v198.4c0 6.4 6.4 12.8 12.8 12.8zm96 0h22.4c6.4 0 12.8-6.4 12.8-12.8V204.8c0-6.4-6.4-12.8-12.8-12.8h-22.4c-6.4 0-12.8 6.4-12.8 12.8v134.4c0 6.4 6.4 12.8 12.8 12.8zM496 400H48V80c0-8.84-7.16-16-16-16H16C7.16 64 0 71.16 0 80v336c0 17.67 14.33 32 32 32h464c8.84 0 16-7.16 16-16v-16c0-8.84-7.16-16-16-16zm-387.2-48h22.4c6.4 0 12.8-6.4 12.8-12.8v-70.4c0-6.4-6.4-12.8-12.8-12.8h-22.4c-6.4 0-12.8 6.4-12.8 12.8v70.4c0 6.4 6.4 12.8 12.8 12.8z\" class=\"\"><\/path><\/svg><\/i> <img loading=\"lazy\" decoding=\"async\" width=\"16\" height=\"16\" alt=\"Loading\" src=\"https:\/\/temucotelevision.cl\/web\/wp-content\/plugins\/page-views-count\/ajax-loader-2x.gif\" border=0 \/><\/p>\n<div class=\"pvc_clear\"><\/div>\n<p>Detectives de la Brigada de Investigaci\u00f3n Criminal (Bicrim) Victoria, detuvieron a un hombre de 36 a\u00f1os \u2013con antecedentes policiales previos-<\/p>\n","protected":false},"author":1,"featured_media":2625,"comment_status":"open","ping_status":"open","sticky":false,"template":"","format":"standard","meta":{"colormag_page_container_layout":"default_layout","colormag_page_sidebar_layout":"default_layout","footnotes":""},"categories":[16],"tags":[188,1006,499],"class_list":["post-45361","post","type-post","status-publish","format-standard","has-post-thumbnail","hentry","category-policial","tag-hombre","tag-investigacion","tag-pareja"],"a3_pvc":{"activated":true,"total_views":2934,"today_views":0},"_links":{"self":[{"href":"https:\/\/temucotelevision.cl\/web\/wp-json\/wp\/v2\/posts\/45361","targetHints":{"allow":["GET"]}}],"collection":[{"href":"https:\/\/temucotelevision.cl\/web\/wp-json\/wp\/v2\/posts"}],"about":[{"href":"https:\/\/temucotelevision.cl\/web\/wp-json\/wp\/v2\/types\/post"}],"author":[{"embeddable":true,"href":"https:\/\/temucotelevision.cl\/web\/wp-json\/wp\/v2\/users\/1"}],"replies":[{"embeddable":true,"href":"https:\/\/temucotelevision.cl\/web\/wp-json\/wp\/v2\/comments?post=45361"}],"version-history":[{"count":1,"href":"https:\/\/temucotelevision.cl\/web\/wp-json\/wp\/v2\/posts\/45361\/revisions"}],"predecessor-version":[{"id":45362,"href":"https:\/\/temucotelevision.cl\/web\/wp-json\/wp\/v2\/posts\/45361\/revisions\/45362"}],"wp:featuredmedia":[{"embeddable":true,"href":"https:\/\/temucotelevision.cl\/web\/wp-json\/wp\/v2\/media\/2625"}],"wp:attachment":[{"href":"https:\/\/temucotelevision.cl\/web\/wp-json\/wp\/v2\/media?parent=45361"}],"wp:term":[{"taxonomy":"category","embeddable":true,"href":"https:\/\/temucotelevision.cl\/web\/wp-json\/wp\/v2\/categories?post=45361"},{"taxonomy":"post_tag","embeddable":true,"href":"https:\/\/temucotelevision.cl\/web\/wp-json\/wp\/v2\/tags?post=45361"}],"curies":[{"name":"wp","href":"https:\/\/api.w.org\/{rel}","templated":true}]}}