{"id":45354,"date":"2023-10-13T17:59:39","date_gmt":"2023-10-13T20:59:39","guid":{"rendered":"https:\/\/temucotelevision.cl\/web\/?p=45354"},"modified":"2023-10-13T17:59:39","modified_gmt":"2023-10-13T20:59:39","slug":"temuco-ejecuto-simulacro-mas-grande-del-pais-con-mas-de-130-mil-personas-evacuadas","status":"publish","type":"post","link":"https:\/\/temucotelevision.cl\/web\/2023\/10\/13\/temuco-ejecuto-simulacro-mas-grande-del-pais-con-mas-de-130-mil-personas-evacuadas\/","title":{"rendered":"Temuco: ejecuto simulacro m\u00e1s grande del pa\u00eds con m\u00e1s de 130 mil personas evacuadas"},"content":{"rendered":"<div class=\"pvc_clear\"><\/div><p id=\"pvc_stats_45354\" class=\"pvc_stats total_only  \" data-element-id=\"45354\" style=\"\"><i class=\"pvc-stats-icon large\" aria-hidden=\"true\"><svg aria-hidden=\"true\" focusable=\"false\" data-prefix=\"far\" data-icon=\"chart-bar\" role=\"img\" xmlns=\"http:\/\/www.w3.org\/2000\/svg\" viewBox=\"0 0 512 512\" class=\"svg-inline--fa fa-chart-bar fa-w-16 fa-2x\"><path fill=\"currentColor\" d=\"M396.8 352h22.4c6.4 0 12.8-6.4 12.8-12.8V108.8c0-6.4-6.4-12.8-12.8-12.8h-22.4c-6.4 0-12.8 6.4-12.8 12.8v230.4c0 6.4 6.4 12.8 12.8 12.8zm-192 0h22.4c6.4 0 12.8-6.4 12.8-12.8V140.8c0-6.4-6.4-12.8-12.8-12.8h-22.4c-6.4 0-12.8 6.4-12.8 12.8v198.4c0 6.4 6.4 12.8 12.8 12.8zm96 0h22.4c6.4 0 12.8-6.4 12.8-12.8V204.8c0-6.4-6.4-12.8-12.8-12.8h-22.4c-6.4 0-12.8 6.4-12.8 12.8v134.4c0 6.4 6.4 12.8 12.8 12.8zM496 400H48V80c0-8.84-7.16-16-16-16H16C7.16 64 0 71.16 0 80v336c0 17.67 14.33 32 32 32h464c8.84 0 16-7.16 16-16v-16c0-8.84-7.16-16-16-16zm-387.2-48h22.4c6.4 0 12.8-6.4 12.8-12.8v-70.4c0-6.4-6.4-12.8-12.8-12.8h-22.4c-6.4 0-12.8 6.4-12.8 12.8v70.4c0 6.4 6.4 12.8 12.8 12.8z\" class=\"\"><\/path><\/svg><\/i> <img loading=\"lazy\" decoding=\"async\" width=\"16\" height=\"16\" alt=\"Loading\" src=\"https:\/\/temucotelevision.cl\/web\/wp-content\/plugins\/page-views-count\/ajax-loader-2x.gif\" border=0 \/><\/p><div class=\"pvc_clear\"><\/div>\n<p><em>La Municipalidad de Temuco, en conjunto con el Comit\u00e9 Comunal de Gesti\u00f3n del Riesgo de Desastres (Cogrid), realiz\u00f3 con \u00e9xito su gran hito que, gracias a la potente campa\u00f1a informativa realizada en m\u00e1s de 300 lugares desde marzo, logr\u00f3 cumplir los objetivos del ejercicio que paraliz\u00f3 la capital de la Araucan\u00eda este 13 de octubre.<\/em><\/p>\n\n\n\n<p>Fueron casi ocho meses de planificaci\u00f3n, dos ensayos, una intensa campa\u00f1a de difusi\u00f3n informativa previa, y una gran expectativa e inter\u00e9s de la comunidad, los ingredientes que lograron el \u00e9xito del \u201cSimulacro de Megaterremoto 8.5 Richter\u201d ejecutado por la Municipalidad de Temuco en conjunto con el Comit\u00e9 Comunal de Gesti\u00f3n del Riesgo de Desastres (Cogrid), y una cifra hist\u00f3rica en los pocos simulacros masivos que se han efectuado en Chile con m\u00e1s de 130 mil personas evacuadas.<\/p>\n\n\n\n<p>La administraci\u00f3n del alcalde Roberto Neira, ven\u00eda preparando desde marzo este gran hito, a trav\u00e9s de la Direcci\u00f3n de Gesti\u00f3n de Riesgos de Desastres, con una exhaustiva planificaci\u00f3n que contempl\u00f3 la visita a m\u00e1s de 300 lugares y la misi\u00f3n cumplida de informar la iniciativa, lo que permiti\u00f3 desarrollar con gran \u00e9xito y seriedad este suceso que, sin duda, logr\u00f3 avanzar significativamente en temas de prevenci\u00f3n de grandes emergencias.<\/p>\n\n\n\n<p>La capital de la Araucan\u00eda estuvo por casi dos horas en los ojos del pa\u00eds, incluso de otros pa\u00edses, dando un gran ejemplo de responsabilidad ante una inminente cat\u00e1strofe. En este contexto, el alcalde Roberto Neira coment\u00f3: \u201ceste fue un ejercicio muy positivo, donde logramos hacer part\u00edcipe a la ciudadan\u00eda con m\u00e1s de 130 mil personas, dando un ejemplo como ciudad de responsabilidad y prevenci\u00f3n ante emergencias grandes, y donde quiero destacar el apoyo de bomberos, Carabineros, Cl\u00ednica Alemana. Somos uno de los pa\u00edses m\u00e1s s\u00edsmicos del mundo y, con esto, nos estamos tomando en serio y agradezco a la poblaci\u00f3n por entender que este ejercicio es importante para mejorar la reacci\u00f3n de las instituciones ante una cat\u00e1strofe\u201d.<\/p>\n\n\n\n<p>Con un protagonismo importante en este ejercicio, el Cuerpo de Bomberos de Temuco cumpli\u00f3 con creces las expectativas y, en este sentido, el superintendente, Alfredo Lassalle, coment\u00f3: \u201ceste fue un ejercicio hist\u00f3rico, y nosotros participamos porque tenemos que poner en practica todos los protocolos establecidos ante una crisis, y hoy estuvimos como instituci\u00f3n desplegados con 150 bomberos en 10 acciones simultaneas prestando todo el apoyo necesario. Nuestra evaluaci\u00f3n es muy positiva y nos sirvi\u00f3 para coordinar de mejor manera el trabajo con los distintos actores del Cogrid, para reaccionar de la mejora forma ante una emergencia\u201d.<\/p>\n\n\n\n<p><strong>Participaci\u00f3n<\/strong><\/p>\n\n\n\n<p>Para asegurar la participaci\u00f3n transversal de la iniciativa, el municipio trabaj\u00f3 este ejercicio, adem\u00e1s, con varias organizaciones como polic\u00edas, universidades e institutos profesionales, clubes de radioaficionados, y de forma protag\u00f3nica, personal de la Segunda y Octava Comisaria de Carabineros de Temuco.<\/p>\n\n\n\n<p>En este contexto, el general Manuel Cifuentes se\u00f1al\u00f3: \u201cquiero felicitar la iniciativa del alcalde y todo su equipo municipal porque con este ejercicio quien gan\u00f3 fue la ciudadan\u00eda. La idea de realizar este simulacro de la forma m\u00e1s real posible fue muy bien lograda, nosotros movilizamos m\u00e1s de 100 efectivos policiales, y mi mensaje a la poblaci\u00f3n es de valorar y a estar tranquilas a que sus autoridades est\u00e1n ocupadas trabajando para afrontar de la mejor manera eventuales situaciones de emergencia\u201d.<\/p>\n\n\n\n<p>No obstante, el municipio inform\u00f3 que el an\u00e1lisis global del simulacro, se realizar\u00e1 al corto o mediano plazo, y que se generar\u00e1 la publicaci\u00f3n de un manual de buenas pr\u00e1cticas con recomendaciones de las instituciones y organizaciones que participaron, para las diferentes etapas de un terremoto como:&nbsp; el ante, durante y el despu\u00e9s, que estar\u00e1 disponible en la p\u00e1gina web municipal www.temuco.cl.&nbsp;<\/p>\n\n\n\n<figure class=\"wp-block-image size-large\"><img loading=\"lazy\" decoding=\"async\" width=\"1024\" height=\"682\" src=\"https:\/\/temucotelevision.cl\/web\/wp-content\/uploads\/2023\/10\/Simulacro2-1024x682.jpg\" alt=\"\" class=\"wp-image-45356\" srcset=\"https:\/\/temucotelevision.cl\/web\/wp-content\/uploads\/2023\/10\/Simulacro2-1024x682.jpg 1024w, https:\/\/temucotelevision.cl\/web\/wp-content\/uploads\/2023\/10\/Simulacro2-768x512.jpg 768w, https:\/\/temucotelevision.cl\/web\/wp-content\/uploads\/2023\/10\/Simulacro2-1536x1024.jpg 1536w, https:\/\/temucotelevision.cl\/web\/wp-content\/uploads\/2023\/10\/Simulacro2.jpg 2000w\" sizes=\"auto, (max-width: 1024px) 100vw, 1024px\" \/><\/figure>\n","protected":false},"excerpt":{"rendered":"<div class=\"pvc_clear\"><\/div>\n<p id=\"pvc_stats_45354\" class=\"pvc_stats total_only  \" data-element-id=\"45354\" style=\"\"><i class=\"pvc-stats-icon large\" aria-hidden=\"true\"><svg aria-hidden=\"true\" focusable=\"false\" data-prefix=\"far\" data-icon=\"chart-bar\" role=\"img\" xmlns=\"http:\/\/www.w3.org\/2000\/svg\" viewBox=\"0 0 512 512\" class=\"svg-inline--fa fa-chart-bar fa-w-16 fa-2x\"><path fill=\"currentColor\" d=\"M396.8 352h22.4c6.4 0 12.8-6.4 12.8-12.8V108.8c0-6.4-6.4-12.8-12.8-12.8h-22.4c-6.4 0-12.8 6.4-12.8 12.8v230.4c0 6.4 6.4 12.8 12.8 12.8zm-192 0h22.4c6.4 0 12.8-6.4 12.8-12.8V140.8c0-6.4-6.4-12.8-12.8-12.8h-22.4c-6.4 0-12.8 6.4-12.8 12.8v198.4c0 6.4 6.4 12.8 12.8 12.8zm96 0h22.4c6.4 0 12.8-6.4 12.8-12.8V204.8c0-6.4-6.4-12.8-12.8-12.8h-22.4c-6.4 0-12.8 6.4-12.8 12.8v134.4c0 6.4 6.4 12.8 12.8 12.8zM496 400H48V80c0-8.84-7.16-16-16-16H16C7.16 64 0 71.16 0 80v336c0 17.67 14.33 32 32 32h464c8.84 0 16-7.16 16-16v-16c0-8.84-7.16-16-16-16zm-387.2-48h22.4c6.4 0 12.8-6.4 12.8-12.8v-70.4c0-6.4-6.4-12.8-12.8-12.8h-22.4c-6.4 0-12.8 6.4-12.8 12.8v70.4c0 6.4 6.4 12.8 12.8 12.8z\" class=\"\"><\/path><\/svg><\/i> <img loading=\"lazy\" decoding=\"async\" width=\"16\" height=\"16\" alt=\"Loading\" src=\"https:\/\/temucotelevision.cl\/web\/wp-content\/plugins\/page-views-count\/ajax-loader-2x.gif\" border=0 \/><\/p>\n<div class=\"pvc_clear\"><\/div>\n<p>La Municipalidad de Temuco, en conjunto con el Comit\u00e9 Comunal de Gesti\u00f3n del Riesgo de Desastres (Cogrid), realiz\u00f3 con \u00e9xito<\/p>\n","protected":false},"author":1,"featured_media":45355,"comment_status":"open","ping_status":"open","sticky":false,"template":"","format":"standard","meta":{"colormag_page_container_layout":"default_layout","colormag_page_sidebar_layout":"default_layout","footnotes":""},"categories":[14],"tags":[321,2238,78,759],"class_list":["post-45354","post","type-post","status-publish","format-standard","has-post-thumbnail","hentry","category-temuco","tag-emergencia","tag-simulacro","tag-temuco","tag-terremoto"],"a3_pvc":{"activated":true,"total_views":4278,"today_views":0},"_links":{"self":[{"href":"https:\/\/temucotelevision.cl\/web\/wp-json\/wp\/v2\/posts\/45354","targetHints":{"allow":["GET"]}}],"collection":[{"href":"https:\/\/temucotelevision.cl\/web\/wp-json\/wp\/v2\/posts"}],"about":[{"href":"https:\/\/temucotelevision.cl\/web\/wp-json\/wp\/v2\/types\/post"}],"author":[{"embeddable":true,"href":"https:\/\/temucotelevision.cl\/web\/wp-json\/wp\/v2\/users\/1"}],"replies":[{"embeddable":true,"href":"https:\/\/temucotelevision.cl\/web\/wp-json\/wp\/v2\/comments?post=45354"}],"version-history":[{"count":1,"href":"https:\/\/temucotelevision.cl\/web\/wp-json\/wp\/v2\/posts\/45354\/revisions"}],"predecessor-version":[{"id":45357,"href":"https:\/\/temucotelevision.cl\/web\/wp-json\/wp\/v2\/posts\/45354\/revisions\/45357"}],"wp:featuredmedia":[{"embeddable":true,"href":"https:\/\/temucotelevision.cl\/web\/wp-json\/wp\/v2\/media\/45355"}],"wp:attachment":[{"href":"https:\/\/temucotelevision.cl\/web\/wp-json\/wp\/v2\/media?parent=45354"}],"wp:term":[{"taxonomy":"category","embeddable":true,"href":"https:\/\/temucotelevision.cl\/web\/wp-json\/wp\/v2\/categories?post=45354"},{"taxonomy":"post_tag","embeddable":true,"href":"https:\/\/temucotelevision.cl\/web\/wp-json\/wp\/v2\/tags?post=45354"}],"curies":[{"name":"wp","href":"https:\/\/api.w.org\/{rel}","templated":true}]}}