{"id":45348,"date":"2023-10-13T16:31:07","date_gmt":"2023-10-13T19:31:07","guid":{"rendered":"https:\/\/temucotelevision.cl\/web\/?p=45348"},"modified":"2023-10-13T16:31:08","modified_gmt":"2023-10-13T19:31:08","slug":"descubre-el-tesoro-escondido-junto-a-araucania-en-100palabras","status":"publish","type":"post","link":"https:\/\/temucotelevision.cl\/web\/2023\/10\/13\/descubre-el-tesoro-escondido-junto-a-araucania-en-100palabras\/","title":{"rendered":"Descubre el tesoro escondido junto a Araucan\u00eda en 100Palabras"},"content":{"rendered":"<div class=\"pvc_clear\"><\/div><p id=\"pvc_stats_45348\" class=\"pvc_stats total_only  \" data-element-id=\"45348\" style=\"\"><i class=\"pvc-stats-icon large\" aria-hidden=\"true\"><svg aria-hidden=\"true\" focusable=\"false\" data-prefix=\"far\" data-icon=\"chart-bar\" role=\"img\" xmlns=\"http:\/\/www.w3.org\/2000\/svg\" viewBox=\"0 0 512 512\" class=\"svg-inline--fa fa-chart-bar fa-w-16 fa-2x\"><path fill=\"currentColor\" d=\"M396.8 352h22.4c6.4 0 12.8-6.4 12.8-12.8V108.8c0-6.4-6.4-12.8-12.8-12.8h-22.4c-6.4 0-12.8 6.4-12.8 12.8v230.4c0 6.4 6.4 12.8 12.8 12.8zm-192 0h22.4c6.4 0 12.8-6.4 12.8-12.8V140.8c0-6.4-6.4-12.8-12.8-12.8h-22.4c-6.4 0-12.8 6.4-12.8 12.8v198.4c0 6.4 6.4 12.8 12.8 12.8zm96 0h22.4c6.4 0 12.8-6.4 12.8-12.8V204.8c0-6.4-6.4-12.8-12.8-12.8h-22.4c-6.4 0-12.8 6.4-12.8 12.8v134.4c0 6.4 6.4 12.8 12.8 12.8zM496 400H48V80c0-8.84-7.16-16-16-16H16C7.16 64 0 71.16 0 80v336c0 17.67 14.33 32 32 32h464c8.84 0 16-7.16 16-16v-16c0-8.84-7.16-16-16-16zm-387.2-48h22.4c6.4 0 12.8-6.4 12.8-12.8v-70.4c0-6.4-6.4-12.8-12.8-12.8h-22.4c-6.4 0-12.8 6.4-12.8 12.8v70.4c0 6.4 6.4 12.8 12.8 12.8z\" class=\"\"><\/path><\/svg><\/i> <img loading=\"lazy\" decoding=\"async\" width=\"16\" height=\"16\" alt=\"Loading\" src=\"https:\/\/temucotelevision.cl\/web\/wp-content\/plugins\/page-views-count\/ajax-loader-2x.gif\" border=0 \/><\/p><div class=\"pvc_clear\"><\/div>\n<p>A menos de un mes para el cierre del concurso de cuentos breves Araucan\u00eda en 100 Palabras, este s\u00e1bado 14 de octubre se realizar\u00e1 una jornada familiar con cuentacuentos y una entretenida b\u00fasqueda del tesoro literario en el Museo Nacional Ferroviario Pablo Neruda para inspirar a quienes a\u00fan no han escrito, a que env\u00eden sus<br>relatos breves antes del 6 de noviembre en que termina el plazo de su recepci\u00f3n.<\/p>\n\n\n\n<p>Cientos de historias se han contado sobre trenes y la vida ferroviaria. Novelas, cuentos, canciones y pel\u00edculas han nacido de las experiencias de subirse a uno de los medios de transporte m\u00e1s atesorados por la humanidad, por eso, el concurso de cuentos Araucan\u00eda en 100 Palabras, invita este s\u00e1bado 14 de octubre a un encuentro a las 16:00 horas en el Museo Nacional Ferroviario Pablo Neruda, para llamar a nuevos autores a que env\u00eden sus<br>relatos breves hasta el 6 de noviembre.<\/p>\n\n\n\n<p>La jornada que comenzar\u00e1 con la presentaci\u00f3n de un cuentacuentos, seguir\u00e1 con la B\u00fasqueda del Tesoro, un juego en que los ni\u00f1os podr\u00e1n encontrar libros tras descifrar un grupo de pistas y al finalizar, habr\u00e1 un taller de escritura creativa para soltar la imaginaci\u00f3n y la pluma. Ser\u00e1 un d\u00eda de actividades gratuitas y abiertas a todo p\u00fablico.<\/p>\n\n\n\n<p>Presentado por Fundaci\u00f3n Plagio y Empresas CMPC, este concurso premiar\u00e1 a ocho cuentos finalistas elegidos por un jurado vinculado a la regi\u00f3n. Las categor\u00edas participantes son: Primer Lugar; el Premio al Talento Infantil (para menores de 12 a\u00f1os); el Premio al Talento Joven (para j\u00f3venes entre 13 y 18 a\u00f1os); el Premio al Talento Mayor (para mayores de 65 a\u00f1os); el Premio al Mejor Relato en Mapudungun; y dos menciones honrosas.<\/p>\n\n\n\n<p>Esta versi\u00f3n 2023, tambi\u00e9n otorgar\u00e1 una premiaci\u00f3n especial al Mejor Relato de la Memoria para cuentos que aborden la historia, los recuerdos y el pasado de la regi\u00f3n y sus habitantes.<\/p>\n\n\n\n<p>Se pueden enviar hasta cinco relatos al concurso y no es necesario ser escritor o escritora profesional para participar. La invitaci\u00f3n es a que m\u00e1s autores, y de distintas edades, se autodescubran y animen a compartir su talento y amor por la escritura y la lectura.<\/p>\n\n\n\n<p>El plazo para enviar los cuentos cierra el 6 de noviembre. Los finalistas ser\u00e1n difundidos a trav\u00e9s de diversos medios de comunicaci\u00f3n y podr\u00e1n ser parte de la pr\u00f3xima versi\u00f3n del libro de bolsillo que compila a los cien mejores relatos de la regi\u00f3n y que cada a\u00f1o se distribuye gratuitamente.<\/p>\n\n\n\n<p>Para revisar las bases y m\u00e1s informaci\u00f3n, el sitio oficial creado por la Fundaci\u00f3n Plagio es <a href=\"http:\/\/www.araucaniaen100palabras.cl\" data-type=\"link\" data-id=\"www.araucaniaen100palabras.cl\">www.araucaniaen100palabras.cl<\/a><\/p>\n","protected":false},"excerpt":{"rendered":"<div class=\"pvc_clear\"><\/div>\n<p id=\"pvc_stats_45348\" class=\"pvc_stats total_only  \" data-element-id=\"45348\" style=\"\"><i class=\"pvc-stats-icon large\" aria-hidden=\"true\"><svg aria-hidden=\"true\" focusable=\"false\" data-prefix=\"far\" data-icon=\"chart-bar\" role=\"img\" xmlns=\"http:\/\/www.w3.org\/2000\/svg\" viewBox=\"0 0 512 512\" class=\"svg-inline--fa fa-chart-bar fa-w-16 fa-2x\"><path fill=\"currentColor\" d=\"M396.8 352h22.4c6.4 0 12.8-6.4 12.8-12.8V108.8c0-6.4-6.4-12.8-12.8-12.8h-22.4c-6.4 0-12.8 6.4-12.8 12.8v230.4c0 6.4 6.4 12.8 12.8 12.8zm-192 0h22.4c6.4 0 12.8-6.4 12.8-12.8V140.8c0-6.4-6.4-12.8-12.8-12.8h-22.4c-6.4 0-12.8 6.4-12.8 12.8v198.4c0 6.4 6.4 12.8 12.8 12.8zm96 0h22.4c6.4 0 12.8-6.4 12.8-12.8V204.8c0-6.4-6.4-12.8-12.8-12.8h-22.4c-6.4 0-12.8 6.4-12.8 12.8v134.4c0 6.4 6.4 12.8 12.8 12.8zM496 400H48V80c0-8.84-7.16-16-16-16H16C7.16 64 0 71.16 0 80v336c0 17.67 14.33 32 32 32h464c8.84 0 16-7.16 16-16v-16c0-8.84-7.16-16-16-16zm-387.2-48h22.4c6.4 0 12.8-6.4 12.8-12.8v-70.4c0-6.4-6.4-12.8-12.8-12.8h-22.4c-6.4 0-12.8 6.4-12.8 12.8v70.4c0 6.4 6.4 12.8 12.8 12.8z\" class=\"\"><\/path><\/svg><\/i> <img loading=\"lazy\" decoding=\"async\" width=\"16\" height=\"16\" alt=\"Loading\" src=\"https:\/\/temucotelevision.cl\/web\/wp-content\/plugins\/page-views-count\/ajax-loader-2x.gif\" border=0 \/><\/p>\n<div class=\"pvc_clear\"><\/div>\n<p>A menos de un mes para el cierre del concurso de cuentos breves Araucan\u00eda en 100 Palabras, este s\u00e1bado 14<\/p>\n","protected":false},"author":1,"featured_media":45349,"comment_status":"open","ping_status":"open","sticky":false,"template":"","format":"standard","meta":{"colormag_page_container_layout":"default_layout","colormag_page_sidebar_layout":"default_layout","footnotes":""},"categories":[86],"tags":[2833,1877,147,5931],"class_list":["post-45348","post","type-post","status-publish","format-standard","has-post-thumbnail","hentry","category-panoramas","tag-100-palabras","tag-araucania-2","tag-familias","tag-tesoro"],"a3_pvc":{"activated":true,"total_views":1333,"today_views":0},"_links":{"self":[{"href":"https:\/\/temucotelevision.cl\/web\/wp-json\/wp\/v2\/posts\/45348","targetHints":{"allow":["GET"]}}],"collection":[{"href":"https:\/\/temucotelevision.cl\/web\/wp-json\/wp\/v2\/posts"}],"about":[{"href":"https:\/\/temucotelevision.cl\/web\/wp-json\/wp\/v2\/types\/post"}],"author":[{"embeddable":true,"href":"https:\/\/temucotelevision.cl\/web\/wp-json\/wp\/v2\/users\/1"}],"replies":[{"embeddable":true,"href":"https:\/\/temucotelevision.cl\/web\/wp-json\/wp\/v2\/comments?post=45348"}],"version-history":[{"count":1,"href":"https:\/\/temucotelevision.cl\/web\/wp-json\/wp\/v2\/posts\/45348\/revisions"}],"predecessor-version":[{"id":45350,"href":"https:\/\/temucotelevision.cl\/web\/wp-json\/wp\/v2\/posts\/45348\/revisions\/45350"}],"wp:featuredmedia":[{"embeddable":true,"href":"https:\/\/temucotelevision.cl\/web\/wp-json\/wp\/v2\/media\/45349"}],"wp:attachment":[{"href":"https:\/\/temucotelevision.cl\/web\/wp-json\/wp\/v2\/media?parent=45348"}],"wp:term":[{"taxonomy":"category","embeddable":true,"href":"https:\/\/temucotelevision.cl\/web\/wp-json\/wp\/v2\/categories?post=45348"},{"taxonomy":"post_tag","embeddable":true,"href":"https:\/\/temucotelevision.cl\/web\/wp-json\/wp\/v2\/tags?post=45348"}],"curies":[{"name":"wp","href":"https:\/\/api.w.org\/{rel}","templated":true}]}}