{"id":45341,"date":"2023-10-13T16:01:52","date_gmt":"2023-10-13T19:01:52","guid":{"rendered":"https:\/\/temucotelevision.cl\/web\/?p=45341"},"modified":"2023-10-13T16:04:00","modified_gmt":"2023-10-13T19:04:00","slug":"autoridades-desplegaron-operativos-de-fiscalizacion-para-prevenir-el-delito-de-abigeato-en-las-comunas-de-cunco-y-teodoro-schmidt-en-la-region-de-la-araucania","status":"publish","type":"post","link":"https:\/\/temucotelevision.cl\/web\/2023\/10\/13\/autoridades-desplegaron-operativos-de-fiscalizacion-para-prevenir-el-delito-de-abigeato-en-las-comunas-de-cunco-y-teodoro-schmidt-en-la-region-de-la-araucania\/","title":{"rendered":"Autoridades desplegaron operativos de fiscalizaci\u00f3n para prevenir el delito de abigeato en las comunas de Cunco y Teodoro Schmidt en La Araucan\u00eda"},"content":{"rendered":"<div class=\"pvc_clear\"><\/div><p id=\"pvc_stats_45341\" class=\"pvc_stats total_only  \" data-element-id=\"45341\" style=\"\"><i class=\"pvc-stats-icon large\" aria-hidden=\"true\"><svg aria-hidden=\"true\" focusable=\"false\" data-prefix=\"far\" data-icon=\"chart-bar\" role=\"img\" xmlns=\"http:\/\/www.w3.org\/2000\/svg\" viewBox=\"0 0 512 512\" class=\"svg-inline--fa fa-chart-bar fa-w-16 fa-2x\"><path fill=\"currentColor\" d=\"M396.8 352h22.4c6.4 0 12.8-6.4 12.8-12.8V108.8c0-6.4-6.4-12.8-12.8-12.8h-22.4c-6.4 0-12.8 6.4-12.8 12.8v230.4c0 6.4 6.4 12.8 12.8 12.8zm-192 0h22.4c6.4 0 12.8-6.4 12.8-12.8V140.8c0-6.4-6.4-12.8-12.8-12.8h-22.4c-6.4 0-12.8 6.4-12.8 12.8v198.4c0 6.4 6.4 12.8 12.8 12.8zm96 0h22.4c6.4 0 12.8-6.4 12.8-12.8V204.8c0-6.4-6.4-12.8-12.8-12.8h-22.4c-6.4 0-12.8 6.4-12.8 12.8v134.4c0 6.4 6.4 12.8 12.8 12.8zM496 400H48V80c0-8.84-7.16-16-16-16H16C7.16 64 0 71.16 0 80v336c0 17.67 14.33 32 32 32h464c8.84 0 16-7.16 16-16v-16c0-8.84-7.16-16-16-16zm-387.2-48h22.4c6.4 0 12.8-6.4 12.8-12.8v-70.4c0-6.4-6.4-12.8-12.8-12.8h-22.4c-6.4 0-12.8 6.4-12.8 12.8v70.4c0 6.4 6.4 12.8 12.8 12.8z\" class=\"\"><\/path><\/svg><\/i> <img loading=\"lazy\" decoding=\"async\" width=\"16\" height=\"16\" alt=\"Loading\" src=\"https:\/\/temucotelevision.cl\/web\/wp-content\/plugins\/page-views-count\/ajax-loader-2x.gif\" border=0 \/><\/p><div class=\"pvc_clear\"><\/div>\n<ul class=\"wp-block-list\">\n<li>La medida busca establecer la trazabilidad de los productos c\u00e1rnicos en recintos de producci\u00f3n, venta y distribuci\u00f3n, a fin de garantizar su calidad y disminuir la ocurrencia del robo de animales en la zona.<\/li>\n<\/ul>\n\n\n\n<p>En el marco de un operativo interinstitucional, la Subsecretar\u00eda de Prevenci\u00f3n del Delito, la Seremi de Salud, el Servicio Agr\u00edcola y Ganadero, junto a Carabineros y los municipios de Cunco y Teodoro Schmidt, llevaron adelante distintos operativos de fiscalizaci\u00f3n en recintos comerciales y rutas para prevenir el delito de abigeato o robo de animales en la Regi\u00f3n de la Araucan\u00eda. Una de las pesquisas se ejecut\u00f3 a mediados de semana en la comuna de Cunco, enfocado en el control de veh\u00edculos de transporte de animales y carnicer\u00edas, mientras este viernes se dio por cerrado el despliegue en Teodoro Schmidt, donde se visit\u00f3 recintos de distribuci\u00f3n y venta de productos c\u00e1rnicos.<\/p>\n\n\n\n<p>Las medidas apuntan a revisar las condiciones sanitarias con las que operan estos recintos, con tal de garantizar la calidad de los productos que son ofrecidos al p\u00fablico. Para ello, es necesario establecer la trazabilidad de la carne para dar cuenta de su origen y que cuenten con toda la documentaci\u00f3n al d\u00eda. Asimismo, se dio cuenta de la exposici\u00f3n a altas multas e infracciones en caso de irregularidades o incumplimientos, por lo que se reforz\u00f3 la campa\u00f1a con la comunidad.<\/p>\n\n\n\n<p>\u201cComo Coordinaci\u00f3n Regional de Seguridad P\u00fablica hemos asumido el compromiso de estar en los territorios, tanto en las zonas urbanas como rurales. Estamos abordando la actividad delictual del abigeato, contemplando fiscalizaciones en ruta y carnicer\u00edas de las provincias de Malleco y Caut\u00edn junto a Carabineros, SAG, Autoridad Sanitaria y la Seguridad Municipal de las comunas. Asimismo, hemos implementado iniciativas para la sensibilizaci\u00f3n y divulgaci\u00f3n de medidas comunitarias para enfrentar el delito, que particularmente afecta a peque\u00f1os campesinos y deteriora la agricultura familiar campesina\u201d, dijo el Coordinador Regional de Seguridad P\u00fablica, Francisco Vega.<\/p>\n\n\n\n<p>En tanto, desde el municipio de Teodoro Schmidt, destacaron la jornada y el compromiso de todas las instituciones, en una zona afectada directamente por la preminencia del robo de animales, principalmente en el \u00faltimo trimestre dada las fiestas de fin de a\u00f1o.&nbsp;<\/p>\n\n\n\n<p>\u201cLa jornada que hoy estamos haciendo es muy buena para los usuarios. Estamos revisando que se venta de la carne sea de buena calidad y tenga la documentaci\u00f3n al d\u00eda,&nbsp; de esta forma estamos todo tranquilos de que lo que est\u00e1 consumiendo la comunidad y vendiendo al mismo tiempo los productores, sea un producto que cumpla con la normativa sanitaria. Tenemos hartos problemas con el abigeato en la comuna, por esto que estamos impulsando esta medida preventiva para que todo est\u00e9 dentro del marco legal. Agradecemos la cooperaci\u00f3n de las instituciones por estar presentes\u201d, coment\u00f3 Jaime Garc\u00eda, Director de Seguridad P\u00fablica de Teodoro Schmidt.<\/p>\n","protected":false},"excerpt":{"rendered":"<div class=\"pvc_clear\"><\/div>\n<p id=\"pvc_stats_45341\" class=\"pvc_stats total_only  \" data-element-id=\"45341\" style=\"\"><i class=\"pvc-stats-icon large\" aria-hidden=\"true\"><svg aria-hidden=\"true\" focusable=\"false\" data-prefix=\"far\" data-icon=\"chart-bar\" role=\"img\" xmlns=\"http:\/\/www.w3.org\/2000\/svg\" viewBox=\"0 0 512 512\" class=\"svg-inline--fa fa-chart-bar fa-w-16 fa-2x\"><path fill=\"currentColor\" d=\"M396.8 352h22.4c6.4 0 12.8-6.4 12.8-12.8V108.8c0-6.4-6.4-12.8-12.8-12.8h-22.4c-6.4 0-12.8 6.4-12.8 12.8v230.4c0 6.4 6.4 12.8 12.8 12.8zm-192 0h22.4c6.4 0 12.8-6.4 12.8-12.8V140.8c0-6.4-6.4-12.8-12.8-12.8h-22.4c-6.4 0-12.8 6.4-12.8 12.8v198.4c0 6.4 6.4 12.8 12.8 12.8zm96 0h22.4c6.4 0 12.8-6.4 12.8-12.8V204.8c0-6.4-6.4-12.8-12.8-12.8h-22.4c-6.4 0-12.8 6.4-12.8 12.8v134.4c0 6.4 6.4 12.8 12.8 12.8zM496 400H48V80c0-8.84-7.16-16-16-16H16C7.16 64 0 71.16 0 80v336c0 17.67 14.33 32 32 32h464c8.84 0 16-7.16 16-16v-16c0-8.84-7.16-16-16-16zm-387.2-48h22.4c6.4 0 12.8-6.4 12.8-12.8v-70.4c0-6.4-6.4-12.8-12.8-12.8h-22.4c-6.4 0-12.8 6.4-12.8 12.8v70.4c0 6.4 6.4 12.8 12.8 12.8z\" class=\"\"><\/path><\/svg><\/i> <img loading=\"lazy\" decoding=\"async\" width=\"16\" height=\"16\" alt=\"Loading\" src=\"https:\/\/temucotelevision.cl\/web\/wp-content\/plugins\/page-views-count\/ajax-loader-2x.gif\" border=0 \/><\/p>\n<div class=\"pvc_clear\"><\/div>\n<p>En el marco de un operativo interinstitucional, la Subsecretar\u00eda de Prevenci\u00f3n del Delito, la Seremi de Salud, el Servicio Agr\u00edcola<\/p>\n","protected":false},"author":1,"featured_media":45342,"comment_status":"open","ping_status":"open","sticky":false,"template":"","format":"standard","meta":{"colormag_page_container_layout":"default_layout","colormag_page_sidebar_layout":"default_layout","footnotes":""},"categories":[14],"tags":[2623,1745],"class_list":["post-45341","post","type-post","status-publish","format-standard","has-post-thumbnail","hentry","category-temuco","tag-abigeato","tag-fiscalizacion"],"a3_pvc":{"activated":true,"total_views":974,"today_views":0},"_links":{"self":[{"href":"https:\/\/temucotelevision.cl\/web\/wp-json\/wp\/v2\/posts\/45341","targetHints":{"allow":["GET"]}}],"collection":[{"href":"https:\/\/temucotelevision.cl\/web\/wp-json\/wp\/v2\/posts"}],"about":[{"href":"https:\/\/temucotelevision.cl\/web\/wp-json\/wp\/v2\/types\/post"}],"author":[{"embeddable":true,"href":"https:\/\/temucotelevision.cl\/web\/wp-json\/wp\/v2\/users\/1"}],"replies":[{"embeddable":true,"href":"https:\/\/temucotelevision.cl\/web\/wp-json\/wp\/v2\/comments?post=45341"}],"version-history":[{"count":2,"href":"https:\/\/temucotelevision.cl\/web\/wp-json\/wp\/v2\/posts\/45341\/revisions"}],"predecessor-version":[{"id":45344,"href":"https:\/\/temucotelevision.cl\/web\/wp-json\/wp\/v2\/posts\/45341\/revisions\/45344"}],"wp:featuredmedia":[{"embeddable":true,"href":"https:\/\/temucotelevision.cl\/web\/wp-json\/wp\/v2\/media\/45342"}],"wp:attachment":[{"href":"https:\/\/temucotelevision.cl\/web\/wp-json\/wp\/v2\/media?parent=45341"}],"wp:term":[{"taxonomy":"category","embeddable":true,"href":"https:\/\/temucotelevision.cl\/web\/wp-json\/wp\/v2\/categories?post=45341"},{"taxonomy":"post_tag","embeddable":true,"href":"https:\/\/temucotelevision.cl\/web\/wp-json\/wp\/v2\/tags?post=45341"}],"curies":[{"name":"wp","href":"https:\/\/api.w.org\/{rel}","templated":true}]}}