{"id":4534,"date":"2019-06-29T12:39:10","date_gmt":"2019-06-29T15:39:10","guid":{"rendered":"https:\/\/temucotelevision.cl\/web\/?p=4534"},"modified":"2019-06-29T12:39:10","modified_gmt":"2019-06-29T15:39:10","slug":"malalcahuello-varios-lesionados-deja-volcamiento-de-bus-en-la-precordillera","status":"publish","type":"post","link":"https:\/\/temucotelevision.cl\/web\/2019\/06\/29\/malalcahuello-varios-lesionados-deja-volcamiento-de-bus-en-la-precordillera\/","title":{"rendered":"Malalcahuello: Varios lesionados deja volcamiento de bus en la precordillera"},"content":{"rendered":"<div class=\"pvc_clear\"><\/div>\n<p id=\"pvc_stats_4534\" class=\"pvc_stats total_only  \" data-element-id=\"4534\" style=\"\"><i class=\"pvc-stats-icon large\" aria-hidden=\"true\"><svg aria-hidden=\"true\" focusable=\"false\" data-prefix=\"far\" data-icon=\"chart-bar\" role=\"img\" xmlns=\"http:\/\/www.w3.org\/2000\/svg\" viewBox=\"0 0 512 512\" class=\"svg-inline--fa fa-chart-bar fa-w-16 fa-2x\"><path fill=\"currentColor\" d=\"M396.8 352h22.4c6.4 0 12.8-6.4 12.8-12.8V108.8c0-6.4-6.4-12.8-12.8-12.8h-22.4c-6.4 0-12.8 6.4-12.8 12.8v230.4c0 6.4 6.4 12.8 12.8 12.8zm-192 0h22.4c6.4 0 12.8-6.4 12.8-12.8V140.8c0-6.4-6.4-12.8-12.8-12.8h-22.4c-6.4 0-12.8 6.4-12.8 12.8v198.4c0 6.4 6.4 12.8 12.8 12.8zm96 0h22.4c6.4 0 12.8-6.4 12.8-12.8V204.8c0-6.4-6.4-12.8-12.8-12.8h-22.4c-6.4 0-12.8 6.4-12.8 12.8v134.4c0 6.4 6.4 12.8 12.8 12.8zM496 400H48V80c0-8.84-7.16-16-16-16H16C7.16 64 0 71.16 0 80v336c0 17.67 14.33 32 32 32h464c8.84 0 16-7.16 16-16v-16c0-8.84-7.16-16-16-16zm-387.2-48h22.4c6.4 0 12.8-6.4 12.8-12.8v-70.4c0-6.4-6.4-12.8-12.8-12.8h-22.4c-6.4 0-12.8 6.4-12.8 12.8v70.4c0 6.4 6.4 12.8 12.8 12.8z\" class=\"\"><\/path><\/svg><\/i> <img loading=\"lazy\" decoding=\"async\" width=\"16\" height=\"16\" alt=\"Loading\" src=\"https:\/\/temucotelevision.cl\/web\/wp-content\/plugins\/page-views-count\/ajax-loader-2x.gif\" border=0 \/><\/p>\n<div class=\"pvc_clear\"><\/div>\n<p style=\"text-align: justify;\">Tras las constantes nevazones durante los \u00faltimos d\u00edas, se produce un accidente de tr\u00e1nsito, que involucra el volcamiento de un bus.<\/p>\n<p style=\"text-align: justify;\">El hecho se registr\u00f3 a la altura del km 92, ruta internacional CH 181, en la localidad de Malalcahuello, de la m\u00e1quina de la empresa Turb\u00fas, volc\u00f3, dejando cerca de 8 personas lesionadas en la precordillera.<\/p>\n<p style=\"text-align: justify;\">El bus ven\u00eda desde Santiago hacia la comuna de Lonquimay,con 11 pasajeros, 2 tripulantes y por lo resbaladizo del pavimento, este habr\u00eda volcado.<\/p>\n<p style=\"text-align: justify;\">Las personas lesionadas fueron derivadas hasta el hospital de Lonquimay.<\/p>\n<p style=\"text-align: justify;\">Unidades de bomberos, dos ambulancias y personal carabineros trabajaron en la emergencia.<\/p>\n<p><img loading=\"lazy\" decoding=\"async\" class=\"size-full wp-image-4536 aligncenter\" src=\"https:\/\/temucotelevision.cl\/web\/wp-content\/uploads\/2019\/06\/Bus-Volcado4.jpg\" alt=\"\" width=\"800\" height=\"455\" srcset=\"https:\/\/temucotelevision.cl\/web\/wp-content\/uploads\/2019\/06\/Bus-Volcado4.jpg 800w, https:\/\/temucotelevision.cl\/web\/wp-content\/uploads\/2019\/06\/Bus-Volcado4-768x437.jpg 768w\" sizes=\"auto, (max-width: 800px) 100vw, 800px\" \/><\/p>\n","protected":false},"excerpt":{"rendered":"<div class=\"pvc_clear\"><\/div>\n<p id=\"pvc_stats_4534\" class=\"pvc_stats total_only  \" data-element-id=\"4534\" style=\"\"><i class=\"pvc-stats-icon large\" aria-hidden=\"true\"><svg aria-hidden=\"true\" focusable=\"false\" data-prefix=\"far\" data-icon=\"chart-bar\" role=\"img\" xmlns=\"http:\/\/www.w3.org\/2000\/svg\" viewBox=\"0 0 512 512\" class=\"svg-inline--fa fa-chart-bar fa-w-16 fa-2x\"><path fill=\"currentColor\" d=\"M396.8 352h22.4c6.4 0 12.8-6.4 12.8-12.8V108.8c0-6.4-6.4-12.8-12.8-12.8h-22.4c-6.4 0-12.8 6.4-12.8 12.8v230.4c0 6.4 6.4 12.8 12.8 12.8zm-192 0h22.4c6.4 0 12.8-6.4 12.8-12.8V140.8c0-6.4-6.4-12.8-12.8-12.8h-22.4c-6.4 0-12.8 6.4-12.8 12.8v198.4c0 6.4 6.4 12.8 12.8 12.8zm96 0h22.4c6.4 0 12.8-6.4 12.8-12.8V204.8c0-6.4-6.4-12.8-12.8-12.8h-22.4c-6.4 0-12.8 6.4-12.8 12.8v134.4c0 6.4 6.4 12.8 12.8 12.8zM496 400H48V80c0-8.84-7.16-16-16-16H16C7.16 64 0 71.16 0 80v336c0 17.67 14.33 32 32 32h464c8.84 0 16-7.16 16-16v-16c0-8.84-7.16-16-16-16zm-387.2-48h22.4c6.4 0 12.8-6.4 12.8-12.8v-70.4c0-6.4-6.4-12.8-12.8-12.8h-22.4c-6.4 0-12.8 6.4-12.8 12.8v70.4c0 6.4 6.4 12.8 12.8 12.8z\" class=\"\"><\/path><\/svg><\/i> <img loading=\"lazy\" decoding=\"async\" width=\"16\" height=\"16\" alt=\"Loading\" src=\"https:\/\/temucotelevision.cl\/web\/wp-content\/plugins\/page-views-count\/ajax-loader-2x.gif\" border=0 \/><\/p>\n<div class=\"pvc_clear\"><\/div>\n<p>Tras las constantes nevazones durante los \u00faltimos d\u00edas, se produce un accidente de tr\u00e1nsito, que involucra el volcamiento de un<\/p>\n","protected":false},"author":1,"featured_media":4535,"comment_status":"open","ping_status":"open","sticky":false,"template":"","format":"standard","meta":{"colormag_page_container_layout":"default_layout","colormag_page_sidebar_layout":"default_layout","footnotes":""},"categories":[15],"tags":[197,1432,1616],"class_list":["post-4534","post","type-post","status-publish","format-standard","has-post-thumbnail","hentry","category-la-araucania","tag-bus","tag-nieve","tag-turbus"],"a3_pvc":{"activated":true,"total_views":39,"today_views":0},"_links":{"self":[{"href":"https:\/\/temucotelevision.cl\/web\/wp-json\/wp\/v2\/posts\/4534","targetHints":{"allow":["GET"]}}],"collection":[{"href":"https:\/\/temucotelevision.cl\/web\/wp-json\/wp\/v2\/posts"}],"about":[{"href":"https:\/\/temucotelevision.cl\/web\/wp-json\/wp\/v2\/types\/post"}],"author":[{"embeddable":true,"href":"https:\/\/temucotelevision.cl\/web\/wp-json\/wp\/v2\/users\/1"}],"replies":[{"embeddable":true,"href":"https:\/\/temucotelevision.cl\/web\/wp-json\/wp\/v2\/comments?post=4534"}],"version-history":[{"count":1,"href":"https:\/\/temucotelevision.cl\/web\/wp-json\/wp\/v2\/posts\/4534\/revisions"}],"predecessor-version":[{"id":4537,"href":"https:\/\/temucotelevision.cl\/web\/wp-json\/wp\/v2\/posts\/4534\/revisions\/4537"}],"wp:featuredmedia":[{"embeddable":true,"href":"https:\/\/temucotelevision.cl\/web\/wp-json\/wp\/v2\/media\/4535"}],"wp:attachment":[{"href":"https:\/\/temucotelevision.cl\/web\/wp-json\/wp\/v2\/media?parent=4534"}],"wp:term":[{"taxonomy":"category","embeddable":true,"href":"https:\/\/temucotelevision.cl\/web\/wp-json\/wp\/v2\/categories?post=4534"},{"taxonomy":"post_tag","embeddable":true,"href":"https:\/\/temucotelevision.cl\/web\/wp-json\/wp\/v2\/tags?post=4534"}],"curies":[{"name":"wp","href":"https:\/\/api.w.org\/{rel}","templated":true}]}}