{"id":45338,"date":"2023-10-13T15:45:13","date_gmt":"2023-10-13T18:45:13","guid":{"rendered":"https:\/\/temucotelevision.cl\/web\/?p=45338"},"modified":"2023-10-13T15:45:13","modified_gmt":"2023-10-13T18:45:13","slug":"atropello-a-su-expareja-y-quemo-el-auto-pdi-detuvo-a-hombre-por-femicidio-frustrado-en-traiguen","status":"publish","type":"post","link":"https:\/\/temucotelevision.cl\/web\/2023\/10\/13\/atropello-a-su-expareja-y-quemo-el-auto-pdi-detuvo-a-hombre-por-femicidio-frustrado-en-traiguen\/","title":{"rendered":"Atropell\u00f3 a su expareja y quem\u00f3 el auto: PDI detuvo a hombre por femicidio frustrado en Traigu\u00e9n"},"content":{"rendered":"<div class=\"pvc_clear\"><\/div><p id=\"pvc_stats_45338\" class=\"pvc_stats total_only  \" data-element-id=\"45338\" style=\"\"><i class=\"pvc-stats-icon large\" aria-hidden=\"true\"><svg aria-hidden=\"true\" focusable=\"false\" data-prefix=\"far\" data-icon=\"chart-bar\" role=\"img\" xmlns=\"http:\/\/www.w3.org\/2000\/svg\" viewBox=\"0 0 512 512\" class=\"svg-inline--fa fa-chart-bar fa-w-16 fa-2x\"><path fill=\"currentColor\" d=\"M396.8 352h22.4c6.4 0 12.8-6.4 12.8-12.8V108.8c0-6.4-6.4-12.8-12.8-12.8h-22.4c-6.4 0-12.8 6.4-12.8 12.8v230.4c0 6.4 6.4 12.8 12.8 12.8zm-192 0h22.4c6.4 0 12.8-6.4 12.8-12.8V140.8c0-6.4-6.4-12.8-12.8-12.8h-22.4c-6.4 0-12.8 6.4-12.8 12.8v198.4c0 6.4 6.4 12.8 12.8 12.8zm96 0h22.4c6.4 0 12.8-6.4 12.8-12.8V204.8c0-6.4-6.4-12.8-12.8-12.8h-22.4c-6.4 0-12.8 6.4-12.8 12.8v134.4c0 6.4 6.4 12.8 12.8 12.8zM496 400H48V80c0-8.84-7.16-16-16-16H16C7.16 64 0 71.16 0 80v336c0 17.67 14.33 32 32 32h464c8.84 0 16-7.16 16-16v-16c0-8.84-7.16-16-16-16zm-387.2-48h22.4c6.4 0 12.8-6.4 12.8-12.8v-70.4c0-6.4-6.4-12.8-12.8-12.8h-22.4c-6.4 0-12.8 6.4-12.8 12.8v70.4c0 6.4 6.4 12.8 12.8 12.8z\" class=\"\"><\/path><\/svg><\/i> <img loading=\"lazy\" decoding=\"async\" width=\"16\" height=\"16\" alt=\"Loading\" src=\"https:\/\/temucotelevision.cl\/web\/wp-content\/plugins\/page-views-count\/ajax-loader-2x.gif\" border=0 \/><\/p><div class=\"pvc_clear\"><\/div>\n<p>Detectives de la Brigada de Investigaci\u00f3n Criminal (Bicrim) Traigu\u00e9n, detuvieron a un hombre de 30 a\u00f1os por el delito de femicidio frustrado, entre otros, luego de que el pasado 10 de septiembre, atropellara a su expareja dej\u00e1ndola con diversas lesiones.<\/p>\n\n\n\n<p>Seg\u00fan explic\u00f3 el subprefecto Rodrigo Isamit, jefe de la Bicrim Traigu\u00e9n, los hechos fueron denunciados por la v\u00edctima el d\u00eda 14 septiembre. En el relato, la mujer se\u00f1al\u00f3 que el imputado -quien ya ten\u00eda una condena por violencia intrafamiliar y medida cautelar de prohibici\u00f3n de acercarse a la v\u00edctima-, irrumpi\u00f3 en su domicilio, sustrayendo el veh\u00edculo de la v\u00edctima, y \u00e9sta al tratar de evitar el delito, fue atropellada.<\/p>\n\n\n\n<p>Posteriormente, seg\u00fan determin\u00f3 la investigaci\u00f3n, el hombre en su escapatoria provoc\u00f3 da\u00f1os en un local comercial, y luego intent\u00f3 quemar el autom\u00f3vil, siendo encontrado posteriormente semiquemado. Los detectives, al tomar el procedimiento, se dirigieron al domicilio del imputado, quien intent\u00f3 escapar golpeando a uno de los funcionarios policiales.<\/p>\n\n\n\n<p>El subprefecto Isamit, se\u00f1al\u00f3 que \u201clas diligencias efectuadas en virtud a una investigaci\u00f3n llevada en conjunto con la fiscal\u00eda local de Traigu\u00e9n, por el delito de femicidio \u00edntimo en grado frustrado, el d\u00eda de ayer se materializ\u00f3 una entrada y registro a un domicilio de esta comuna, logrando la detenci\u00f3n del imputado, que fue puesto a disposici\u00f3n del Juzgado de Garant\u00eda de esta ciudad donde se decret\u00f3 la medida cautelar de prisi\u00f3n preventiva y se estableci\u00f3 un plazo de investigaci\u00f3n de cuatro meses\u201d.<\/p>\n\n\n\n<p>Cabe se\u00f1alar que el imputado, de iniciales A.A.S.A., ya contaba con un amplio prontuario por diferentes delitos contra la propiedad, y en esta ocasi\u00f3n fue formalizado por los delitos de femicidio \u00edntimo frustrado, violaci\u00f3n de morada, amenazas en el contexto de violencia intrafamiliar, da\u00f1os simples, incendio y maltrato de obra a funcionarios de la Polic\u00eda de Investigaciones en ejercicio de sus funciones causando lesiones leves, adem\u00e1s de desacato.<\/p>\n\n\n\n<p>Asimismo, en la vivienda del imputado se incautaron dos rifles de post\u00f3n, tres celulares y un equipo DVR, debido a que contaba con sistema de c\u00e1maras de seguridad en su domicilio.<\/p>\n","protected":false},"excerpt":{"rendered":"<div class=\"pvc_clear\"><\/div>\n<p id=\"pvc_stats_45338\" class=\"pvc_stats total_only  \" data-element-id=\"45338\" style=\"\"><i class=\"pvc-stats-icon large\" aria-hidden=\"true\"><svg aria-hidden=\"true\" focusable=\"false\" data-prefix=\"far\" data-icon=\"chart-bar\" role=\"img\" xmlns=\"http:\/\/www.w3.org\/2000\/svg\" viewBox=\"0 0 512 512\" class=\"svg-inline--fa fa-chart-bar fa-w-16 fa-2x\"><path fill=\"currentColor\" d=\"M396.8 352h22.4c6.4 0 12.8-6.4 12.8-12.8V108.8c0-6.4-6.4-12.8-12.8-12.8h-22.4c-6.4 0-12.8 6.4-12.8 12.8v230.4c0 6.4 6.4 12.8 12.8 12.8zm-192 0h22.4c6.4 0 12.8-6.4 12.8-12.8V140.8c0-6.4-6.4-12.8-12.8-12.8h-22.4c-6.4 0-12.8 6.4-12.8 12.8v198.4c0 6.4 6.4 12.8 12.8 12.8zm96 0h22.4c6.4 0 12.8-6.4 12.8-12.8V204.8c0-6.4-6.4-12.8-12.8-12.8h-22.4c-6.4 0-12.8 6.4-12.8 12.8v134.4c0 6.4 6.4 12.8 12.8 12.8zM496 400H48V80c0-8.84-7.16-16-16-16H16C7.16 64 0 71.16 0 80v336c0 17.67 14.33 32 32 32h464c8.84 0 16-7.16 16-16v-16c0-8.84-7.16-16-16-16zm-387.2-48h22.4c6.4 0 12.8-6.4 12.8-12.8v-70.4c0-6.4-6.4-12.8-12.8-12.8h-22.4c-6.4 0-12.8 6.4-12.8 12.8v70.4c0 6.4 6.4 12.8 12.8 12.8z\" class=\"\"><\/path><\/svg><\/i> <img loading=\"lazy\" decoding=\"async\" width=\"16\" height=\"16\" alt=\"Loading\" src=\"https:\/\/temucotelevision.cl\/web\/wp-content\/plugins\/page-views-count\/ajax-loader-2x.gif\" border=0 \/><\/p>\n<div class=\"pvc_clear\"><\/div>\n<p>Detectives de la Brigada de Investigaci\u00f3n Criminal (Bicrim) Traigu\u00e9n, detuvieron a un hombre de 30 a\u00f1os por el delito de<\/p>\n","protected":false},"author":1,"featured_media":45339,"comment_status":"open","ping_status":"open","sticky":false,"template":"","format":"standard","meta":{"colormag_page_container_layout":"default_layout","colormag_page_sidebar_layout":"default_layout","footnotes":""},"categories":[16],"tags":[1690,5156,3494,76,362],"class_list":["post-45338","post","type-post","status-publish","format-standard","has-post-thumbnail","hentry","category-policial","tag-auto","tag-expareja","tag-femicidio-frustrado","tag-pdi","tag-traiguen"],"a3_pvc":{"activated":true,"total_views":4380,"today_views":0},"_links":{"self":[{"href":"https:\/\/temucotelevision.cl\/web\/wp-json\/wp\/v2\/posts\/45338","targetHints":{"allow":["GET"]}}],"collection":[{"href":"https:\/\/temucotelevision.cl\/web\/wp-json\/wp\/v2\/posts"}],"about":[{"href":"https:\/\/temucotelevision.cl\/web\/wp-json\/wp\/v2\/types\/post"}],"author":[{"embeddable":true,"href":"https:\/\/temucotelevision.cl\/web\/wp-json\/wp\/v2\/users\/1"}],"replies":[{"embeddable":true,"href":"https:\/\/temucotelevision.cl\/web\/wp-json\/wp\/v2\/comments?post=45338"}],"version-history":[{"count":1,"href":"https:\/\/temucotelevision.cl\/web\/wp-json\/wp\/v2\/posts\/45338\/revisions"}],"predecessor-version":[{"id":45340,"href":"https:\/\/temucotelevision.cl\/web\/wp-json\/wp\/v2\/posts\/45338\/revisions\/45340"}],"wp:featuredmedia":[{"embeddable":true,"href":"https:\/\/temucotelevision.cl\/web\/wp-json\/wp\/v2\/media\/45339"}],"wp:attachment":[{"href":"https:\/\/temucotelevision.cl\/web\/wp-json\/wp\/v2\/media?parent=45338"}],"wp:term":[{"taxonomy":"category","embeddable":true,"href":"https:\/\/temucotelevision.cl\/web\/wp-json\/wp\/v2\/categories?post=45338"},{"taxonomy":"post_tag","embeddable":true,"href":"https:\/\/temucotelevision.cl\/web\/wp-json\/wp\/v2\/tags?post=45338"}],"curies":[{"name":"wp","href":"https:\/\/api.w.org\/{rel}","templated":true}]}}