{"id":45335,"date":"2023-10-13T14:34:49","date_gmt":"2023-10-13T17:34:49","guid":{"rendered":"https:\/\/temucotelevision.cl\/web\/?p=45335"},"modified":"2023-10-13T17:02:12","modified_gmt":"2023-10-13T20:02:12","slug":"morat-presenta-someone-i-used-to-know-su-nueva-colaboracion-con-el-cantante-y-compositor-britanico-james-tw","status":"publish","type":"post","link":"https:\/\/temucotelevision.cl\/web\/2023\/10\/13\/morat-presenta-someone-i-used-to-know-su-nueva-colaboracion-con-el-cantante-y-compositor-britanico-james-tw\/","title":{"rendered":"MORAT presenta Someone I Used To Know, su nueva colaboraci\u00f3n con el cantante y compositor brit\u00e1nico James TW"},"content":{"rendered":"<div class=\"pvc_clear\"><\/div><p id=\"pvc_stats_45335\" class=\"pvc_stats total_only  \" data-element-id=\"45335\" style=\"\"><i class=\"pvc-stats-icon large\" aria-hidden=\"true\"><svg aria-hidden=\"true\" focusable=\"false\" data-prefix=\"far\" data-icon=\"chart-bar\" role=\"img\" xmlns=\"http:\/\/www.w3.org\/2000\/svg\" viewBox=\"0 0 512 512\" class=\"svg-inline--fa fa-chart-bar fa-w-16 fa-2x\"><path fill=\"currentColor\" d=\"M396.8 352h22.4c6.4 0 12.8-6.4 12.8-12.8V108.8c0-6.4-6.4-12.8-12.8-12.8h-22.4c-6.4 0-12.8 6.4-12.8 12.8v230.4c0 6.4 6.4 12.8 12.8 12.8zm-192 0h22.4c6.4 0 12.8-6.4 12.8-12.8V140.8c0-6.4-6.4-12.8-12.8-12.8h-22.4c-6.4 0-12.8 6.4-12.8 12.8v198.4c0 6.4 6.4 12.8 12.8 12.8zm96 0h22.4c6.4 0 12.8-6.4 12.8-12.8V204.8c0-6.4-6.4-12.8-12.8-12.8h-22.4c-6.4 0-12.8 6.4-12.8 12.8v134.4c0 6.4 6.4 12.8 12.8 12.8zM496 400H48V80c0-8.84-7.16-16-16-16H16C7.16 64 0 71.16 0 80v336c0 17.67 14.33 32 32 32h464c8.84 0 16-7.16 16-16v-16c0-8.84-7.16-16-16-16zm-387.2-48h22.4c6.4 0 12.8-6.4 12.8-12.8v-70.4c0-6.4-6.4-12.8-12.8-12.8h-22.4c-6.4 0-12.8 6.4-12.8 12.8v70.4c0 6.4 6.4 12.8 12.8 12.8z\" class=\"\"><\/path><\/svg><\/i> <img loading=\"lazy\" decoding=\"async\" width=\"16\" height=\"16\" alt=\"Loading\" src=\"https:\/\/temucotelevision.cl\/web\/wp-content\/plugins\/page-views-count\/ajax-loader-2x.gif\" border=0 \/><\/p><div class=\"pvc_clear\"><\/div>\n<p>Tras anunciar su tercera gira americana, hacer dos sold outs en el Estadio El Champ\u00edn de Bogot\u00e1, donde han vendido m\u00e1s 85.000 entradas en 24 hrs, y anunciar su \u00fanico concierto en Europa en 2024 en el Civitas Metropolitano de Madrid,&nbsp;<strong>MORAT<\/strong>&nbsp;<strong>vuelve con &#8220;Someone I Used To Know&#8221; junto a James TW,<\/strong>&nbsp;sorprendi\u00e9ndonos esta vez con una canci\u00f3n en ingl\u00e9s.<\/p>\n\n\n\n<p>La banda global m\u00e1s influyente en la escena musical actual, referente del pop rock en espa\u00f1ol y de ventas multiplatino presenta&nbsp;<strong>\u201cSomeone I Used To Know\u201d<\/strong>, la tercera nueva canci\u00f3n que sigue a&nbsp;<strong>\u201cFeo\u201d<\/strong>&nbsp;y a&nbsp;<strong>\u201cNunca Volvieron\u201d<\/strong>. Este tercer avance, consolida una nueva era llena de nuevas y envolventes historias que tienen relaci\u00f3n con el subconsciente y lo inesperado, y cumple uno de los sue\u00f1os de la banda: componer y cantar una canci\u00f3n en ingl\u00e9s.<\/p>\n\n\n\n<p><strong>\u201cSomeone I Used To Know\u201d<\/strong>&nbsp;es ese miedo e inseguridad que sientes al empezar una nueva relaci\u00f3n, por miedo a que la ilusi\u00f3n que tienes se vea perjudicada por las cosas que no salieron bien con esa persona \u201ca la que sol\u00edas conocer\u201d y ya no est\u00e1. Fusionando a la perfecci\u00f3n las voces de los artistas, las diferentes lenguas y hasta las bater\u00edas con los violines, la obra surgi\u00f3 cuando un d\u00eda&nbsp;<strong>James TW&nbsp;<\/strong>se cruz\u00f3 en el camino de&nbsp;<strong>MORAT<\/strong>&nbsp;por casualidad, y por suerte o por destino, acab\u00f3 asistiendo a un concierto de la banda. Al d\u00eda siguiente se reunieron y se pusieron a componer; el resto es historia.<\/p>\n\n\n\n<p>\u201cNo fue s\u00f3lo un momento musical precioso, sino que tambi\u00e9n fue un momento de amistad y de buen plan. Por eso el video es m\u00e1s que la historia de la canci\u00f3n: es la historia alrededor de la canci\u00f3n; nuestra historia con James, conociendo y caminando su ciudad, pas\u00e1ndola bueno, tomando cerveza. Al final, de nuestra primera canci\u00f3n en ingl\u00e9s queda algo m\u00e1s que s\u00f3lo la canci\u00f3n: un amigo\u201d \u2013&nbsp;<strong>MORAT<\/strong><\/p>\n\n\n\n<p>&#8220;Me encanta esta canci\u00f3n, es la perfecta combinaci\u00f3n de nuestra m\u00fasica juntos. Las mezclas de las melod\u00edas y las letras hasta la producci\u00f3n se mezclan tan bien! Ha sido un sue\u00f1o colaborar con MORAT y no puede esperar a que la escuchen los fans. El d\u00eda que grabamos el video fue maravilloso me lo pas\u00e9 muy bien ense\u00f1\u00e1ndoles Londres, mientras grab\u00e1bamos el videoclip&#8221;&nbsp;<strong>&#8211; JAMES TW<\/strong>.<\/p>\n\n\n\n<figure class=\"wp-block-embed is-type-video is-provider-youtube wp-block-embed-youtube wp-embed-aspect-16-9 wp-has-aspect-ratio\"><div class=\"wp-block-embed__wrapper\">\n<div class=\"epyt-video-wrapper\"><iframe loading=\"lazy\"  id=\"_ytid_29354\"  width=\"800\" height=\"450\"  data-origwidth=\"800\" data-origheight=\"450\" src=\"https:\/\/www.youtube.com\/embed\/W_7tOV2Pels?enablejsapi=1&#038;autoplay=0&#038;cc_load_policy=0&#038;cc_lang_pref=&#038;iv_load_policy=1&#038;loop=0&#038;rel=1&#038;fs=1&#038;playsinline=0&#038;autohide=2&#038;theme=dark&#038;color=red&#038;controls=1&#038;disablekb=0&#038;\" class=\"__youtube_prefs__  epyt-is-override  no-lazyload\" title=\"YouTube player\"  allow=\"fullscreen; accelerometer; autoplay; clipboard-write; encrypted-media; gyroscope; picture-in-picture; web-share\" referrerpolicy=\"strict-origin-when-cross-origin\" allowfullscreen data-no-lazy=\"1\" data-skipgform_ajax_framebjll=\"\"><\/iframe><\/div>\n<\/div><\/figure>\n\n\n\n<p><\/p>\n","protected":false},"excerpt":{"rendered":"<div class=\"pvc_clear\"><\/div>\n<p id=\"pvc_stats_45335\" class=\"pvc_stats total_only  \" data-element-id=\"45335\" style=\"\"><i class=\"pvc-stats-icon large\" aria-hidden=\"true\"><svg aria-hidden=\"true\" focusable=\"false\" data-prefix=\"far\" data-icon=\"chart-bar\" role=\"img\" xmlns=\"http:\/\/www.w3.org\/2000\/svg\" viewBox=\"0 0 512 512\" class=\"svg-inline--fa fa-chart-bar fa-w-16 fa-2x\"><path fill=\"currentColor\" d=\"M396.8 352h22.4c6.4 0 12.8-6.4 12.8-12.8V108.8c0-6.4-6.4-12.8-12.8-12.8h-22.4c-6.4 0-12.8 6.4-12.8 12.8v230.4c0 6.4 6.4 12.8 12.8 12.8zm-192 0h22.4c6.4 0 12.8-6.4 12.8-12.8V140.8c0-6.4-6.4-12.8-12.8-12.8h-22.4c-6.4 0-12.8 6.4-12.8 12.8v198.4c0 6.4 6.4 12.8 12.8 12.8zm96 0h22.4c6.4 0 12.8-6.4 12.8-12.8V204.8c0-6.4-6.4-12.8-12.8-12.8h-22.4c-6.4 0-12.8 6.4-12.8 12.8v134.4c0 6.4 6.4 12.8 12.8 12.8zM496 400H48V80c0-8.84-7.16-16-16-16H16C7.16 64 0 71.16 0 80v336c0 17.67 14.33 32 32 32h464c8.84 0 16-7.16 16-16v-16c0-8.84-7.16-16-16-16zm-387.2-48h22.4c6.4 0 12.8-6.4 12.8-12.8v-70.4c0-6.4-6.4-12.8-12.8-12.8h-22.4c-6.4 0-12.8 6.4-12.8 12.8v70.4c0 6.4 6.4 12.8 12.8 12.8z\" class=\"\"><\/path><\/svg><\/i> <img loading=\"lazy\" decoding=\"async\" width=\"16\" height=\"16\" alt=\"Loading\" src=\"https:\/\/temucotelevision.cl\/web\/wp-content\/plugins\/page-views-count\/ajax-loader-2x.gif\" border=0 \/><\/p>\n<div class=\"pvc_clear\"><\/div>\n<p>Tras anunciar su tercera gira americana, hacer dos sold outs en el Estadio El Champ\u00edn de Bogot\u00e1, donde han vendido<\/p>\n","protected":false},"author":143,"featured_media":45336,"comment_status":"open","ping_status":"open","sticky":false,"template":"","format":"standard","meta":{"colormag_page_container_layout":"default_layout","colormag_page_sidebar_layout":"default_layout","footnotes":""},"categories":[369],"tags":[],"class_list":["post-45335","post","type-post","status-publish","format-standard","has-post-thumbnail","hentry","category-musica"],"a3_pvc":{"activated":true,"total_views":876,"today_views":0},"_links":{"self":[{"href":"https:\/\/temucotelevision.cl\/web\/wp-json\/wp\/v2\/posts\/45335","targetHints":{"allow":["GET"]}}],"collection":[{"href":"https:\/\/temucotelevision.cl\/web\/wp-json\/wp\/v2\/posts"}],"about":[{"href":"https:\/\/temucotelevision.cl\/web\/wp-json\/wp\/v2\/types\/post"}],"author":[{"embeddable":true,"href":"https:\/\/temucotelevision.cl\/web\/wp-json\/wp\/v2\/users\/143"}],"replies":[{"embeddable":true,"href":"https:\/\/temucotelevision.cl\/web\/wp-json\/wp\/v2\/comments?post=45335"}],"version-history":[{"count":2,"href":"https:\/\/temucotelevision.cl\/web\/wp-json\/wp\/v2\/posts\/45335\/revisions"}],"predecessor-version":[{"id":45351,"href":"https:\/\/temucotelevision.cl\/web\/wp-json\/wp\/v2\/posts\/45335\/revisions\/45351"}],"wp:featuredmedia":[{"embeddable":true,"href":"https:\/\/temucotelevision.cl\/web\/wp-json\/wp\/v2\/media\/45336"}],"wp:attachment":[{"href":"https:\/\/temucotelevision.cl\/web\/wp-json\/wp\/v2\/media?parent=45335"}],"wp:term":[{"taxonomy":"category","embeddable":true,"href":"https:\/\/temucotelevision.cl\/web\/wp-json\/wp\/v2\/categories?post=45335"},{"taxonomy":"post_tag","embeddable":true,"href":"https:\/\/temucotelevision.cl\/web\/wp-json\/wp\/v2\/tags?post=45335"}],"curies":[{"name":"wp","href":"https:\/\/api.w.org\/{rel}","templated":true}]}}