{"id":45332,"date":"2023-10-13T14:09:58","date_gmt":"2023-10-13T17:09:58","guid":{"rendered":"https:\/\/temucotelevision.cl\/web\/?p=45332"},"modified":"2023-10-13T14:09:59","modified_gmt":"2023-10-13T17:09:59","slug":"ambicion-amor-y-obsesion-shirel-pierde-la-razon-en-su-nueva-cancion-quiero","status":"publish","type":"post","link":"https:\/\/temucotelevision.cl\/web\/2023\/10\/13\/ambicion-amor-y-obsesion-shirel-pierde-la-razon-en-su-nueva-cancion-quiero\/","title":{"rendered":"Ambici\u00f3n, amor y obsesi\u00f3n: Shirel pierde la raz\u00f3n en su nueva canci\u00f3n \u201cQuiero\u201d"},"content":{"rendered":"<div class=\"pvc_clear\"><\/div><p id=\"pvc_stats_45332\" class=\"pvc_stats total_only  \" data-element-id=\"45332\" style=\"\"><i class=\"pvc-stats-icon large\" aria-hidden=\"true\"><svg aria-hidden=\"true\" focusable=\"false\" data-prefix=\"far\" data-icon=\"chart-bar\" role=\"img\" xmlns=\"http:\/\/www.w3.org\/2000\/svg\" viewBox=\"0 0 512 512\" class=\"svg-inline--fa fa-chart-bar fa-w-16 fa-2x\"><path fill=\"currentColor\" d=\"M396.8 352h22.4c6.4 0 12.8-6.4 12.8-12.8V108.8c0-6.4-6.4-12.8-12.8-12.8h-22.4c-6.4 0-12.8 6.4-12.8 12.8v230.4c0 6.4 6.4 12.8 12.8 12.8zm-192 0h22.4c6.4 0 12.8-6.4 12.8-12.8V140.8c0-6.4-6.4-12.8-12.8-12.8h-22.4c-6.4 0-12.8 6.4-12.8 12.8v198.4c0 6.4 6.4 12.8 12.8 12.8zm96 0h22.4c6.4 0 12.8-6.4 12.8-12.8V204.8c0-6.4-6.4-12.8-12.8-12.8h-22.4c-6.4 0-12.8 6.4-12.8 12.8v134.4c0 6.4 6.4 12.8 12.8 12.8zM496 400H48V80c0-8.84-7.16-16-16-16H16C7.16 64 0 71.16 0 80v336c0 17.67 14.33 32 32 32h464c8.84 0 16-7.16 16-16v-16c0-8.84-7.16-16-16-16zm-387.2-48h22.4c6.4 0 12.8-6.4 12.8-12.8v-70.4c0-6.4-6.4-12.8-12.8-12.8h-22.4c-6.4 0-12.8 6.4-12.8 12.8v70.4c0 6.4 6.4 12.8 12.8 12.8z\" class=\"\"><\/path><\/svg><\/i> <img loading=\"lazy\" decoding=\"async\" width=\"16\" height=\"16\" alt=\"Loading\" src=\"https:\/\/temucotelevision.cl\/web\/wp-content\/plugins\/page-views-count\/ajax-loader-2x.gif\" border=0 \/><\/p><div class=\"pvc_clear\"><\/div>\n<p>La talentosa artista nacional,<strong>&nbsp;Shirel<\/strong>, lanz\u00f3 su canci\u00f3n titulada&nbsp;<strong>&#8220;Quiero&#8221;<\/strong>, que abraza un estilo pop bailable con gui\u00f1os a la est\u00e9tica de los a\u00f1os&nbsp;<strong>2000\u2019s<\/strong>, cuya letra explora temas como la ambici\u00f3n, amor y obsesi\u00f3n.<\/p>\n\n\n\n<p><strong>&#8220;Quiero&#8221;<\/strong>&nbsp;es un viaje musical que combina el irresistible ritmo del pop con la audacia y el sentido del humor de&nbsp;<strong>Shirel<\/strong>. La canci\u00f3n aborda la tendencia humana de siempre desear lo que no se tiene, incluso despu\u00e9s de haberlo obtenido. La artista, en un estilo sarc\u00e1stico e ir\u00f3nico, se r\u00ede de las complejidades del comportamiento humano, creando una melod\u00eda contagiosa y bailable. El proceso de creaci\u00f3n fue extenso y participaron con ella el productor&nbsp;<strong>Pablo Stipicic<\/strong>&nbsp;y la directora musical&nbsp;<strong>Stephanie Taffy D\u00f6nicke<\/strong>&nbsp;desde&nbsp;<strong>M\u00e9xico<\/strong>.<\/p>\n\n\n\n<p>&#8220;Inici\u00e9 la idea en Santiago, la tuve ah\u00ed guardada por un mont\u00f3n de tiempo. Hace poquito tuve la oportunidad de estar en M\u00e9xico y en una sesi\u00f3n junto a<strong>\u00a0Pablo Stipicic<\/strong>, donde tambi\u00e9n estaba la Taffy, terminamos de trabajarla. La mostr\u00e9 en un intento de proponer algo y al tiro hubo una energ\u00eda y una respuesta s\u00faper bac\u00e1n de parte de los dem\u00e1s. Despu\u00e9s seguimos trabajando a distancia con Pablo, que es un tremendo productor que yo admiro mucho. Ha sido muy entretenido poder trabajar junto a \u00e9l en este nuevo sonido y propuesta que trae esta canci\u00f3n, y estoy muy orgullosa del resultado&#8221;, se\u00f1al\u00f3\u00a0<strong>Shirel<\/strong>.<\/p>\n\n\n\n<p>El estreno de\u00a0<strong>\u201cQuiero\u201d\u00a0<\/strong>estuvo acompa\u00f1ado del lanzamiento de una revista que lleva de nombre el t\u00edtulo de la canci\u00f3n. La idea forma parte de una incre\u00edble campa\u00f1a art\u00edstica inspirada en los\u00a0<strong>2000s\u00a0<\/strong>que busca seguir la narrativa de la canci\u00f3n.<\/p>\n\n\n\n<p>&#8220;La est\u00e9tica se inspir\u00f3 un poco en ese universo decadente que tiene la canci\u00f3n y el mundo de los 2000, esta cosa como rosada que inventamos tambi\u00e9n tiene eso, ese sentido del humor, esa cosa como super femenina y tambi\u00e9n al mismo tiempo muy exagerada. Como este deseo infinito que describe la canci\u00f3n\u201d, coment\u00f3 la artista.<\/p>\n\n\n\n<p>Este lanzamiento marca el comienzo de una nueva era en su carrera musical. La artista se adentra en un territorio m\u00e1s divertido y exploratorio, mostrando su sentido del humor y su capacidad de experimentar con su m\u00fasica de una manera que nunca antes hab\u00eda hecho.<\/p>\n\n\n\n<p>&#8220;Creo que esta nueva era que inicia con\u00a0<strong>Quiero<\/strong>\u00a0va a mostrar un lado de m\u00ed que es mucho m\u00e1s divertido. Creo que yo soy una persona que tiene mucho sentido del humor y no hab\u00eda tenido la oportunidad de explorar ese universo de m\u00ed misma en mi m\u00fasica. Estoy muy entusiasmada por lo que se viene, porque que estoy explorando el divertirme haciendo canciones y creo que el resultado refleja esa diversi\u00f3n, esa alegr\u00eda, ese juego y esa experimentaci\u00f3n que trae esta nueva etapa&#8221;, confes\u00f3<strong>\u00a0Shirel<\/strong>.<\/p>\n\n\n\n<figure class=\"wp-block-embed is-type-video is-provider-youtube wp-block-embed-youtube wp-embed-aspect-16-9 wp-has-aspect-ratio\"><div class=\"wp-block-embed__wrapper\">\n<div class=\"epyt-video-wrapper\"><iframe loading=\"lazy\"  id=\"_ytid_81275\"  width=\"800\" height=\"450\"  data-origwidth=\"800\" data-origheight=\"450\" src=\"https:\/\/www.youtube.com\/embed\/dfTDawj1Hv4?enablejsapi=1&#038;autoplay=0&#038;cc_load_policy=0&#038;cc_lang_pref=&#038;iv_load_policy=1&#038;loop=0&#038;rel=1&#038;fs=1&#038;playsinline=0&#038;autohide=2&#038;theme=dark&#038;color=red&#038;controls=1&#038;disablekb=0&#038;\" class=\"__youtube_prefs__  epyt-is-override  no-lazyload\" title=\"YouTube player\"  allow=\"fullscreen; accelerometer; autoplay; clipboard-write; encrypted-media; gyroscope; picture-in-picture; web-share\" referrerpolicy=\"strict-origin-when-cross-origin\" allowfullscreen data-no-lazy=\"1\" data-skipgform_ajax_framebjll=\"\"><\/iframe><\/div>\n<\/div><\/figure>\n\n\n\n<p><\/p>\n","protected":false},"excerpt":{"rendered":"<div class=\"pvc_clear\"><\/div>\n<p id=\"pvc_stats_45332\" class=\"pvc_stats total_only  \" data-element-id=\"45332\" style=\"\"><i class=\"pvc-stats-icon large\" aria-hidden=\"true\"><svg aria-hidden=\"true\" focusable=\"false\" data-prefix=\"far\" data-icon=\"chart-bar\" role=\"img\" xmlns=\"http:\/\/www.w3.org\/2000\/svg\" viewBox=\"0 0 512 512\" class=\"svg-inline--fa fa-chart-bar fa-w-16 fa-2x\"><path fill=\"currentColor\" d=\"M396.8 352h22.4c6.4 0 12.8-6.4 12.8-12.8V108.8c0-6.4-6.4-12.8-12.8-12.8h-22.4c-6.4 0-12.8 6.4-12.8 12.8v230.4c0 6.4 6.4 12.8 12.8 12.8zm-192 0h22.4c6.4 0 12.8-6.4 12.8-12.8V140.8c0-6.4-6.4-12.8-12.8-12.8h-22.4c-6.4 0-12.8 6.4-12.8 12.8v198.4c0 6.4 6.4 12.8 12.8 12.8zm96 0h22.4c6.4 0 12.8-6.4 12.8-12.8V204.8c0-6.4-6.4-12.8-12.8-12.8h-22.4c-6.4 0-12.8 6.4-12.8 12.8v134.4c0 6.4 6.4 12.8 12.8 12.8zM496 400H48V80c0-8.84-7.16-16-16-16H16C7.16 64 0 71.16 0 80v336c0 17.67 14.33 32 32 32h464c8.84 0 16-7.16 16-16v-16c0-8.84-7.16-16-16-16zm-387.2-48h22.4c6.4 0 12.8-6.4 12.8-12.8v-70.4c0-6.4-6.4-12.8-12.8-12.8h-22.4c-6.4 0-12.8 6.4-12.8 12.8v70.4c0 6.4 6.4 12.8 12.8 12.8z\" class=\"\"><\/path><\/svg><\/i> <img loading=\"lazy\" decoding=\"async\" width=\"16\" height=\"16\" alt=\"Loading\" src=\"https:\/\/temucotelevision.cl\/web\/wp-content\/plugins\/page-views-count\/ajax-loader-2x.gif\" border=0 \/><\/p>\n<div class=\"pvc_clear\"><\/div>\n<p>La talentosa artista nacional,&nbsp;Shirel, lanz\u00f3 su canci\u00f3n titulada&nbsp;&#8220;Quiero&#8221;, que abraza un estilo pop bailable con gui\u00f1os a la est\u00e9tica de<\/p>\n","protected":false},"author":143,"featured_media":45333,"comment_status":"open","ping_status":"open","sticky":false,"template":"","format":"standard","meta":{"colormag_page_container_layout":"default_layout","colormag_page_sidebar_layout":"default_layout","footnotes":""},"categories":[369],"tags":[],"class_list":["post-45332","post","type-post","status-publish","format-standard","has-post-thumbnail","hentry","category-musica"],"a3_pvc":{"activated":true,"total_views":152,"today_views":0},"_links":{"self":[{"href":"https:\/\/temucotelevision.cl\/web\/wp-json\/wp\/v2\/posts\/45332","targetHints":{"allow":["GET"]}}],"collection":[{"href":"https:\/\/temucotelevision.cl\/web\/wp-json\/wp\/v2\/posts"}],"about":[{"href":"https:\/\/temucotelevision.cl\/web\/wp-json\/wp\/v2\/types\/post"}],"author":[{"embeddable":true,"href":"https:\/\/temucotelevision.cl\/web\/wp-json\/wp\/v2\/users\/143"}],"replies":[{"embeddable":true,"href":"https:\/\/temucotelevision.cl\/web\/wp-json\/wp\/v2\/comments?post=45332"}],"version-history":[{"count":1,"href":"https:\/\/temucotelevision.cl\/web\/wp-json\/wp\/v2\/posts\/45332\/revisions"}],"predecessor-version":[{"id":45334,"href":"https:\/\/temucotelevision.cl\/web\/wp-json\/wp\/v2\/posts\/45332\/revisions\/45334"}],"wp:featuredmedia":[{"embeddable":true,"href":"https:\/\/temucotelevision.cl\/web\/wp-json\/wp\/v2\/media\/45333"}],"wp:attachment":[{"href":"https:\/\/temucotelevision.cl\/web\/wp-json\/wp\/v2\/media?parent=45332"}],"wp:term":[{"taxonomy":"category","embeddable":true,"href":"https:\/\/temucotelevision.cl\/web\/wp-json\/wp\/v2\/categories?post=45332"},{"taxonomy":"post_tag","embeddable":true,"href":"https:\/\/temucotelevision.cl\/web\/wp-json\/wp\/v2\/tags?post=45332"}],"curies":[{"name":"wp","href":"https:\/\/api.w.org\/{rel}","templated":true}]}}