{"id":45321,"date":"2023-10-13T12:23:25","date_gmt":"2023-10-13T15:23:25","guid":{"rendered":"https:\/\/temucotelevision.cl\/web\/?p=45321"},"modified":"2023-10-13T12:23:26","modified_gmt":"2023-10-13T15:23:26","slug":"gira-teleton-2023-regresa-a-regiones-con-shows-masivos-en-puntos-centricos-de-12-ciudades-de-chile","status":"publish","type":"post","link":"https:\/\/temucotelevision.cl\/web\/2023\/10\/13\/gira-teleton-2023-regresa-a-regiones-con-shows-masivos-en-puntos-centricos-de-12-ciudades-de-chile\/","title":{"rendered":"Gira Telet\u00f3n 2023 regresa a regiones con shows masivos en puntos c\u00e9ntricos de 12 ciudades de Chile"},"content":{"rendered":"<div class=\"pvc_clear\"><\/div><p id=\"pvc_stats_45321\" class=\"pvc_stats total_only  \" data-element-id=\"45321\" style=\"\"><i class=\"pvc-stats-icon large\" aria-hidden=\"true\"><svg aria-hidden=\"true\" focusable=\"false\" data-prefix=\"far\" data-icon=\"chart-bar\" role=\"img\" xmlns=\"http:\/\/www.w3.org\/2000\/svg\" viewBox=\"0 0 512 512\" class=\"svg-inline--fa fa-chart-bar fa-w-16 fa-2x\"><path fill=\"currentColor\" d=\"M396.8 352h22.4c6.4 0 12.8-6.4 12.8-12.8V108.8c0-6.4-6.4-12.8-12.8-12.8h-22.4c-6.4 0-12.8 6.4-12.8 12.8v230.4c0 6.4 6.4 12.8 12.8 12.8zm-192 0h22.4c6.4 0 12.8-6.4 12.8-12.8V140.8c0-6.4-6.4-12.8-12.8-12.8h-22.4c-6.4 0-12.8 6.4-12.8 12.8v198.4c0 6.4 6.4 12.8 12.8 12.8zm96 0h22.4c6.4 0 12.8-6.4 12.8-12.8V204.8c0-6.4-6.4-12.8-12.8-12.8h-22.4c-6.4 0-12.8 6.4-12.8 12.8v134.4c0 6.4 6.4 12.8 12.8 12.8zM496 400H48V80c0-8.84-7.16-16-16-16H16C7.16 64 0 71.16 0 80v336c0 17.67 14.33 32 32 32h464c8.84 0 16-7.16 16-16v-16c0-8.84-7.16-16-16-16zm-387.2-48h22.4c6.4 0 12.8-6.4 12.8-12.8v-70.4c0-6.4-6.4-12.8-12.8-12.8h-22.4c-6.4 0-12.8 6.4-12.8 12.8v70.4c0 6.4 6.4 12.8 12.8 12.8z\" class=\"\"><\/path><\/svg><\/i> <img loading=\"lazy\" decoding=\"async\" width=\"16\" height=\"16\" alt=\"Loading\" src=\"https:\/\/temucotelevision.cl\/web\/wp-content\/plugins\/page-views-count\/ajax-loader-2x.gif\" border=0 \/><\/p><div class=\"pvc_clear\"><\/div>\n<ul class=\"wp-block-list\">\n<li>Desde el 23 de octubre al 4 de noviembre, una caravana de artistas y rostros embajadores de Telet\u00f3n recorrer\u00e1 el pa\u00eds, de Arica a Coyhaique, para motivar a las comunidades locales a sumarse a su campa\u00f1a de este a\u00f1o.<\/li>\n\n\n\n<li>Los shows se realizar\u00e1n a partir de las 18 horas en lugares c\u00e9ntricos de las ciudades que la gira visitar\u00e1<\/li>\n<\/ul>\n\n\n\n<hr class=\"wp-block-separator has-alpha-channel-opacity\"\/>\n\n\n\n<p>Se acerca la Telet\u00f3n, que este a\u00f1o ser\u00e1 el <strong>10 y 11 de noviembre<\/strong>,y, con ella, uno de sus eventos m\u00e1s esperados en las regiones: la Gira Telet\u00f3n. Durante dos semanas una gran caravana de artistas y rostros embajadores de la cruzada solidaria visitar\u00e1 12 de las ciudades donde Telet\u00f3n tiene institutos de rehabilitaci\u00f3n para invitar a las comunidades regionales a que se unan en apoyo de la campa\u00f1a 2023.<\/p>\n\n\n\n<p>A diferencia de los dos a\u00f1os anteriores, en que estos shows se realizaron en los institutos y con aforos limitados, este a\u00f1o el escenario de la Gira Telet\u00f3n se trasladar\u00e1 a puntos neur\u00e1lgicos de las ciudades.<\/p>\n\n\n\n<p><strong>La Gira Telet\u00f3n se realizar\u00e1 entre el 23 de octubre y el 4 de noviembre, <\/strong>y contar\u00e1 con la participaci\u00f3n de animadores, animadoras, cantantes, bandas y artistas para diferentes p\u00fablicos, show que servir\u00e1 como marco para invitar a todas las personas a conocer lo que Telet\u00f3n hace en los institutos del pa\u00eds gracias a los generosos aportes que a\u00f1o a a\u00f1o las personas realizan en la campa\u00f1a.<\/p>\n\n\n\n<p>Entre los artistas que estar\u00e1n participando en la Gira Telet\u00f3n se encuentran Los Viking\u2019s 5; Z\u00fambale Primo; Amerikan Sound; Camiseta 22, que re\u00fane a ex integrantes de la banda Guachup\u00e9; Alanys Lagos, una de las artistas revelaci\u00f3n de la m\u00fasica ranchera en Chile; Nico Ruiz, cantante y ex participante de The Voice Chile,&nbsp; y m\u00e1s artistas que ser\u00e1n confirmados pr\u00f3ximamente a trav\u00e9s de las redes sociales de Telet\u00f3n. En la gira tambi\u00e9n participar\u00e1n influencers, entre ellos Ignacia Antonia, Tati Fern\u00e1ndez, Oliver Borner, adem\u00e1s de Roberto Rosinelli y Jaime Proox, del medio digital Vamo&#8217; a Calmarno.<\/p>\n\n\n\n<p>El detalle del itinerario de la Gira Telet\u00f3n por ciudad y localidad del pa\u00eds es el siguiente:<\/p>\n\n\n\n<p><strong>Gira Norte<\/strong><\/p>\n\n\n\n<ul class=\"wp-block-list\">\n<li>Arica: Lunes 23 octubre. Plaza de Armas (Morro)<\/li>\n\n\n\n<li>Iquique: Martes 24 octubre. Estacionamiento U. Arturo Prat<\/li>\n\n\n\n<li>Calama: Mi\u00e9rcoles 25 octubre. Finca San Juan<\/li>\n\n\n\n<li>Antofagasta: Jueves 26 de octubre. Estacionamiento Estadio Regional<\/li>\n\n\n\n<li>Copiap\u00f3: Viernes 27 octubre. Plaza de Armas<\/li>\n\n\n\n<li>Coquimbo: S\u00e1bado 28 octubre. Estacionamiento Mall Plaza La Serena<\/li>\n<\/ul>\n\n\n\n<p><strong>Gira Sur<\/strong><\/p>\n\n\n\n<ul class=\"wp-block-list\">\n<li>Talca: Lunes 30 octubre. Plaza de Armas<\/li>\n\n\n\n<li>Concepci\u00f3n: Martes 31 octubre. Plaza de Armas<\/li>\n\n\n\n<li>Temuco: Mi\u00e9rcoles 01 noviembre. Plaza de Armas<\/li>\n\n\n\n<li>Valdivia: Jueves 02 noviembre. Helipuerto Costanera<\/li>\n\n\n\n<li>Puerto Montt: Viernes 03 noviembre. Plaza de Armas<\/li>\n\n\n\n<li>Coyhaique: S\u00e1bado 04 noviembre. Gimnasio Municipal<\/li>\n<\/ul>\n\n\n\n<p>Todos los shows comenzar\u00e1n a las 18 horas y se extender\u00e1n hasta las 20 horas.<\/p>\n\n\n\n<p>Adem\u00e1s de estos espect\u00e1culos principales en 12 ciudades, la gira realizar\u00e1 seis detenciones intermedias en comunas en las cuales sus organizaciones sociales, a\u00f1o a a\u00f1o, realizan activaciones por la campa\u00f1a Telet\u00f3n.<\/p>\n\n\n\n<p>En estas comunas se realizar\u00e1 un show art\u00edstico en horario de 12 a 13 horas. Este es el detalle:<\/p>\n\n\n\n<ul class=\"wp-block-list\">\n<li>Alto Hospicio: Martes 24 octubre<\/li>\n\n\n\n<li>Pichidegua: Lunes 30 octubre<\/li>\n\n\n\n<li>San Javier: Martes 31 octubre<\/li>\n\n\n\n<li>Mulch\u00e9n: Mi\u00e9rcoles 01 noviembre<\/li>\n\n\n\n<li>Pitrufqu\u00e9n: Jueves 02 noviembre<\/li>\n\n\n\n<li>La Uni\u00f3n: Viernes 03 noviembre<\/li>\n<\/ul>\n\n\n\n<p><strong>Inauguraci\u00f3n de la gira en Arica<\/strong><\/p>\n\n\n\n<p>La partida de la Gira Telet\u00f3n en Arica coincidir\u00e1 con la ceremonia de inauguraci\u00f3n de las obras de mejoramiento y ampliaci\u00f3n del instituto de la ciudad.<\/p>\n\n\n\n<p>Las obras -que fueron financiadas con recursos del Gobierno Regional de Arica y Parinacota, por un monto de 3.500 millones de pesos- contemplaron la construcci\u00f3n de un segundo piso (para aumentar la disponibilidad de \u00e1reas asistenciales en el nivel 1), una modernizaci\u00f3n de las \u00e1reas terap\u00e9uticas y mejoras de eficiencia energ\u00e9tica. Todo esto para brindar atenciones con la mejor tecnolog\u00eda, calidad y calidez a los m\u00e1s de 600 usuarios que se atienden cada a\u00f1o en este centro.<\/p>\n\n\n\n<figure class=\"wp-block-image size-large\"><img loading=\"lazy\" decoding=\"async\" width=\"1024\" height=\"683\" src=\"https:\/\/temucotelevision.cl\/web\/wp-content\/uploads\/2023\/10\/Gira-Teleton-1024x683.jpg\" alt=\"\" class=\"wp-image-45323\" srcset=\"https:\/\/temucotelevision.cl\/web\/wp-content\/uploads\/2023\/10\/Gira-Teleton-1024x683.jpg 1024w, https:\/\/temucotelevision.cl\/web\/wp-content\/uploads\/2023\/10\/Gira-Teleton-768x512.jpg 768w, https:\/\/temucotelevision.cl\/web\/wp-content\/uploads\/2023\/10\/Gira-Teleton-1536x1025.jpg 1536w, https:\/\/temucotelevision.cl\/web\/wp-content\/uploads\/2023\/10\/Gira-Teleton-2048x1366.jpg 2048w\" sizes=\"auto, (max-width: 1024px) 100vw, 1024px\" \/><\/figure>\n","protected":false},"excerpt":{"rendered":"<div class=\"pvc_clear\"><\/div>\n<p id=\"pvc_stats_45321\" class=\"pvc_stats total_only  \" data-element-id=\"45321\" style=\"\"><i class=\"pvc-stats-icon large\" aria-hidden=\"true\"><svg aria-hidden=\"true\" focusable=\"false\" data-prefix=\"far\" data-icon=\"chart-bar\" role=\"img\" xmlns=\"http:\/\/www.w3.org\/2000\/svg\" viewBox=\"0 0 512 512\" class=\"svg-inline--fa fa-chart-bar fa-w-16 fa-2x\"><path fill=\"currentColor\" d=\"M396.8 352h22.4c6.4 0 12.8-6.4 12.8-12.8V108.8c0-6.4-6.4-12.8-12.8-12.8h-22.4c-6.4 0-12.8 6.4-12.8 12.8v230.4c0 6.4 6.4 12.8 12.8 12.8zm-192 0h22.4c6.4 0 12.8-6.4 12.8-12.8V140.8c0-6.4-6.4-12.8-12.8-12.8h-22.4c-6.4 0-12.8 6.4-12.8 12.8v198.4c0 6.4 6.4 12.8 12.8 12.8zm96 0h22.4c6.4 0 12.8-6.4 12.8-12.8V204.8c0-6.4-6.4-12.8-12.8-12.8h-22.4c-6.4 0-12.8 6.4-12.8 12.8v134.4c0 6.4 6.4 12.8 12.8 12.8zM496 400H48V80c0-8.84-7.16-16-16-16H16C7.16 64 0 71.16 0 80v336c0 17.67 14.33 32 32 32h464c8.84 0 16-7.16 16-16v-16c0-8.84-7.16-16-16-16zm-387.2-48h22.4c6.4 0 12.8-6.4 12.8-12.8v-70.4c0-6.4-6.4-12.8-12.8-12.8h-22.4c-6.4 0-12.8 6.4-12.8 12.8v70.4c0 6.4 6.4 12.8 12.8 12.8z\" class=\"\"><\/path><\/svg><\/i> <img loading=\"lazy\" decoding=\"async\" width=\"16\" height=\"16\" alt=\"Loading\" src=\"https:\/\/temucotelevision.cl\/web\/wp-content\/plugins\/page-views-count\/ajax-loader-2x.gif\" border=0 \/><\/p>\n<div class=\"pvc_clear\"><\/div>\n<p>Se acerca la Telet\u00f3n, que este a\u00f1o ser\u00e1 el 10 y 11 de noviembre,y, con ella, uno de sus eventos<\/p>\n","protected":false},"author":1,"featured_media":45322,"comment_status":"open","ping_status":"open","sticky":false,"template":"","format":"standard","meta":{"colormag_page_container_layout":"default_layout","colormag_page_sidebar_layout":"default_layout","footnotes":""},"categories":[86,14],"tags":[581,820,1989],"class_list":["post-45321","post","type-post","status-publish","format-standard","has-post-thumbnail","hentry","category-panoramas","category-temuco","tag-gira","tag-regiones","tag-teleton"],"a3_pvc":{"activated":true,"total_views":2458,"today_views":0},"_links":{"self":[{"href":"https:\/\/temucotelevision.cl\/web\/wp-json\/wp\/v2\/posts\/45321","targetHints":{"allow":["GET"]}}],"collection":[{"href":"https:\/\/temucotelevision.cl\/web\/wp-json\/wp\/v2\/posts"}],"about":[{"href":"https:\/\/temucotelevision.cl\/web\/wp-json\/wp\/v2\/types\/post"}],"author":[{"embeddable":true,"href":"https:\/\/temucotelevision.cl\/web\/wp-json\/wp\/v2\/users\/1"}],"replies":[{"embeddable":true,"href":"https:\/\/temucotelevision.cl\/web\/wp-json\/wp\/v2\/comments?post=45321"}],"version-history":[{"count":1,"href":"https:\/\/temucotelevision.cl\/web\/wp-json\/wp\/v2\/posts\/45321\/revisions"}],"predecessor-version":[{"id":45324,"href":"https:\/\/temucotelevision.cl\/web\/wp-json\/wp\/v2\/posts\/45321\/revisions\/45324"}],"wp:featuredmedia":[{"embeddable":true,"href":"https:\/\/temucotelevision.cl\/web\/wp-json\/wp\/v2\/media\/45322"}],"wp:attachment":[{"href":"https:\/\/temucotelevision.cl\/web\/wp-json\/wp\/v2\/media?parent=45321"}],"wp:term":[{"taxonomy":"category","embeddable":true,"href":"https:\/\/temucotelevision.cl\/web\/wp-json\/wp\/v2\/categories?post=45321"},{"taxonomy":"post_tag","embeddable":true,"href":"https:\/\/temucotelevision.cl\/web\/wp-json\/wp\/v2\/tags?post=45321"}],"curies":[{"name":"wp","href":"https:\/\/api.w.org\/{rel}","templated":true}]}}