{"id":45315,"date":"2023-10-13T10:09:18","date_gmt":"2023-10-13T13:09:18","guid":{"rendered":"https:\/\/temucotelevision.cl\/web\/?p=45315"},"modified":"2023-10-13T10:09:19","modified_gmt":"2023-10-13T13:09:19","slug":"carabineros-detiene-a-dos-profugos-de-la-justicia-ambos-acumulan-mas-de-50-detenciones","status":"publish","type":"post","link":"https:\/\/temucotelevision.cl\/web\/2023\/10\/13\/carabineros-detiene-a-dos-profugos-de-la-justicia-ambos-acumulan-mas-de-50-detenciones\/","title":{"rendered":"Carabineros detiene a dos pr\u00f3fugos de la justicia: ambos acumulan m\u00e1s de 50 detenciones"},"content":{"rendered":"<div class=\"pvc_clear\"><\/div><p id=\"pvc_stats_45315\" class=\"pvc_stats total_only  \" data-element-id=\"45315\" style=\"\"><i class=\"pvc-stats-icon large\" aria-hidden=\"true\"><svg aria-hidden=\"true\" focusable=\"false\" data-prefix=\"far\" data-icon=\"chart-bar\" role=\"img\" xmlns=\"http:\/\/www.w3.org\/2000\/svg\" viewBox=\"0 0 512 512\" class=\"svg-inline--fa fa-chart-bar fa-w-16 fa-2x\"><path fill=\"currentColor\" d=\"M396.8 352h22.4c6.4 0 12.8-6.4 12.8-12.8V108.8c0-6.4-6.4-12.8-12.8-12.8h-22.4c-6.4 0-12.8 6.4-12.8 12.8v230.4c0 6.4 6.4 12.8 12.8 12.8zm-192 0h22.4c6.4 0 12.8-6.4 12.8-12.8V140.8c0-6.4-6.4-12.8-12.8-12.8h-22.4c-6.4 0-12.8 6.4-12.8 12.8v198.4c0 6.4 6.4 12.8 12.8 12.8zm96 0h22.4c6.4 0 12.8-6.4 12.8-12.8V204.8c0-6.4-6.4-12.8-12.8-12.8h-22.4c-6.4 0-12.8 6.4-12.8 12.8v134.4c0 6.4 6.4 12.8 12.8 12.8zM496 400H48V80c0-8.84-7.16-16-16-16H16C7.16 64 0 71.16 0 80v336c0 17.67 14.33 32 32 32h464c8.84 0 16-7.16 16-16v-16c0-8.84-7.16-16-16-16zm-387.2-48h22.4c6.4 0 12.8-6.4 12.8-12.8v-70.4c0-6.4-6.4-12.8-12.8-12.8h-22.4c-6.4 0-12.8 6.4-12.8 12.8v70.4c0 6.4 6.4 12.8 12.8 12.8z\" class=\"\"><\/path><\/svg><\/i> <img loading=\"lazy\" decoding=\"async\" width=\"16\" height=\"16\" alt=\"Loading\" src=\"https:\/\/temucotelevision.cl\/web\/wp-content\/plugins\/page-views-count\/ajax-loader-2x.gif\" border=0 \/><\/p><div class=\"pvc_clear\"><\/div>\n<p>Personal policial de la Secci\u00f3n de Encargo y B\u00fasqueda de Personas y Veh\u00edculos (SEBV) Araucan\u00eda, logr\u00f3 ubicar a los hombres que manten\u00edan m\u00faltiples \u00f3rdenes de detenci\u00f3n vigentes por delitos tales como violaci\u00f3n, robo, hurto y lesiones, siendo aprehendidos en las \u00faltimas horas en las comunas de Temuco y Padre Las Casas<\/p>\n\n\n\n<p>Tras intensas diligencias investigativas realizadas por Carabineros SEBV Araucan\u00eda en el marco del Plan Calle Sin Violencia, les permitieron ubicar y detectar en las \u00faltimas horas a dos hombres chilenos mayores de edad, los que manten\u00edan entre ambos 53 detenciones previas por distintos delitos.<\/p>\n\n\n\n<p>El primero, fue detenido el pasado martes cerca de las 21 horas en la comuna de Padre Las Casas luego que mediante diligencias propias del personal SEBV y en su plan de b\u00fasqueda de pr\u00f3fugos, se ubic\u00f3 a K.J.M.G de 21 a\u00f1os y el que mantiene 4 \u00f3rdenes de aprehensi\u00f3n vigentes por delitos como violaci\u00f3n a mayor de 14 a\u00f1os, hurto simple, lesiones menos graves, todas emanadas por el Juzgado de Garant\u00eda de Temuco y el cual ya hab\u00eda sido detenidos en 25 ocasiones anteriores.<\/p>\n\n\n\n<p>Mientras que R.I.V.R. de 26 a\u00f1os quien registra 28 detenciones previas y 5 \u00f3rdenes de detenci\u00f3n vigentes, era buscado por delitos asociados al robo por sorpresa y al hurto, el cual fue detectado en Temuco el d\u00eda mi\u00e9rcoles en horas de la tarde en la intersecci\u00f3n de las calles Rep\u00fablica con Antifil.<\/p>\n\n\n\n<p>\u201cLas diligencias realizadas por el SEBV Araucan\u00eda permitieron detener a los sujetos en el sector urbano de la capital regional y de la comuna de Padre Las Casas, los cuales contaban con m\u00e1s de 50 detenciones entre ambos, adem\u00e1s de \u00f3rdenes de aprehensi\u00f3n vigentes por diversos y graves delitos\u201d, destac\u00f3 el Coronel \u00c1lvaro Mart\u00ednez, Prefecto de Caut\u00edn.<\/p>\n\n\n\n<p>Agreg\u00f3 adem\u00e1s que \u201ceste trabajo, que se ha visto reforzado en el marco del Plan Calle Sin Violencia, nos ha permitido poder detectar a estas personas que mantienen deudas con la justicia y adem\u00e1s, nosotros entendemos de que la gran mayor\u00eda de los delitos son cometidos por personas que tienen el car\u00e1cter de reincidentes, de ah\u00ed la importancia de ubicarlos y detenerlos\u201d finaliz\u00f3 el Coronel Mart\u00ednez.<\/p>\n\n\n\n<p>Ambos sujetos pr\u00f3fugos de la justicia fueron puestos disposici\u00f3n del Juzgado de Garant\u00eda de Temuco donde R.I.V.R. de 26 a\u00f1os luego del control de su detenci\u00f3n qued\u00f3 en prisi\u00f3n preventiva mientras que K.J.M.G de 21 se est\u00e1 a la espera de lo que disponga el Ministerio p\u00fablico.<\/p>\n","protected":false},"excerpt":{"rendered":"<div class=\"pvc_clear\"><\/div>\n<p id=\"pvc_stats_45315\" class=\"pvc_stats total_only  \" data-element-id=\"45315\" style=\"\"><i class=\"pvc-stats-icon large\" aria-hidden=\"true\"><svg aria-hidden=\"true\" focusable=\"false\" data-prefix=\"far\" data-icon=\"chart-bar\" role=\"img\" xmlns=\"http:\/\/www.w3.org\/2000\/svg\" viewBox=\"0 0 512 512\" class=\"svg-inline--fa fa-chart-bar fa-w-16 fa-2x\"><path fill=\"currentColor\" d=\"M396.8 352h22.4c6.4 0 12.8-6.4 12.8-12.8V108.8c0-6.4-6.4-12.8-12.8-12.8h-22.4c-6.4 0-12.8 6.4-12.8 12.8v230.4c0 6.4 6.4 12.8 12.8 12.8zm-192 0h22.4c6.4 0 12.8-6.4 12.8-12.8V140.8c0-6.4-6.4-12.8-12.8-12.8h-22.4c-6.4 0-12.8 6.4-12.8 12.8v198.4c0 6.4 6.4 12.8 12.8 12.8zm96 0h22.4c6.4 0 12.8-6.4 12.8-12.8V204.8c0-6.4-6.4-12.8-12.8-12.8h-22.4c-6.4 0-12.8 6.4-12.8 12.8v134.4c0 6.4 6.4 12.8 12.8 12.8zM496 400H48V80c0-8.84-7.16-16-16-16H16C7.16 64 0 71.16 0 80v336c0 17.67 14.33 32 32 32h464c8.84 0 16-7.16 16-16v-16c0-8.84-7.16-16-16-16zm-387.2-48h22.4c6.4 0 12.8-6.4 12.8-12.8v-70.4c0-6.4-6.4-12.8-12.8-12.8h-22.4c-6.4 0-12.8 6.4-12.8 12.8v70.4c0 6.4 6.4 12.8 12.8 12.8z\" class=\"\"><\/path><\/svg><\/i> <img loading=\"lazy\" decoding=\"async\" width=\"16\" height=\"16\" alt=\"Loading\" src=\"https:\/\/temucotelevision.cl\/web\/wp-content\/plugins\/page-views-count\/ajax-loader-2x.gif\" border=0 \/><\/p>\n<div class=\"pvc_clear\"><\/div>\n<p>Personal policial de la Secci\u00f3n de Encargo y B\u00fasqueda de Personas y Veh\u00edculos (SEBV) Araucan\u00eda, logr\u00f3 ubicar a los hombres<\/p>\n","protected":false},"author":1,"featured_media":45316,"comment_status":"open","ping_status":"open","sticky":false,"template":"","format":"standard","meta":{"colormag_page_container_layout":"default_layout","colormag_page_sidebar_layout":"default_layout","footnotes":""},"categories":[15,16],"tags":[3398,198,4095],"class_list":["post-45315","post","type-post","status-publish","format-standard","has-post-thumbnail","hentry","category-la-araucania","category-policial","tag-detenciones","tag-justicia","tag-profugos"],"a3_pvc":{"activated":true,"total_views":1554,"today_views":0},"_links":{"self":[{"href":"https:\/\/temucotelevision.cl\/web\/wp-json\/wp\/v2\/posts\/45315","targetHints":{"allow":["GET"]}}],"collection":[{"href":"https:\/\/temucotelevision.cl\/web\/wp-json\/wp\/v2\/posts"}],"about":[{"href":"https:\/\/temucotelevision.cl\/web\/wp-json\/wp\/v2\/types\/post"}],"author":[{"embeddable":true,"href":"https:\/\/temucotelevision.cl\/web\/wp-json\/wp\/v2\/users\/1"}],"replies":[{"embeddable":true,"href":"https:\/\/temucotelevision.cl\/web\/wp-json\/wp\/v2\/comments?post=45315"}],"version-history":[{"count":1,"href":"https:\/\/temucotelevision.cl\/web\/wp-json\/wp\/v2\/posts\/45315\/revisions"}],"predecessor-version":[{"id":45317,"href":"https:\/\/temucotelevision.cl\/web\/wp-json\/wp\/v2\/posts\/45315\/revisions\/45317"}],"wp:featuredmedia":[{"embeddable":true,"href":"https:\/\/temucotelevision.cl\/web\/wp-json\/wp\/v2\/media\/45316"}],"wp:attachment":[{"href":"https:\/\/temucotelevision.cl\/web\/wp-json\/wp\/v2\/media?parent=45315"}],"wp:term":[{"taxonomy":"category","embeddable":true,"href":"https:\/\/temucotelevision.cl\/web\/wp-json\/wp\/v2\/categories?post=45315"},{"taxonomy":"post_tag","embeddable":true,"href":"https:\/\/temucotelevision.cl\/web\/wp-json\/wp\/v2\/tags?post=45315"}],"curies":[{"name":"wp","href":"https:\/\/api.w.org\/{rel}","templated":true}]}}