{"id":45313,"date":"2023-10-13T09:43:47","date_gmt":"2023-10-13T12:43:47","guid":{"rendered":"https:\/\/temucotelevision.cl\/web\/?p=45313"},"modified":"2023-10-13T09:43:48","modified_gmt":"2023-10-13T12:43:48","slug":"voceria-de-senadora-republicana-carmen-gloria-aravena-por-detencion-en-flagrancia-de-5-integrantes-de-la-cam-en-camino-a-antuco","status":"publish","type":"post","link":"https:\/\/temucotelevision.cl\/web\/2023\/10\/13\/voceria-de-senadora-republicana-carmen-gloria-aravena-por-detencion-en-flagrancia-de-5-integrantes-de-la-cam-en-camino-a-antuco\/","title":{"rendered":"Vocer\u00eda de senadora republicana Carmen Gloria Aravena, por detenci\u00f3n en flagrancia de 5 integrantes de la CAM en camino a Antuco"},"content":{"rendered":"<div class=\"pvc_clear\"><\/div><p id=\"pvc_stats_45313\" class=\"pvc_stats total_only  \" data-element-id=\"45313\" style=\"\"><i class=\"pvc-stats-icon large\" aria-hidden=\"true\"><svg aria-hidden=\"true\" focusable=\"false\" data-prefix=\"far\" data-icon=\"chart-bar\" role=\"img\" xmlns=\"http:\/\/www.w3.org\/2000\/svg\" viewBox=\"0 0 512 512\" class=\"svg-inline--fa fa-chart-bar fa-w-16 fa-2x\"><path fill=\"currentColor\" d=\"M396.8 352h22.4c6.4 0 12.8-6.4 12.8-12.8V108.8c0-6.4-6.4-12.8-12.8-12.8h-22.4c-6.4 0-12.8 6.4-12.8 12.8v230.4c0 6.4 6.4 12.8 12.8 12.8zm-192 0h22.4c6.4 0 12.8-6.4 12.8-12.8V140.8c0-6.4-6.4-12.8-12.8-12.8h-22.4c-6.4 0-12.8 6.4-12.8 12.8v198.4c0 6.4 6.4 12.8 12.8 12.8zm96 0h22.4c6.4 0 12.8-6.4 12.8-12.8V204.8c0-6.4-6.4-12.8-12.8-12.8h-22.4c-6.4 0-12.8 6.4-12.8 12.8v134.4c0 6.4 6.4 12.8 12.8 12.8zM496 400H48V80c0-8.84-7.16-16-16-16H16C7.16 64 0 71.16 0 80v336c0 17.67 14.33 32 32 32h464c8.84 0 16-7.16 16-16v-16c0-8.84-7.16-16-16-16zm-387.2-48h22.4c6.4 0 12.8-6.4 12.8-12.8v-70.4c0-6.4-6.4-12.8-12.8-12.8h-22.4c-6.4 0-12.8 6.4-12.8 12.8v70.4c0 6.4 6.4 12.8 12.8 12.8z\" class=\"\"><\/path><\/svg><\/i> <img loading=\"lazy\" decoding=\"async\" width=\"16\" height=\"16\" alt=\"Loading\" src=\"https:\/\/temucotelevision.cl\/web\/wp-content\/plugins\/page-views-count\/ajax-loader-2x.gif\" border=0 \/><\/p><div class=\"pvc_clear\"><\/div>\n<p>La detenci\u00f3n en flagrancia de cinco miembros de la CAM es un hecho positivo que va en la l\u00ednea de desarticular a esta y otras peligrosas org\u00e1nicas radicales que operan en la Macrozona Sur, donde cabe destacar la labor de Carabineros en este operativo y el trabajo conjunto con el Ministrrio P\u00fablico, considerando lo complejo que es detener a los integrantes de estos grupos en el momento que est\u00e1n cometiendo atentados terroristas, como ocurri\u00f3 tiempo atr\u00e1s, cuando tambi\u00e9n se captur\u00f3 en flagrancia al hijo de H\u00e9ctor Llaitul, uno de los cabecillas de la CAM.<\/p>\n\n\n\n<p>Se debe seguir avanzando en esta direcci\u00f3n, pero para eso es fundamental que el gobierno le otorgue m\u00e1xima prioridad al proyecto que moderniza la Ley Antiterrorista y as\u00ed poder aplicar ese valioso instrumento para desarticular a estas org\u00e1nicas, ya que esto no puede ser enfrentado como un delito com\u00fan. No se entiende que el gobierno haya anunciado esto con gran resonancia medi\u00e1tica y no existan avances al respecto.<\/p>\n\n\n\n<p>El terrorismo es una grave amenaza a nivel mundial, como se pudo observar con el despiadado ataque de Ham\u00e1s a Israel en d\u00edas recientes, y los pa\u00edses que no enfrenten con fuerza este flagelo, est\u00e1n expuestos a sufrir consecuencias muy nefastas.<\/p>\n\n\n\n<p>Mientras se sientan impunes, estos grupos violentistas no dejar\u00e1n de actuar y resulta imperioso que el Estado despliegue herramientas eficaces para terminar con m\u00e1s de 25 a\u00f1os de terrorismo en la Macrozona Sur.<\/p>\n","protected":false},"excerpt":{"rendered":"<div class=\"pvc_clear\"><\/div>\n<p id=\"pvc_stats_45313\" class=\"pvc_stats total_only  \" data-element-id=\"45313\" style=\"\"><i class=\"pvc-stats-icon large\" aria-hidden=\"true\"><svg aria-hidden=\"true\" focusable=\"false\" data-prefix=\"far\" data-icon=\"chart-bar\" role=\"img\" xmlns=\"http:\/\/www.w3.org\/2000\/svg\" viewBox=\"0 0 512 512\" class=\"svg-inline--fa fa-chart-bar fa-w-16 fa-2x\"><path fill=\"currentColor\" d=\"M396.8 352h22.4c6.4 0 12.8-6.4 12.8-12.8V108.8c0-6.4-6.4-12.8-12.8-12.8h-22.4c-6.4 0-12.8 6.4-12.8 12.8v230.4c0 6.4 6.4 12.8 12.8 12.8zm-192 0h22.4c6.4 0 12.8-6.4 12.8-12.8V140.8c0-6.4-6.4-12.8-12.8-12.8h-22.4c-6.4 0-12.8 6.4-12.8 12.8v198.4c0 6.4 6.4 12.8 12.8 12.8zm96 0h22.4c6.4 0 12.8-6.4 12.8-12.8V204.8c0-6.4-6.4-12.8-12.8-12.8h-22.4c-6.4 0-12.8 6.4-12.8 12.8v134.4c0 6.4 6.4 12.8 12.8 12.8zM496 400H48V80c0-8.84-7.16-16-16-16H16C7.16 64 0 71.16 0 80v336c0 17.67 14.33 32 32 32h464c8.84 0 16-7.16 16-16v-16c0-8.84-7.16-16-16-16zm-387.2-48h22.4c6.4 0 12.8-6.4 12.8-12.8v-70.4c0-6.4-6.4-12.8-12.8-12.8h-22.4c-6.4 0-12.8 6.4-12.8 12.8v70.4c0 6.4 6.4 12.8 12.8 12.8z\" class=\"\"><\/path><\/svg><\/i> <img loading=\"lazy\" decoding=\"async\" width=\"16\" height=\"16\" alt=\"Loading\" src=\"https:\/\/temucotelevision.cl\/web\/wp-content\/plugins\/page-views-count\/ajax-loader-2x.gif\" border=0 \/><\/p>\n<div class=\"pvc_clear\"><\/div>\n<p>La detenci\u00f3n en flagrancia de cinco miembros de la CAM es un hecho positivo que va en la l\u00ednea de<\/p>\n","protected":false},"author":1,"featured_media":45265,"comment_status":"open","ping_status":"open","sticky":false,"template":"","format":"standard","meta":{"colormag_page_container_layout":"default_layout","colormag_page_sidebar_layout":"default_layout","footnotes":""},"categories":[84],"tags":[1296,934,2065],"class_list":["post-45313","post","type-post","status-publish","format-standard","has-post-thumbnail","hentry","category-politica","tag-cam","tag-detencion","tag-senadora"],"a3_pvc":{"activated":true,"total_views":1710,"today_views":0},"_links":{"self":[{"href":"https:\/\/temucotelevision.cl\/web\/wp-json\/wp\/v2\/posts\/45313","targetHints":{"allow":["GET"]}}],"collection":[{"href":"https:\/\/temucotelevision.cl\/web\/wp-json\/wp\/v2\/posts"}],"about":[{"href":"https:\/\/temucotelevision.cl\/web\/wp-json\/wp\/v2\/types\/post"}],"author":[{"embeddable":true,"href":"https:\/\/temucotelevision.cl\/web\/wp-json\/wp\/v2\/users\/1"}],"replies":[{"embeddable":true,"href":"https:\/\/temucotelevision.cl\/web\/wp-json\/wp\/v2\/comments?post=45313"}],"version-history":[{"count":1,"href":"https:\/\/temucotelevision.cl\/web\/wp-json\/wp\/v2\/posts\/45313\/revisions"}],"predecessor-version":[{"id":45314,"href":"https:\/\/temucotelevision.cl\/web\/wp-json\/wp\/v2\/posts\/45313\/revisions\/45314"}],"wp:featuredmedia":[{"embeddable":true,"href":"https:\/\/temucotelevision.cl\/web\/wp-json\/wp\/v2\/media\/45265"}],"wp:attachment":[{"href":"https:\/\/temucotelevision.cl\/web\/wp-json\/wp\/v2\/media?parent=45313"}],"wp:term":[{"taxonomy":"category","embeddable":true,"href":"https:\/\/temucotelevision.cl\/web\/wp-json\/wp\/v2\/categories?post=45313"},{"taxonomy":"post_tag","embeddable":true,"href":"https:\/\/temucotelevision.cl\/web\/wp-json\/wp\/v2\/tags?post=45313"}],"curies":[{"name":"wp","href":"https:\/\/api.w.org\/{rel}","templated":true}]}}