{"id":45310,"date":"2023-10-13T09:41:14","date_gmt":"2023-10-13T12:41:14","guid":{"rendered":"https:\/\/temucotelevision.cl\/web\/?p=45310"},"modified":"2023-10-13T09:41:14","modified_gmt":"2023-10-13T12:41:14","slug":"diputado-jorge-rathgeb-solicita-investigacion-en-conaf-de-la-araucania-por-presunta-vulneracion-de-derechos-humanos-de-trabajadores","status":"publish","type":"post","link":"https:\/\/temucotelevision.cl\/web\/2023\/10\/13\/diputado-jorge-rathgeb-solicita-investigacion-en-conaf-de-la-araucania-por-presunta-vulneracion-de-derechos-humanos-de-trabajadores\/","title":{"rendered":"Diputado Jorge Rathgeb solicita investigaci\u00f3n en Conaf de La Araucan\u00eda por presunta vulneraci\u00f3n de derechos humanos de trabajadores"},"content":{"rendered":"<div class=\"pvc_clear\"><\/div><p id=\"pvc_stats_45310\" class=\"pvc_stats total_only  \" data-element-id=\"45310\" style=\"\"><i class=\"pvc-stats-icon large\" aria-hidden=\"true\"><svg aria-hidden=\"true\" focusable=\"false\" data-prefix=\"far\" data-icon=\"chart-bar\" role=\"img\" xmlns=\"http:\/\/www.w3.org\/2000\/svg\" viewBox=\"0 0 512 512\" class=\"svg-inline--fa fa-chart-bar fa-w-16 fa-2x\"><path fill=\"currentColor\" d=\"M396.8 352h22.4c6.4 0 12.8-6.4 12.8-12.8V108.8c0-6.4-6.4-12.8-12.8-12.8h-22.4c-6.4 0-12.8 6.4-12.8 12.8v230.4c0 6.4 6.4 12.8 12.8 12.8zm-192 0h22.4c6.4 0 12.8-6.4 12.8-12.8V140.8c0-6.4-6.4-12.8-12.8-12.8h-22.4c-6.4 0-12.8 6.4-12.8 12.8v198.4c0 6.4 6.4 12.8 12.8 12.8zm96 0h22.4c6.4 0 12.8-6.4 12.8-12.8V204.8c0-6.4-6.4-12.8-12.8-12.8h-22.4c-6.4 0-12.8 6.4-12.8 12.8v134.4c0 6.4 6.4 12.8 12.8 12.8zM496 400H48V80c0-8.84-7.16-16-16-16H16C7.16 64 0 71.16 0 80v336c0 17.67 14.33 32 32 32h464c8.84 0 16-7.16 16-16v-16c0-8.84-7.16-16-16-16zm-387.2-48h22.4c6.4 0 12.8-6.4 12.8-12.8v-70.4c0-6.4-6.4-12.8-12.8-12.8h-22.4c-6.4 0-12.8 6.4-12.8 12.8v70.4c0 6.4 6.4 12.8 12.8 12.8z\" class=\"\"><\/path><\/svg><\/i> <img loading=\"lazy\" decoding=\"async\" width=\"16\" height=\"16\" alt=\"Loading\" src=\"https:\/\/temucotelevision.cl\/web\/wp-content\/plugins\/page-views-count\/ajax-loader-2x.gif\" border=0 \/><\/p><div class=\"pvc_clear\"><\/div>\n<p><strong>El legislador acus\u00f3 que se debe indagar las condiciones laborales que viven guardaparques que han sido dejados a la deriva y viven un clima de inseguridad constante en sus tareas, algo que ha denunciado en varias oportunidades y que incluso le vali\u00f3 a la Corporaci\u00f3n Nacional Forestal una infracci\u00f3n de parte de la Inspecci\u00f3n del Trabajo tras las advertencias que realiz\u00f3 en su momento.<\/strong><\/p>\n\n\n\n<p>Una investigaci\u00f3n sobre las condiciones laborales que se est\u00e1n viviendo en la repartici\u00f3n y la solicitud de mejoras en la seguridad de los trabajadores de la Conaf regional, est\u00e1 solicitando el diputado de Renovaci\u00f3n Nacional por La Araucan\u00eda y presidente regional de RN, Jorge Rathgeb Schifferli.<\/p>\n\n\n\n<p>El legislador que es integrante de la comisi\u00f3n de Agricultura de la C\u00e1mara, hace tiempo ha insistido que los guardaparques est\u00e1n viviendo una vulneraci\u00f3n a sus derechos, considerando que se les ha dejado solos y que precisamente parques y reservas nacionales, han sufrido ataques incendiarios y los trabajadores vivieron las consecuencias de los violentistas.<\/p>\n\n\n\n<p>Rathgeb coment\u00f3 que convers\u00f3 con funcionarios que por temor a represalias han pedido resguardo de su identidad, quienes precisaron que, a pesar de las solicitudes formuladas a la direcci\u00f3n regional, estos han hecho vista ciega y no han tomado acciones al respecto, lo que se grafica de manera clara luego que, tras las denuncias formuladas por el legislador, la propia Inspecci\u00f3n del Trabajo les cursara una infracci\u00f3n.<\/p>\n\n\n\n<p>El congresista se\u00f1al\u00f3 que los coletazos de la violencia que se vive en La Araucan\u00eda la est\u00e1n pagando hoy en d\u00eda quienes se esmeran por llevar el sustento a sus hogares y que demuestra que el Gobierno ha dejado de lado a los funcionarios p\u00fablicos.<\/p>\n\n\n\n<p>&#8220;Solicito una investigaci\u00f3n interna en Conaf de La Araucan\u00eda porque es inconcebible que los trabajadores sientan temor y que a pesar de sus peticiones no sean tomados en cuenta y tengan una completa vulneraci\u00f3n de sus derechos laborales y humanos, algo que vengo se\u00f1alando hace meses y que adem\u00e1s se vive en m\u00faltiples reparticiones de Gobierno, con autoridades que no est\u00e1n considerado a sus funcionarios &#8220;, coment\u00f3 Rathgeb.<\/p>\n\n\n\n<p>El legislador se\u00f1al\u00f3 que insistir\u00e1 en este punto, para que los funcionarios p\u00fablicos tanto de Salud, Educaci\u00f3n, Vialidad, entre otras reparticiones de la Regi\u00f3n, no vean perjudicados sus derechos y puedan realizar sus labores con seguridad o caso contrario nuevamente solicitar\u00e1 que los estamentos respectivos cursen las infracciones necesarias para remediar la situaci\u00f3n.<\/p>\n","protected":false},"excerpt":{"rendered":"<div class=\"pvc_clear\"><\/div>\n<p id=\"pvc_stats_45310\" class=\"pvc_stats total_only  \" data-element-id=\"45310\" style=\"\"><i class=\"pvc-stats-icon large\" aria-hidden=\"true\"><svg aria-hidden=\"true\" focusable=\"false\" data-prefix=\"far\" data-icon=\"chart-bar\" role=\"img\" xmlns=\"http:\/\/www.w3.org\/2000\/svg\" viewBox=\"0 0 512 512\" class=\"svg-inline--fa fa-chart-bar fa-w-16 fa-2x\"><path fill=\"currentColor\" d=\"M396.8 352h22.4c6.4 0 12.8-6.4 12.8-12.8V108.8c0-6.4-6.4-12.8-12.8-12.8h-22.4c-6.4 0-12.8 6.4-12.8 12.8v230.4c0 6.4 6.4 12.8 12.8 12.8zm-192 0h22.4c6.4 0 12.8-6.4 12.8-12.8V140.8c0-6.4-6.4-12.8-12.8-12.8h-22.4c-6.4 0-12.8 6.4-12.8 12.8v198.4c0 6.4 6.4 12.8 12.8 12.8zm96 0h22.4c6.4 0 12.8-6.4 12.8-12.8V204.8c0-6.4-6.4-12.8-12.8-12.8h-22.4c-6.4 0-12.8 6.4-12.8 12.8v134.4c0 6.4 6.4 12.8 12.8 12.8zM496 400H48V80c0-8.84-7.16-16-16-16H16C7.16 64 0 71.16 0 80v336c0 17.67 14.33 32 32 32h464c8.84 0 16-7.16 16-16v-16c0-8.84-7.16-16-16-16zm-387.2-48h22.4c6.4 0 12.8-6.4 12.8-12.8v-70.4c0-6.4-6.4-12.8-12.8-12.8h-22.4c-6.4 0-12.8 6.4-12.8 12.8v70.4c0 6.4 6.4 12.8 12.8 12.8z\" class=\"\"><\/path><\/svg><\/i> <img loading=\"lazy\" decoding=\"async\" width=\"16\" height=\"16\" alt=\"Loading\" src=\"https:\/\/temucotelevision.cl\/web\/wp-content\/plugins\/page-views-count\/ajax-loader-2x.gif\" border=0 \/><\/p>\n<div class=\"pvc_clear\"><\/div>\n<p>El legislador acus\u00f3 que se debe indagar las condiciones laborales que viven guardaparques que han sido dejados a la deriva<\/p>\n","protected":false},"author":1,"featured_media":45311,"comment_status":"open","ping_status":"open","sticky":false,"template":"","format":"standard","meta":{"colormag_page_container_layout":"default_layout","colormag_page_sidebar_layout":"default_layout","footnotes":""},"categories":[84],"tags":[425,154,1006],"class_list":["post-45310","post","type-post","status-publish","format-standard","has-post-thumbnail","hentry","category-politica","tag-conaf","tag-diputado","tag-investigacion"],"a3_pvc":{"activated":true,"total_views":1110,"today_views":0},"_links":{"self":[{"href":"https:\/\/temucotelevision.cl\/web\/wp-json\/wp\/v2\/posts\/45310","targetHints":{"allow":["GET"]}}],"collection":[{"href":"https:\/\/temucotelevision.cl\/web\/wp-json\/wp\/v2\/posts"}],"about":[{"href":"https:\/\/temucotelevision.cl\/web\/wp-json\/wp\/v2\/types\/post"}],"author":[{"embeddable":true,"href":"https:\/\/temucotelevision.cl\/web\/wp-json\/wp\/v2\/users\/1"}],"replies":[{"embeddable":true,"href":"https:\/\/temucotelevision.cl\/web\/wp-json\/wp\/v2\/comments?post=45310"}],"version-history":[{"count":1,"href":"https:\/\/temucotelevision.cl\/web\/wp-json\/wp\/v2\/posts\/45310\/revisions"}],"predecessor-version":[{"id":45312,"href":"https:\/\/temucotelevision.cl\/web\/wp-json\/wp\/v2\/posts\/45310\/revisions\/45312"}],"wp:featuredmedia":[{"embeddable":true,"href":"https:\/\/temucotelevision.cl\/web\/wp-json\/wp\/v2\/media\/45311"}],"wp:attachment":[{"href":"https:\/\/temucotelevision.cl\/web\/wp-json\/wp\/v2\/media?parent=45310"}],"wp:term":[{"taxonomy":"category","embeddable":true,"href":"https:\/\/temucotelevision.cl\/web\/wp-json\/wp\/v2\/categories?post=45310"},{"taxonomy":"post_tag","embeddable":true,"href":"https:\/\/temucotelevision.cl\/web\/wp-json\/wp\/v2\/tags?post=45310"}],"curies":[{"name":"wp","href":"https:\/\/api.w.org\/{rel}","templated":true}]}}