{"id":4531,"date":"2019-06-28T19:10:14","date_gmt":"2019-06-28T22:10:14","guid":{"rendered":"https:\/\/temucotelevision.cl\/web\/?p=4531"},"modified":"2019-06-28T19:10:14","modified_gmt":"2019-06-28T22:10:14","slug":"temuquense-gano-viaje-a-brasil-para-alentar-a-la-roja","status":"publish","type":"post","link":"https:\/\/temucotelevision.cl\/web\/2019\/06\/28\/temuquense-gano-viaje-a-brasil-para-alentar-a-la-roja\/","title":{"rendered":"Temuquense gan\u00f3 viaje a Brasil para alentar a La Roja"},"content":{"rendered":"<div class=\"pvc_clear\"><\/div>\n<p id=\"pvc_stats_4531\" class=\"pvc_stats total_only  \" data-element-id=\"4531\" style=\"\"><i class=\"pvc-stats-icon large\" aria-hidden=\"true\"><svg aria-hidden=\"true\" focusable=\"false\" data-prefix=\"far\" data-icon=\"chart-bar\" role=\"img\" xmlns=\"http:\/\/www.w3.org\/2000\/svg\" viewBox=\"0 0 512 512\" class=\"svg-inline--fa fa-chart-bar fa-w-16 fa-2x\"><path fill=\"currentColor\" d=\"M396.8 352h22.4c6.4 0 12.8-6.4 12.8-12.8V108.8c0-6.4-6.4-12.8-12.8-12.8h-22.4c-6.4 0-12.8 6.4-12.8 12.8v230.4c0 6.4 6.4 12.8 12.8 12.8zm-192 0h22.4c6.4 0 12.8-6.4 12.8-12.8V140.8c0-6.4-6.4-12.8-12.8-12.8h-22.4c-6.4 0-12.8 6.4-12.8 12.8v198.4c0 6.4 6.4 12.8 12.8 12.8zm96 0h22.4c6.4 0 12.8-6.4 12.8-12.8V204.8c0-6.4-6.4-12.8-12.8-12.8h-22.4c-6.4 0-12.8 6.4-12.8 12.8v134.4c0 6.4 6.4 12.8 12.8 12.8zM496 400H48V80c0-8.84-7.16-16-16-16H16C7.16 64 0 71.16 0 80v336c0 17.67 14.33 32 32 32h464c8.84 0 16-7.16 16-16v-16c0-8.84-7.16-16-16-16zm-387.2-48h22.4c6.4 0 12.8-6.4 12.8-12.8v-70.4c0-6.4-6.4-12.8-12.8-12.8h-22.4c-6.4 0-12.8 6.4-12.8 12.8v70.4c0 6.4 6.4 12.8 12.8 12.8z\" class=\"\"><\/path><\/svg><\/i> <img loading=\"lazy\" decoding=\"async\" width=\"16\" height=\"16\" alt=\"Loading\" src=\"https:\/\/temucotelevision.cl\/web\/wp-content\/plugins\/page-views-count\/ajax-loader-2x.gif\" border=0 \/><\/p>\n<div class=\"pvc_clear\"><\/div>\n<p style=\"text-align: justify;\">Claro Chile premi\u00f3 a cliente.<\/p>\n<p style=\"text-align: justify;\">Junto a su esposa acompa\u00f1\u00f3 a la selecci\u00f3n en el partido contra Uruguay<\/p>\n<p style=\"text-align: justify;\">Mediante el concurso \u201cClaro te lleva a Brasil para alentar a La Roja\u201d, un habitante de Temuco gan\u00f3 un viaje todo incluido para acompa\u00f1ar a la Selecci\u00f3n Chilena en el partido contra Uruguay en Copa Am\u00e9rica 2019.<\/p>\n<p style=\"text-align: justify;\">El ganador es V\u00edctor Hugo Rodr\u00edguez, vive en Temuco con su esposa y trabaja conduciendo buses. Por su trabajo no tiene la oportunidad de ir al estadio y muchas veces ni siquiera de ver el partido.<\/p>\n<p style=\"text-align: justify;\">\u201cAl viaje vengo con mi se\u00f1ora, ella es la m\u00e1s feliz. Hemos viajado s\u00f3lo por Chile as\u00ed que estamos emocionados por la oportunidad de conocer Brasil\u201d, coment\u00f3 el Temuquense qui\u00e9n est\u00e1 muy contento a pesar del resultado del partido.<\/p>\n<p style=\"text-align: justify;\">El concurso se realiz\u00f3 mediante mensajes de texto y consisti\u00f3 en un viaje a R\u00edo de Janeiro para ver el partido de Chile vs Uruguay el pasado 24 de junio en el famoso estadio Maracan\u00e1, e incluy\u00f3 pasajes, traslados, alojamiento y comida<\/p>\n","protected":false},"excerpt":{"rendered":"<div class=\"pvc_clear\"><\/div>\n<p id=\"pvc_stats_4531\" class=\"pvc_stats total_only  \" data-element-id=\"4531\" style=\"\"><i class=\"pvc-stats-icon large\" aria-hidden=\"true\"><svg aria-hidden=\"true\" focusable=\"false\" data-prefix=\"far\" data-icon=\"chart-bar\" role=\"img\" xmlns=\"http:\/\/www.w3.org\/2000\/svg\" viewBox=\"0 0 512 512\" class=\"svg-inline--fa fa-chart-bar fa-w-16 fa-2x\"><path fill=\"currentColor\" d=\"M396.8 352h22.4c6.4 0 12.8-6.4 12.8-12.8V108.8c0-6.4-6.4-12.8-12.8-12.8h-22.4c-6.4 0-12.8 6.4-12.8 12.8v230.4c0 6.4 6.4 12.8 12.8 12.8zm-192 0h22.4c6.4 0 12.8-6.4 12.8-12.8V140.8c0-6.4-6.4-12.8-12.8-12.8h-22.4c-6.4 0-12.8 6.4-12.8 12.8v198.4c0 6.4 6.4 12.8 12.8 12.8zm96 0h22.4c6.4 0 12.8-6.4 12.8-12.8V204.8c0-6.4-6.4-12.8-12.8-12.8h-22.4c-6.4 0-12.8 6.4-12.8 12.8v134.4c0 6.4 6.4 12.8 12.8 12.8zM496 400H48V80c0-8.84-7.16-16-16-16H16C7.16 64 0 71.16 0 80v336c0 17.67 14.33 32 32 32h464c8.84 0 16-7.16 16-16v-16c0-8.84-7.16-16-16-16zm-387.2-48h22.4c6.4 0 12.8-6.4 12.8-12.8v-70.4c0-6.4-6.4-12.8-12.8-12.8h-22.4c-6.4 0-12.8 6.4-12.8 12.8v70.4c0 6.4 6.4 12.8 12.8 12.8z\" class=\"\"><\/path><\/svg><\/i> <img loading=\"lazy\" decoding=\"async\" width=\"16\" height=\"16\" alt=\"Loading\" src=\"https:\/\/temucotelevision.cl\/web\/wp-content\/plugins\/page-views-count\/ajax-loader-2x.gif\" border=0 \/><\/p>\n<div class=\"pvc_clear\"><\/div>\n<p>Claro Chile premi\u00f3 a cliente. Junto a su esposa acompa\u00f1\u00f3 a la selecci\u00f3n en el partido contra Uruguay Mediante el<\/p>\n","protected":false},"author":1,"featured_media":4532,"comment_status":"open","ping_status":"open","sticky":false,"template":"","format":"standard","meta":{"colormag_page_container_layout":"default_layout","colormag_page_sidebar_layout":"default_layout","footnotes":""},"categories":[14],"tags":[1614,1613,1615],"class_list":["post-4531","post","type-post","status-publish","format-standard","has-post-thumbnail","hentry","category-temuco","tag-ganador","tag-la-roja","tag-viaje"],"a3_pvc":{"activated":true,"total_views":25,"today_views":0},"_links":{"self":[{"href":"https:\/\/temucotelevision.cl\/web\/wp-json\/wp\/v2\/posts\/4531","targetHints":{"allow":["GET"]}}],"collection":[{"href":"https:\/\/temucotelevision.cl\/web\/wp-json\/wp\/v2\/posts"}],"about":[{"href":"https:\/\/temucotelevision.cl\/web\/wp-json\/wp\/v2\/types\/post"}],"author":[{"embeddable":true,"href":"https:\/\/temucotelevision.cl\/web\/wp-json\/wp\/v2\/users\/1"}],"replies":[{"embeddable":true,"href":"https:\/\/temucotelevision.cl\/web\/wp-json\/wp\/v2\/comments?post=4531"}],"version-history":[{"count":1,"href":"https:\/\/temucotelevision.cl\/web\/wp-json\/wp\/v2\/posts\/4531\/revisions"}],"predecessor-version":[{"id":4533,"href":"https:\/\/temucotelevision.cl\/web\/wp-json\/wp\/v2\/posts\/4531\/revisions\/4533"}],"wp:featuredmedia":[{"embeddable":true,"href":"https:\/\/temucotelevision.cl\/web\/wp-json\/wp\/v2\/media\/4532"}],"wp:attachment":[{"href":"https:\/\/temucotelevision.cl\/web\/wp-json\/wp\/v2\/media?parent=4531"}],"wp:term":[{"taxonomy":"category","embeddable":true,"href":"https:\/\/temucotelevision.cl\/web\/wp-json\/wp\/v2\/categories?post=4531"},{"taxonomy":"post_tag","embeddable":true,"href":"https:\/\/temucotelevision.cl\/web\/wp-json\/wp\/v2\/tags?post=4531"}],"curies":[{"name":"wp","href":"https:\/\/api.w.org\/{rel}","templated":true}]}}