{"id":45303,"date":"2023-10-13T09:29:26","date_gmt":"2023-10-13T12:29:26","guid":{"rendered":"https:\/\/temucotelevision.cl\/web\/?p=45303"},"modified":"2023-10-13T09:33:20","modified_gmt":"2023-10-13T12:33:20","slug":"emprendedores-turisticos-de-icalma-reciben-herramientas-para-potenciar-su-destino","status":"publish","type":"post","link":"https:\/\/temucotelevision.cl\/web\/2023\/10\/13\/emprendedores-turisticos-de-icalma-reciben-herramientas-para-potenciar-su-destino\/","title":{"rendered":"Emprendedores tur\u00edsticos de Icalma reciben herramientas para potenciar su destino"},"content":{"rendered":"<div class=\"pvc_clear\"><\/div><p id=\"pvc_stats_45303\" class=\"pvc_stats total_only  \" data-element-id=\"45303\" style=\"\"><i class=\"pvc-stats-icon large\" aria-hidden=\"true\"><svg aria-hidden=\"true\" focusable=\"false\" data-prefix=\"far\" data-icon=\"chart-bar\" role=\"img\" xmlns=\"http:\/\/www.w3.org\/2000\/svg\" viewBox=\"0 0 512 512\" class=\"svg-inline--fa fa-chart-bar fa-w-16 fa-2x\"><path fill=\"currentColor\" d=\"M396.8 352h22.4c6.4 0 12.8-6.4 12.8-12.8V108.8c0-6.4-6.4-12.8-12.8-12.8h-22.4c-6.4 0-12.8 6.4-12.8 12.8v230.4c0 6.4 6.4 12.8 12.8 12.8zm-192 0h22.4c6.4 0 12.8-6.4 12.8-12.8V140.8c0-6.4-6.4-12.8-12.8-12.8h-22.4c-6.4 0-12.8 6.4-12.8 12.8v198.4c0 6.4 6.4 12.8 12.8 12.8zm96 0h22.4c6.4 0 12.8-6.4 12.8-12.8V204.8c0-6.4-6.4-12.8-12.8-12.8h-22.4c-6.4 0-12.8 6.4-12.8 12.8v134.4c0 6.4 6.4 12.8 12.8 12.8zM496 400H48V80c0-8.84-7.16-16-16-16H16C7.16 64 0 71.16 0 80v336c0 17.67 14.33 32 32 32h464c8.84 0 16-7.16 16-16v-16c0-8.84-7.16-16-16-16zm-387.2-48h22.4c6.4 0 12.8-6.4 12.8-12.8v-70.4c0-6.4-6.4-12.8-12.8-12.8h-22.4c-6.4 0-12.8 6.4-12.8 12.8v70.4c0 6.4 6.4 12.8 12.8 12.8z\" class=\"\"><\/path><\/svg><\/i> <img loading=\"lazy\" decoding=\"async\" width=\"16\" height=\"16\" alt=\"Loading\" src=\"https:\/\/temucotelevision.cl\/web\/wp-content\/plugins\/page-views-count\/ajax-loader-2x.gif\" border=0 \/><\/p><div class=\"pvc_clear\"><\/div>\n<p><em>Cerca de 60 millones en inversi\u00f3n permiti\u00f3 a peque\u00f1as empresas <\/em><em>gastron\u00f3micas, de alojamiento, tour operadores acceder a capacitaciones que se extender\u00e1n hasta marzo de 2024, con un enfoque de desarrollo econ\u00f3mico, poniendo en valor la cultura Pehuenche de la Araucan\u00eda Andina<\/em><\/p>\n\n\n\n<p>&nbsp;&nbsp;&nbsp;&nbsp;&nbsp;&nbsp;&nbsp;&nbsp;&nbsp;&nbsp;&nbsp;&nbsp;&nbsp;&nbsp;&nbsp;&nbsp;&nbsp; El centro Parque Amavida, en la localidad de Malalcahuello, en la precordillera de Malleco, fue el punto de encuentro de los beneficiarios del Programa de difusi\u00f3n tecnol\u00f3gica Regional que, durante 15 meses se desarrolla en la zona de Araucan\u00eda Andina.<\/p>\n\n\n\n<p>La iniciativa, busca mejorar la competitividad y contribuir a realizar una oferta direnciadora para 25 empresas tur\u00edsticas de la localidad fronteriza de Icalma, en la comuna de Lonquimay, mediante la prospecci\u00f3n, difusi\u00f3n, transferencia e instalaci\u00f3n de conocimientos, en las \u00e1reas de alojamiento, gastronom\u00eda y tour operaci\u00f3n. Con ello, se espera genera negocios sostenibles en el el corto y mediano plazo en la zona de Araucan\u00eda Andina.<\/p>\n\n\n\n<p>El subdirector regional de CORFO Araucan\u00eda, Juan Burgos Sandoval, detall\u00f3 que \u201cla idea de este programa, en particular, es poder dotarlos de herramientas, de conocimientos, de manera que puedan ir mejorando en la calidad de los servicios que prestan y puedan ir avanzando en t\u00e9rminos de conocimiento, de mejorar servicios y de tener mejores retribuciones econ\u00f3micas\u201d.<\/p>\n\n\n\n<p>Para Burgos, \u201ces importante porque el turismo es una de las industrias que m\u00e1s mueve recursos en todos los territorios, entonces para nosotros es relevante poder apoyarlos de maner de tener una oferta tur\u00edstica de calidad en la Regi\u00f3n, y podamos ser capaces de atraer la mayor cantidad de turistas, que permitsn posicionarnos como un destino tur\u00edstico de excelencia\u201d<\/p>\n\n\n\n<p>El proyecto, desarrollado por la Consultora Huella Azul, signific\u00f3 una inversi\u00f3n de casi $59 millones, de los cuales un 80% es aportado por CORFO -con fondos del Gobierno Regional- y solo un 20% por los beneficiarios ejecutores y&nbsp; beneficiarios atendidos. Carolina Toledo, coordinadora del equipo Huella Azul, relata que \u201cesta iniciativa surge desde los requerimientos que tiene la localidad de Icalma, luego del proceso que ellos vivieron de un alzamiento de la demanda en per\u00edodo de pandemia\u201d y pasaron \u201cde una oferta que era incipiente, a una, m\u00e1s bien, desarrollada\u201d. Desde entonces, agrega, los emprendedores y empresarios tur\u00edsticos de Icalma \u201cten\u00edan la inquietud de poder desarrollar capacidades que les permitieran desarrollar sus emprendimientos, pero a la vez con sentido de pertenencia y sustentabilidad, que es lo que m\u00e1s les preocupa\u201d<\/p>\n\n\n\n<p>En una primera etapa del proyecto, se desarrollar\u00e1 un diagn\u00f3stico integral para los sectores gastron\u00f3mico, alojamiento y tour operadores, para definir el alcance que se dar\u00e1 a cada intervenci\u00f3n en las empresas de acuerdo con su nivel y clasificaci\u00f3n.<\/p>\n\n\n\n<p>Luego de ello, se realizar\u00e1n asesor\u00edas t\u00e9cnicas a cada uno de los beneficiarios del sector gastron\u00f3mico que se estima en una decena de emprendimientos, tendientes a mejorar las pr\u00e1cticas en la manufactura y manipulaci\u00f3n de alimentos.<\/p>\n\n\n\n<p>El proyecto contempla capacitaciones individuales y grupales a la totalidad de los beneficiarios, en tecnolog\u00edas de comercializaci\u00f3n y atenci\u00f3n de clientes. Estas clases ser\u00e1n reforzadas mediante asistencia t\u00e9cnica individual en las instalaciones de cada beneficiario, implementando tecnolog\u00edas de comercializaci\u00f3n y atenci\u00f3n de clientes\u201d.<\/p>\n\n\n\n<p>Antes de completar el primer a\u00f1o, el programa incorpora la capacitaci\u00f3n en negociaci\u00f3n con operadores tur\u00edsticos mayoristas, para luego -cerrando el segundo semestre dar paso a asesor\u00edas individuales en las tem\u00e1ticas aprendidas, implementando las herramientas ya conocidas.<\/p>\n\n\n\n<p>Con ello, los beneficiarios tendr\u00e1n la posibilidad de ser los anfitriones de una ronda de negocios, en la que podr\u00e1n ofrecer sus productos y servicios tur\u00edsticos a empresas invitadas que requieren estos productos, lo que, adem\u00e1s de generar negocios in situ, permitir\u00e1 generar redes de contactos comerciales para el corto, mediano y largo plazo.<\/p>\n\n\n\n<p>Adem\u00e1s, los beneficiarios recibir\u00e1n instrucci\u00f3n para actuar de manera correcta y poder generar sus propios protocolos de respuesta ante una emergencia en las zonas donde se encuentran instalados; y para implementar medidas de sustentabilidad de acuerdo con el tipo de empresa y el tama\u00f1o de la misma.<\/p>\n\n\n\n<p>Para Rodrigo Bustos, encargado de desarrolllo y sustentabilidad tur\u00edstica de Sernatur Araucan\u00eda \u201cIcalma es un diamente en bruto\u201d, y por ello \u201cesta industria del turismo no se puede trabajar demasiado aislado. Para potenciar un destino tiene que trabajarse con todas las personas que est\u00e1n en el sector\u201d, entre ellos, \u201cel turismo aventura y esta conexi\u00f3n con la tierra, con la gente pehuenche\u201d.<\/p>\n\n\n\n<p>A diferencia de otros destinos de monta\u00f1a, a\u00f1ade Bustos, Icalma \u201ctiene todo lo que entrega la monta\u00f1a: nieve, tambien tiene lago, r\u00edos, tambi\u00e9n termas. Sin embargo, lo que la diferencia es el turismo pehuenche, donde uno puede dar una mrada a la cosmovisi\u00f3n mapuche\u201d<\/p>\n\n\n\n<p>Yanina Espinoza, encargada del restaurante, caba\u00f1as y tinajas Posada La Frontera, de Icalma, reconoce que \u201ceste tipo de proyectos es s\u00faper importante para nosotros, porque nos podemos capacitar en diferentes \u00e1reas como el tema de m\u00e1rketing digital\u201d, en el que \u201cera un cero a la izquierda\u201d, reconoce. \u201cEntonces me ayud\u00f3 mucho entender c\u00f3mo funciona el \u00e1rea digital y temas de redes sociales, que para muchas personas puede ser muy f\u00e1cil, pero para mi era un problema. Entonces ahora se me hace mucho m\u00e1s f\u00e1cil entrar y hacer contenidos\u201d, al igual que las clases de finanzas, \u201cque en alg\u00fan momento lo tuve, pero ahora me est\u00e1n ayudando a aplicarlo en el emprendimiento\u201d, afirma.<\/p>\n\n\n\n<p>Carlos Torres Catrileo, representante de Turismo Pirrenche, de Icalma, dedicado al rubro de alojamiento y clases de esqu\u00ed, agreg\u00f3 que, en su caso, \u201cvenimos a generar alianzas con otros prestadores de servicios tur\u00edsticos del sector de Malalcahuello\u201d, con quienes \u201cesperamos tener resultados positivos para la pr\u00f3xima temporada que se nos viene\u201d. Para el emprendedor \u201cel turismo se trata de generar alianzas y contactos para poder llegar a m\u00e1s personas con nuestro producto tur\u00edstico\u201d.<\/p>\n\n\n\n<p>Respecto del programa, asegur\u00f3 que \u201cnos sirve, porque estamos en sector bastante remoto y nos cuesta reunirnos con otras personas, o que otros emprendedores vayan a Icalma a ver lo que estamos haciendo. Y aqu\u00ed se nos da la posibilidad de exponer y visibilizar lo que estamos trabajando\u201d, valora.<\/p>\n\n\n\n<p>Tras participar de una de las jornadas de capacitaci\u00f3n, Catalina Barba Guti\u00e9rrez, propietaria del Hostal ecol\u00f3gico Casa Verde y dirigente gremial del turismo de Malalcahuello, coincidi\u00f3 con el representante de Turismo Pirrenche pues, a\u00f1ade, \u201ces muy importante generar redes de asociatividad y acercamiento con otros servicios tur\u00edsticos, con otras actividades tur\u00edsticas en la zona\u201d, debido a que \u201cestimulamos al turista que nos visita conozca m\u00e1s este territorio, que somos Geoparque, que somos reserva de la bi\u00f3sfera y adem\u00e1s, conozca la cultura pehuenche, que es parte de la riqueza que tiene este territorio\u201d.<\/p>\n\n\n\n<p>La dirigente gremial advirti\u00f3 que \u201cla asociatividad es fundamental, y una de las formas de que Icalma tambi\u00e9n crezca y se desarrolle tur\u00edsticamente, es que se vincule con otros sectores del turismo, y eso va a incentivar a Icalma a que tenga mejores servicios\u201d.<\/p>\n\n\n\n<figure class=\"wp-block-image size-large\"><img loading=\"lazy\" decoding=\"async\" width=\"1024\" height=\"576\" src=\"https:\/\/temucotelevision.cl\/web\/wp-content\/uploads\/2023\/10\/Capacitacion-Turismo-Icalma-1024x576.jpg\" alt=\"\" class=\"wp-image-45307\" srcset=\"https:\/\/temucotelevision.cl\/web\/wp-content\/uploads\/2023\/10\/Capacitacion-Turismo-Icalma-1024x576.jpg 1024w, https:\/\/temucotelevision.cl\/web\/wp-content\/uploads\/2023\/10\/Capacitacion-Turismo-Icalma-768x432.jpg 768w, https:\/\/temucotelevision.cl\/web\/wp-content\/uploads\/2023\/10\/Capacitacion-Turismo-Icalma-1536x864.jpg 1536w, https:\/\/temucotelevision.cl\/web\/wp-content\/uploads\/2023\/10\/Capacitacion-Turismo-Icalma.jpg 1920w\" sizes=\"auto, (max-width: 1024px) 100vw, 1024px\" \/><\/figure>\n\n\n\n<figure class=\"wp-block-image size-large\"><img loading=\"lazy\" decoding=\"async\" width=\"1024\" height=\"576\" src=\"https:\/\/temucotelevision.cl\/web\/wp-content\/uploads\/2023\/10\/Icalma2-1024x576.jpeg\" alt=\"\" class=\"wp-image-45305\" srcset=\"https:\/\/temucotelevision.cl\/web\/wp-content\/uploads\/2023\/10\/Icalma2-1024x576.jpeg 1024w, https:\/\/temucotelevision.cl\/web\/wp-content\/uploads\/2023\/10\/Icalma2-768x432.jpeg 768w, https:\/\/temucotelevision.cl\/web\/wp-content\/uploads\/2023\/10\/Icalma2-1536x864.jpeg 1536w, https:\/\/temucotelevision.cl\/web\/wp-content\/uploads\/2023\/10\/Icalma2.jpeg 1600w\" sizes=\"auto, (max-width: 1024px) 100vw, 1024px\" \/><\/figure>\n","protected":false},"excerpt":{"rendered":"<div class=\"pvc_clear\"><\/div>\n<p id=\"pvc_stats_45303\" class=\"pvc_stats total_only  \" data-element-id=\"45303\" style=\"\"><i class=\"pvc-stats-icon large\" aria-hidden=\"true\"><svg aria-hidden=\"true\" focusable=\"false\" data-prefix=\"far\" data-icon=\"chart-bar\" role=\"img\" xmlns=\"http:\/\/www.w3.org\/2000\/svg\" viewBox=\"0 0 512 512\" class=\"svg-inline--fa fa-chart-bar fa-w-16 fa-2x\"><path fill=\"currentColor\" d=\"M396.8 352h22.4c6.4 0 12.8-6.4 12.8-12.8V108.8c0-6.4-6.4-12.8-12.8-12.8h-22.4c-6.4 0-12.8 6.4-12.8 12.8v230.4c0 6.4 6.4 12.8 12.8 12.8zm-192 0h22.4c6.4 0 12.8-6.4 12.8-12.8V140.8c0-6.4-6.4-12.8-12.8-12.8h-22.4c-6.4 0-12.8 6.4-12.8 12.8v198.4c0 6.4 6.4 12.8 12.8 12.8zm96 0h22.4c6.4 0 12.8-6.4 12.8-12.8V204.8c0-6.4-6.4-12.8-12.8-12.8h-22.4c-6.4 0-12.8 6.4-12.8 12.8v134.4c0 6.4 6.4 12.8 12.8 12.8zM496 400H48V80c0-8.84-7.16-16-16-16H16C7.16 64 0 71.16 0 80v336c0 17.67 14.33 32 32 32h464c8.84 0 16-7.16 16-16v-16c0-8.84-7.16-16-16-16zm-387.2-48h22.4c6.4 0 12.8-6.4 12.8-12.8v-70.4c0-6.4-6.4-12.8-12.8-12.8h-22.4c-6.4 0-12.8 6.4-12.8 12.8v70.4c0 6.4 6.4 12.8 12.8 12.8z\" class=\"\"><\/path><\/svg><\/i> <img loading=\"lazy\" decoding=\"async\" width=\"16\" height=\"16\" alt=\"Loading\" src=\"https:\/\/temucotelevision.cl\/web\/wp-content\/plugins\/page-views-count\/ajax-loader-2x.gif\" border=0 \/><\/p>\n<div class=\"pvc_clear\"><\/div>\n<p>Cerca de 60 millones en inversi\u00f3n permiti\u00f3 a peque\u00f1as empresas gastron\u00f3micas, de alojamiento, tour operadores acceder a capacitaciones que se<\/p>\n","protected":false},"author":1,"featured_media":45304,"comment_status":"open","ping_status":"open","sticky":false,"template":"","format":"standard","meta":{"colormag_page_container_layout":"default_layout","colormag_page_sidebar_layout":"default_layout","footnotes":""},"categories":[15],"tags":[384,1143,94],"class_list":["post-45303","post","type-post","status-publish","format-standard","has-post-thumbnail","hentry","category-la-araucania","tag-emprendedores","tag-icalma","tag-turismo"],"a3_pvc":{"activated":true,"total_views":1115,"today_views":0},"_links":{"self":[{"href":"https:\/\/temucotelevision.cl\/web\/wp-json\/wp\/v2\/posts\/45303","targetHints":{"allow":["GET"]}}],"collection":[{"href":"https:\/\/temucotelevision.cl\/web\/wp-json\/wp\/v2\/posts"}],"about":[{"href":"https:\/\/temucotelevision.cl\/web\/wp-json\/wp\/v2\/types\/post"}],"author":[{"embeddable":true,"href":"https:\/\/temucotelevision.cl\/web\/wp-json\/wp\/v2\/users\/1"}],"replies":[{"embeddable":true,"href":"https:\/\/temucotelevision.cl\/web\/wp-json\/wp\/v2\/comments?post=45303"}],"version-history":[{"count":2,"href":"https:\/\/temucotelevision.cl\/web\/wp-json\/wp\/v2\/posts\/45303\/revisions"}],"predecessor-version":[{"id":45309,"href":"https:\/\/temucotelevision.cl\/web\/wp-json\/wp\/v2\/posts\/45303\/revisions\/45309"}],"wp:featuredmedia":[{"embeddable":true,"href":"https:\/\/temucotelevision.cl\/web\/wp-json\/wp\/v2\/media\/45304"}],"wp:attachment":[{"href":"https:\/\/temucotelevision.cl\/web\/wp-json\/wp\/v2\/media?parent=45303"}],"wp:term":[{"taxonomy":"category","embeddable":true,"href":"https:\/\/temucotelevision.cl\/web\/wp-json\/wp\/v2\/categories?post=45303"},{"taxonomy":"post_tag","embeddable":true,"href":"https:\/\/temucotelevision.cl\/web\/wp-json\/wp\/v2\/tags?post=45303"}],"curies":[{"name":"wp","href":"https:\/\/api.w.org\/{rel}","templated":true}]}}