{"id":45301,"date":"2023-10-13T09:17:12","date_gmt":"2023-10-13T12:17:12","guid":{"rendered":"https:\/\/temucotelevision.cl\/web\/?p=45301"},"modified":"2023-10-13T09:17:12","modified_gmt":"2023-10-13T12:17:12","slug":"diputado-mellado-destaca-detencion-de-cinco-integrantes-de-la-cam-en-biobio-esperamos-que-la-justicia-haga-lo-suyo-y-los-sequen-en-la-carcel","status":"publish","type":"post","link":"https:\/\/temucotelevision.cl\/web\/2023\/10\/13\/diputado-mellado-destaca-detencion-de-cinco-integrantes-de-la-cam-en-biobio-esperamos-que-la-justicia-haga-lo-suyo-y-los-sequen-en-la-carcel\/","title":{"rendered":"Diputado Mellado destaca detenci\u00f3n de cinco integrantes de la CAM en BioB\u00edo: Esperamos que la justicia haga lo suyo y los sequen en la c\u00e1rcel&#8221;"},"content":{"rendered":"<div class=\"pvc_clear\"><\/div><p id=\"pvc_stats_45301\" class=\"pvc_stats total_only  \" data-element-id=\"45301\" style=\"\"><i class=\"pvc-stats-icon large\" aria-hidden=\"true\"><svg aria-hidden=\"true\" focusable=\"false\" data-prefix=\"far\" data-icon=\"chart-bar\" role=\"img\" xmlns=\"http:\/\/www.w3.org\/2000\/svg\" viewBox=\"0 0 512 512\" class=\"svg-inline--fa fa-chart-bar fa-w-16 fa-2x\"><path fill=\"currentColor\" d=\"M396.8 352h22.4c6.4 0 12.8-6.4 12.8-12.8V108.8c0-6.4-6.4-12.8-12.8-12.8h-22.4c-6.4 0-12.8 6.4-12.8 12.8v230.4c0 6.4 6.4 12.8 12.8 12.8zm-192 0h22.4c6.4 0 12.8-6.4 12.8-12.8V140.8c0-6.4-6.4-12.8-12.8-12.8h-22.4c-6.4 0-12.8 6.4-12.8 12.8v198.4c0 6.4 6.4 12.8 12.8 12.8zm96 0h22.4c6.4 0 12.8-6.4 12.8-12.8V204.8c0-6.4-6.4-12.8-12.8-12.8h-22.4c-6.4 0-12.8 6.4-12.8 12.8v134.4c0 6.4 6.4 12.8 12.8 12.8zM496 400H48V80c0-8.84-7.16-16-16-16H16C7.16 64 0 71.16 0 80v336c0 17.67 14.33 32 32 32h464c8.84 0 16-7.16 16-16v-16c0-8.84-7.16-16-16-16zm-387.2-48h22.4c6.4 0 12.8-6.4 12.8-12.8v-70.4c0-6.4-6.4-12.8-12.8-12.8h-22.4c-6.4 0-12.8 6.4-12.8 12.8v70.4c0 6.4 6.4 12.8 12.8 12.8z\" class=\"\"><\/path><\/svg><\/i> <img loading=\"lazy\" decoding=\"async\" width=\"16\" height=\"16\" alt=\"Loading\" src=\"https:\/\/temucotelevision.cl\/web\/wp-content\/plugins\/page-views-count\/ajax-loader-2x.gif\" border=0 \/><\/p><div class=\"pvc_clear\"><\/div>\n<p><em>Parlamentario felicit\u00f3 a Carabineros y calific\u00f3 la captura como &#8220;un paso importante&#8221; en la lucha contra el terrorismo en la Macrozona Sur.<\/em><\/p>\n\n\n\n<p>El diputado Miguel Mellado (RN) valor\u00f3 la detenci\u00f3n de cinco individuos que fueron capturados tras haber cometido un ataque incendiario contra dos camiones, en la regi\u00f3n del Biob\u00edo.<\/p>\n\n\n\n<p>El parlamentario destac\u00f3 el accionar de Carabineros, quienes luego de un atentado incendiario ocurrido entre Quilleco y Antuco, lograron articular un operativo que termin\u00f3 con la detenci\u00f3n de cinco personas que ser\u00edan integrantes de un brazo armado de la Coordinadora Arauco-Malleco (CAM).<\/p>\n\n\n\n<p>&#8220;Hay que felicitar a Carabineros de Chile por su acci\u00f3n de tomar detenidos in fraganti a estos cinco terroristas de la CAM, que en el camino a Antuco incendiaron dos camiones. Lamentamos que no hayan llegado antes para evitar que chilenos de trabajo pierdan su fuente laboral, pero bien por atraparlos in fraganti&#8221;, sostuvo Mellado.<\/p>\n\n\n\n<p>El diputado destac\u00f3 que entre los cinco detenidos est\u00e9 un primo de Ernesto Llaitul y, con ello, familiar del l\u00edder de la CAM, H\u00e9ctor Llaitul.<\/p>\n\n\n\n<p>&#8220;Esta familia terrorista no deja de dar golpes a gente de trabajo y esfuerzo en La Araucan\u00eda, en la Macrozona Sur. Bien por las polic\u00edas y ahora esperamos que la justicia haga lo suyo&#8221;, expres\u00f3.<\/p>\n\n\n\n<p>Miguel Mellado dijo esperar que la justicia &#8220;seque en la c\u00e1rcel&#8221; a los detenidos.<br>&#8220;Es la \u00fanica manera de decirle a todos los chilenos que estos terroristas no van a ganar la batalla. Este es un paso importante&#8221;, concluy\u00f3 el legislador por La Araucan\u00eda.<\/p>\n","protected":false},"excerpt":{"rendered":"<div class=\"pvc_clear\"><\/div>\n<p id=\"pvc_stats_45301\" class=\"pvc_stats total_only  \" data-element-id=\"45301\" style=\"\"><i class=\"pvc-stats-icon large\" aria-hidden=\"true\"><svg aria-hidden=\"true\" focusable=\"false\" data-prefix=\"far\" data-icon=\"chart-bar\" role=\"img\" xmlns=\"http:\/\/www.w3.org\/2000\/svg\" viewBox=\"0 0 512 512\" class=\"svg-inline--fa fa-chart-bar fa-w-16 fa-2x\"><path fill=\"currentColor\" d=\"M396.8 352h22.4c6.4 0 12.8-6.4 12.8-12.8V108.8c0-6.4-6.4-12.8-12.8-12.8h-22.4c-6.4 0-12.8 6.4-12.8 12.8v230.4c0 6.4 6.4 12.8 12.8 12.8zm-192 0h22.4c6.4 0 12.8-6.4 12.8-12.8V140.8c0-6.4-6.4-12.8-12.8-12.8h-22.4c-6.4 0-12.8 6.4-12.8 12.8v198.4c0 6.4 6.4 12.8 12.8 12.8zm96 0h22.4c6.4 0 12.8-6.4 12.8-12.8V204.8c0-6.4-6.4-12.8-12.8-12.8h-22.4c-6.4 0-12.8 6.4-12.8 12.8v134.4c0 6.4 6.4 12.8 12.8 12.8zM496 400H48V80c0-8.84-7.16-16-16-16H16C7.16 64 0 71.16 0 80v336c0 17.67 14.33 32 32 32h464c8.84 0 16-7.16 16-16v-16c0-8.84-7.16-16-16-16zm-387.2-48h22.4c6.4 0 12.8-6.4 12.8-12.8v-70.4c0-6.4-6.4-12.8-12.8-12.8h-22.4c-6.4 0-12.8 6.4-12.8 12.8v70.4c0 6.4 6.4 12.8 12.8 12.8z\" class=\"\"><\/path><\/svg><\/i> <img loading=\"lazy\" decoding=\"async\" width=\"16\" height=\"16\" alt=\"Loading\" src=\"https:\/\/temucotelevision.cl\/web\/wp-content\/plugins\/page-views-count\/ajax-loader-2x.gif\" border=0 \/><\/p>\n<div class=\"pvc_clear\"><\/div>\n<p>Parlamentario felicit\u00f3 a Carabineros y calific\u00f3 la captura como &#8220;un paso importante&#8221; en la lucha contra el terrorismo en la<\/p>\n","protected":false},"author":1,"featured_media":745,"comment_status":"open","ping_status":"open","sticky":false,"template":"","format":"standard","meta":{"colormag_page_container_layout":"default_layout","colormag_page_sidebar_layout":"default_layout","footnotes":""},"categories":[84],"tags":[1296,328,154,198],"class_list":["post-45301","post","type-post","status-publish","format-standard","has-post-thumbnail","hentry","category-politica","tag-cam","tag-detenidos","tag-diputado","tag-justicia"],"a3_pvc":{"activated":true,"total_views":3207,"today_views":0},"_links":{"self":[{"href":"https:\/\/temucotelevision.cl\/web\/wp-json\/wp\/v2\/posts\/45301","targetHints":{"allow":["GET"]}}],"collection":[{"href":"https:\/\/temucotelevision.cl\/web\/wp-json\/wp\/v2\/posts"}],"about":[{"href":"https:\/\/temucotelevision.cl\/web\/wp-json\/wp\/v2\/types\/post"}],"author":[{"embeddable":true,"href":"https:\/\/temucotelevision.cl\/web\/wp-json\/wp\/v2\/users\/1"}],"replies":[{"embeddable":true,"href":"https:\/\/temucotelevision.cl\/web\/wp-json\/wp\/v2\/comments?post=45301"}],"version-history":[{"count":1,"href":"https:\/\/temucotelevision.cl\/web\/wp-json\/wp\/v2\/posts\/45301\/revisions"}],"predecessor-version":[{"id":45302,"href":"https:\/\/temucotelevision.cl\/web\/wp-json\/wp\/v2\/posts\/45301\/revisions\/45302"}],"wp:featuredmedia":[{"embeddable":true,"href":"https:\/\/temucotelevision.cl\/web\/wp-json\/wp\/v2\/media\/745"}],"wp:attachment":[{"href":"https:\/\/temucotelevision.cl\/web\/wp-json\/wp\/v2\/media?parent=45301"}],"wp:term":[{"taxonomy":"category","embeddable":true,"href":"https:\/\/temucotelevision.cl\/web\/wp-json\/wp\/v2\/categories?post=45301"},{"taxonomy":"post_tag","embeddable":true,"href":"https:\/\/temucotelevision.cl\/web\/wp-json\/wp\/v2\/tags?post=45301"}],"curies":[{"name":"wp","href":"https:\/\/api.w.org\/{rel}","templated":true}]}}