{"id":45298,"date":"2023-10-12T12:40:05","date_gmt":"2023-10-12T15:40:05","guid":{"rendered":"https:\/\/temucotelevision.cl\/web\/?p=45298"},"modified":"2023-10-13T09:10:26","modified_gmt":"2023-10-13T12:10:26","slug":"jefe-de-red-nacional-de-vigilancia-volcanica-visito-pucon-para-actualizar-situacion-del-volcan","status":"publish","type":"post","link":"https:\/\/temucotelevision.cl\/web\/2023\/10\/12\/jefe-de-red-nacional-de-vigilancia-volcanica-visito-pucon-para-actualizar-situacion-del-volcan\/","title":{"rendered":"Jefe de Red Nacional de Vigilancia Volc\u00e1nica visit\u00f3 Puc\u00f3n para actualizar situaci\u00f3n del volc\u00e1n"},"content":{"rendered":"<div class=\"pvc_clear\"><\/div><p id=\"pvc_stats_45298\" class=\"pvc_stats total_only  \" data-element-id=\"45298\" style=\"\"><i class=\"pvc-stats-icon large\" aria-hidden=\"true\"><svg aria-hidden=\"true\" focusable=\"false\" data-prefix=\"far\" data-icon=\"chart-bar\" role=\"img\" xmlns=\"http:\/\/www.w3.org\/2000\/svg\" viewBox=\"0 0 512 512\" class=\"svg-inline--fa fa-chart-bar fa-w-16 fa-2x\"><path fill=\"currentColor\" d=\"M396.8 352h22.4c6.4 0 12.8-6.4 12.8-12.8V108.8c0-6.4-6.4-12.8-12.8-12.8h-22.4c-6.4 0-12.8 6.4-12.8 12.8v230.4c0 6.4 6.4 12.8 12.8 12.8zm-192 0h22.4c6.4 0 12.8-6.4 12.8-12.8V140.8c0-6.4-6.4-12.8-12.8-12.8h-22.4c-6.4 0-12.8 6.4-12.8 12.8v198.4c0 6.4 6.4 12.8 12.8 12.8zm96 0h22.4c6.4 0 12.8-6.4 12.8-12.8V204.8c0-6.4-6.4-12.8-12.8-12.8h-22.4c-6.4 0-12.8 6.4-12.8 12.8v134.4c0 6.4 6.4 12.8 12.8 12.8zM496 400H48V80c0-8.84-7.16-16-16-16H16C7.16 64 0 71.16 0 80v336c0 17.67 14.33 32 32 32h464c8.84 0 16-7.16 16-16v-16c0-8.84-7.16-16-16-16zm-387.2-48h22.4c6.4 0 12.8-6.4 12.8-12.8v-70.4c0-6.4-6.4-12.8-12.8-12.8h-22.4c-6.4 0-12.8 6.4-12.8 12.8v70.4c0 6.4 6.4 12.8 12.8 12.8z\" class=\"\"><\/path><\/svg><\/i> <img loading=\"lazy\" decoding=\"async\" width=\"16\" height=\"16\" alt=\"Loading\" src=\"https:\/\/temucotelevision.cl\/web\/wp-content\/plugins\/page-views-count\/ajax-loader-2x.gif\" border=0 \/><\/p><div class=\"pvc_clear\"><\/div>\n<p>Seg\u00fan inform\u00f3 el profesional, cuando comenz\u00f3 la alerta naranja, el domingo 24 de septiembre, \u201cel macizo hab\u00eda alcanzado valores de sismicidad similares a los de finales de febrero de 2015\u201d.<\/p>\n\n\n\n<p>Este mi\u00e9rcoles visit\u00f3 al alcalde Carlos Barra y concejales de Puc\u00f3n, el jefe de la red nacional de vigilancia volc\u00e1nica del Servicio&nbsp;<a><\/a>Nacional de Geolog\u00eda y Miner\u00eda, Sernageomin, \u00c1lvaro Amigo, quien realiz\u00f3 una importante exposici\u00f3n que detall\u00f3 los principales sucesos del aumento de actividad volc\u00e1nica del macizo en el mes de septiembre; lo que llev\u00f3 a declarar alerta t\u00e9cnica naranja al Volc\u00e1n Villarrica.<\/p>\n\n\n\n<p>Por su parte el alcalde de Puc\u00f3n, Carlos Barra, dijo que, \u201cel volc\u00e1n est\u00e1 m\u00e1s tranquilo y hay que decirle a la ciudadan\u00eda que la situaci\u00f3n est\u00e1 bastante moderada, tenemos que confiar en los profesionales que est\u00e1n los 365 d\u00edas del a\u00f1o monitoreando volcanes; esperamos que esto siga as\u00ed, evolucionando de forma tranquila\u201d, finaliz\u00f3 la primera autoridad comunal.<\/p>\n\n\n\n<p>En tanto, \u00c1lvaro Amigo, jefe de la Red de Vigilancia Volc\u00e1nica de Sernageomin, asegur\u00f3 que en cuanto a los par\u00e1metros y alteraciones que llevaron a aumentar la alerta de amarilla a naranja, estos han ido evolucionado; permitiendo reducir el per\u00edmetro de riesgo. \u201cExpusimos la actividad del volc\u00e1n desde el mes de septiembre a la fecha, indicando cu\u00e1les son los par\u00e1metros y lo que llev\u00f3 a declarar alerta naranja; tambi\u00e9n conversamos sobre el proceso del retorno paulatino a la condici\u00f3n base, lejos de una alerta naranja donde se podr\u00eda dar un pulso eruptivo\u201d, agregando adem\u00e1s que los d\u00edas m\u00e1s complejos fueron el 22, 23, y 24 de septiembre, cuando se alcanzan valores RSAM que pasan de 1 a 5 um\/s.<\/p>\n\n\n\n<p>\u201cCuando esto comenz\u00f3 est\u00e1bamos en par\u00e1metros similares a lo que observamos a finales de febrero del 2015, una actividad con potencial a erupci\u00f3n, no obstante, tambi\u00e9n fue parecida a septiembre octubre del 2019 cuando fue la \u00faltima alerta naranja de este volc\u00e1n; si bien eran condiciones preocupantes, no se mantuvieron en el tiempo y no reunieron condiciones para una alerta roja o una posible erupci\u00f3n\u201d, finaliz\u00f3.<\/p>\n\n\n\n<p>Finalmente, las autoridades mantienen en alerta amarilla al macizo lacustre, con un per\u00edmetro que llega hasta el sector &#8220;Catedral&#8221;, a 2 kil\u00f3metros sobre el cr\u00e1ter, lo que no impide la realizaci\u00f3n de actividades tur\u00edsticas en la zona manteniendo el per\u00edmetro de exclusi\u00f3n decretado. Foto: Sernageomin<\/p>\n\n\n\n<figure class=\"wp-block-image size-full\"><img loading=\"lazy\" decoding=\"async\" width=\"800\" height=\"455\" src=\"https:\/\/temucotelevision.cl\/web\/wp-content\/uploads\/2023\/10\/Situacion-Volcan2.jpg\" alt=\"\" class=\"wp-image-45299\" srcset=\"https:\/\/temucotelevision.cl\/web\/wp-content\/uploads\/2023\/10\/Situacion-Volcan2.jpg 800w, https:\/\/temucotelevision.cl\/web\/wp-content\/uploads\/2023\/10\/Situacion-Volcan2-768x437.jpg 768w\" sizes=\"auto, (max-width: 800px) 100vw, 800px\" \/><\/figure>\n","protected":false},"excerpt":{"rendered":"<div class=\"pvc_clear\"><\/div>\n<p id=\"pvc_stats_45298\" class=\"pvc_stats total_only  \" data-element-id=\"45298\" style=\"\"><i class=\"pvc-stats-icon large\" aria-hidden=\"true\"><svg aria-hidden=\"true\" focusable=\"false\" data-prefix=\"far\" data-icon=\"chart-bar\" role=\"img\" xmlns=\"http:\/\/www.w3.org\/2000\/svg\" viewBox=\"0 0 512 512\" class=\"svg-inline--fa fa-chart-bar fa-w-16 fa-2x\"><path fill=\"currentColor\" d=\"M396.8 352h22.4c6.4 0 12.8-6.4 12.8-12.8V108.8c0-6.4-6.4-12.8-12.8-12.8h-22.4c-6.4 0-12.8 6.4-12.8 12.8v230.4c0 6.4 6.4 12.8 12.8 12.8zm-192 0h22.4c6.4 0 12.8-6.4 12.8-12.8V140.8c0-6.4-6.4-12.8-12.8-12.8h-22.4c-6.4 0-12.8 6.4-12.8 12.8v198.4c0 6.4 6.4 12.8 12.8 12.8zm96 0h22.4c6.4 0 12.8-6.4 12.8-12.8V204.8c0-6.4-6.4-12.8-12.8-12.8h-22.4c-6.4 0-12.8 6.4-12.8 12.8v134.4c0 6.4 6.4 12.8 12.8 12.8zM496 400H48V80c0-8.84-7.16-16-16-16H16C7.16 64 0 71.16 0 80v336c0 17.67 14.33 32 32 32h464c8.84 0 16-7.16 16-16v-16c0-8.84-7.16-16-16-16zm-387.2-48h22.4c6.4 0 12.8-6.4 12.8-12.8v-70.4c0-6.4-6.4-12.8-12.8-12.8h-22.4c-6.4 0-12.8 6.4-12.8 12.8v70.4c0 6.4 6.4 12.8 12.8 12.8z\" class=\"\"><\/path><\/svg><\/i> <img loading=\"lazy\" decoding=\"async\" width=\"16\" height=\"16\" alt=\"Loading\" src=\"https:\/\/temucotelevision.cl\/web\/wp-content\/plugins\/page-views-count\/ajax-loader-2x.gif\" border=0 \/><\/p>\n<div class=\"pvc_clear\"><\/div>\n<p>Seg\u00fan inform\u00f3 el profesional, cuando comenz\u00f3 la alerta naranja, el domingo 24 de septiembre, \u201cel macizo hab\u00eda alcanzado valores de<\/p>\n","protected":false},"author":1,"featured_media":16350,"comment_status":"open","ping_status":"open","sticky":false,"template":"","format":"standard","meta":{"colormag_page_container_layout":"default_layout","colormag_page_sidebar_layout":"default_layout","footnotes":""},"categories":[14],"tags":[3859,161,1510],"class_list":["post-45298","post","type-post","status-publish","format-standard","has-post-thumbnail","hentry","category-temuco","tag-alerta-amarilla","tag-pucon","tag-volcan"],"a3_pvc":{"activated":true,"total_views":2291,"today_views":0},"_links":{"self":[{"href":"https:\/\/temucotelevision.cl\/web\/wp-json\/wp\/v2\/posts\/45298","targetHints":{"allow":["GET"]}}],"collection":[{"href":"https:\/\/temucotelevision.cl\/web\/wp-json\/wp\/v2\/posts"}],"about":[{"href":"https:\/\/temucotelevision.cl\/web\/wp-json\/wp\/v2\/types\/post"}],"author":[{"embeddable":true,"href":"https:\/\/temucotelevision.cl\/web\/wp-json\/wp\/v2\/users\/1"}],"replies":[{"embeddable":true,"href":"https:\/\/temucotelevision.cl\/web\/wp-json\/wp\/v2\/comments?post=45298"}],"version-history":[{"count":1,"href":"https:\/\/temucotelevision.cl\/web\/wp-json\/wp\/v2\/posts\/45298\/revisions"}],"predecessor-version":[{"id":45300,"href":"https:\/\/temucotelevision.cl\/web\/wp-json\/wp\/v2\/posts\/45298\/revisions\/45300"}],"wp:featuredmedia":[{"embeddable":true,"href":"https:\/\/temucotelevision.cl\/web\/wp-json\/wp\/v2\/media\/16350"}],"wp:attachment":[{"href":"https:\/\/temucotelevision.cl\/web\/wp-json\/wp\/v2\/media?parent=45298"}],"wp:term":[{"taxonomy":"category","embeddable":true,"href":"https:\/\/temucotelevision.cl\/web\/wp-json\/wp\/v2\/categories?post=45298"},{"taxonomy":"post_tag","embeddable":true,"href":"https:\/\/temucotelevision.cl\/web\/wp-json\/wp\/v2\/tags?post=45298"}],"curies":[{"name":"wp","href":"https:\/\/api.w.org\/{rel}","templated":true}]}}