{"id":45286,"date":"2023-10-12T10:23:53","date_gmt":"2023-10-12T13:23:53","guid":{"rendered":"https:\/\/temucotelevision.cl\/web\/?p=45286"},"modified":"2023-10-12T10:23:55","modified_gmt":"2023-10-12T13:23:55","slug":"con-isla-de-la-familia-pez-y-cielos-del-infinito-continuan-las-obras-en-pequeno-formato-en-casa-trashumantes","status":"publish","type":"post","link":"https:\/\/temucotelevision.cl\/web\/2023\/10\/12\/con-isla-de-la-familia-pez-y-cielos-del-infinito-continuan-las-obras-en-pequeno-formato-en-casa-trashumantes\/","title":{"rendered":"Con \u201cIsla\u201d de La Familia Pez y Cielos del Infinito contin\u00faan las Obras en Peque\u00f1o Formato en Casa Trashumantes"},"content":{"rendered":"<div class=\"pvc_clear\"><\/div><p id=\"pvc_stats_45286\" class=\"pvc_stats total_only  \" data-element-id=\"45286\" style=\"\"><i class=\"pvc-stats-icon large\" aria-hidden=\"true\"><svg aria-hidden=\"true\" focusable=\"false\" data-prefix=\"far\" data-icon=\"chart-bar\" role=\"img\" xmlns=\"http:\/\/www.w3.org\/2000\/svg\" viewBox=\"0 0 512 512\" class=\"svg-inline--fa fa-chart-bar fa-w-16 fa-2x\"><path fill=\"currentColor\" d=\"M396.8 352h22.4c6.4 0 12.8-6.4 12.8-12.8V108.8c0-6.4-6.4-12.8-12.8-12.8h-22.4c-6.4 0-12.8 6.4-12.8 12.8v230.4c0 6.4 6.4 12.8 12.8 12.8zm-192 0h22.4c6.4 0 12.8-6.4 12.8-12.8V140.8c0-6.4-6.4-12.8-12.8-12.8h-22.4c-6.4 0-12.8 6.4-12.8 12.8v198.4c0 6.4 6.4 12.8 12.8 12.8zm96 0h22.4c6.4 0 12.8-6.4 12.8-12.8V204.8c0-6.4-6.4-12.8-12.8-12.8h-22.4c-6.4 0-12.8 6.4-12.8 12.8v134.4c0 6.4 6.4 12.8 12.8 12.8zM496 400H48V80c0-8.84-7.16-16-16-16H16C7.16 64 0 71.16 0 80v336c0 17.67 14.33 32 32 32h464c8.84 0 16-7.16 16-16v-16c0-8.84-7.16-16-16-16zm-387.2-48h22.4c6.4 0 12.8-6.4 12.8-12.8v-70.4c0-6.4-6.4-12.8-12.8-12.8h-22.4c-6.4 0-12.8 6.4-12.8 12.8v70.4c0 6.4 6.4 12.8 12.8 12.8z\" class=\"\"><\/path><\/svg><\/i> <img loading=\"lazy\" decoding=\"async\" width=\"16\" height=\"16\" alt=\"Loading\" src=\"https:\/\/temucotelevision.cl\/web\/wp-content\/plugins\/page-views-count\/ajax-loader-2x.gif\" border=0 \/><\/p><div class=\"pvc_clear\"><\/div>\n<p><em>Esta cocreaci\u00f3n chilota-magall\u00e1nica se presentar\u00e1 este viernes 13 de octubre, a las 19.00 horas, en Av. San Mart\u00edn 0891, Temuco. La entrada es gratuita, previa inscripci\u00f3n en <\/em><a href=\"http:\/\/www.fundaciontrashumantes.cl\"><em>www.fundaciontrashumantes.cl<\/em><\/a><em>.<\/em><\/p>\n\n\n\n<p>Una invitaci\u00f3n imperdible realiza Trashumantes para este viernes 13 de octubre, a las 19.00 horas, en su casa ubicada en San Mart\u00edn 0981 en Temuco. Se trata de la obra \u201cIsla\u201d, cocreaci\u00f3n de la Compa\u00f1\u00eda La Familia Pez y del Festival de Artes Cielos del Infinito, que ahonda en las consecuencias del avance de la emergencia clim\u00e1tica.<\/p>\n\n\n\n<p>La entrada para este montaje para mayores de 14 a\u00f1os es totalmente gratuita, previa inscripci\u00f3n en <a href=\"http:\/\/www.fundaciontrashumantes.cl\">www.fundaciontrashumantes.cl<\/a>, gracias al financiamiento del Programa de Apoyo a Organizaciones Culturales Colaboradoras del Ministerio de las Culturas, las Artes y el Patrimonio.<\/p>\n\n\n\n<p>\u201cContinuamos con nuestra programaci\u00f3n gratuita en Casa Trashumantes. En esta ocasi\u00f3n, con un mon\u00f3logo que se suma a nuestras Obras en Peque\u00f1o Formato y que llega desde el sur con una tem\u00e1tica urgente como lo es la emergencia clim\u00e1tica y sus eventuales refugiados\u201d, dicen las directoras de Trashumantes, Andrea Richards y Gisela Buscaglione.<\/p>\n\n\n\n<p>Precisamente, la obra se adentra en la historia de una mujer que habita en una isla al sur del mundo a la cual se aproximan refugiados de la emergencia clim\u00e1tica con intenciones de invadirla. Pese a la amenaza, la protagonista los ayudar\u00e1 a asentarse a cambio de que transformen un territorio que ella ya no reconoce.<\/p>\n\n\n\n<p><strong>DESDE CHILO\u00c9<\/strong><\/p>\n\n\n\n<p>\u201cIsla\u201d, del dramaturgo Guillermo Calder\u00f3n, presenta una mirada ansiosa \u2015y ojal\u00e1 no premonitoria\u2015 de un lugar que recibe refugiados clim\u00e1ticos de todo el mundo.<\/p>\n\n\n\n<p>\u201cEs algo que est\u00e1 empezando, pero ahora va a recrudecer con el avance del cambio clim\u00e1tico en el planeta. Esto se va a traducir en que las zonas fr\u00edas del mundo van a ser m\u00e1s codiciadas y, en ese sentido, esta isla va a serlo tambi\u00e9n\u201d, aseguran desde La Familia Pez.<\/p>\n\n\n\n<p>La compa\u00f1\u00eda oriunda de la ciudad de Ancud, en la Isla Grande del Archipi\u00e9lago de Chilo\u00e9, fue fundada en el a\u00f1o 2016 por los actores Paula Almonacid Burgos y Marcelo Padilla Viveros, con el objetivo de aportar al desarrollo del teatro profesional en el sur de Chile, vinculando tem\u00e1ticas hist\u00f3ricas y patrimoniales del territorio en el que habitan.<\/p>\n\n\n\n<p>A la fecha han creado montajes teatrales destinados a la divulgaci\u00f3n de estos temas, teniendo como p\u00fablico objetivo estudiantes de distintos niveles y p\u00fablico familiar.<\/p>\n\n\n\n<p>En esta ocasi\u00f3n presentar\u00e1n en Temuco esta obra dirigida por el actor Antonio Altamirano del Festival de Artes Cielos del Infinito de Magallanes y que nace tras una residencia de creaci\u00f3n propiciada por el certamen de arte y cultura m\u00e1s austral del mundo.<\/p>\n\n\n\n<p>Trashumantes es financiado por el Programa de Apoyo a Organizaciones Culturales Colaboradoras del Ministerio de las Culturas, las Artes y el Patrimonio, el cual busca fortalecer y dar continuidad a instituciones y organizaciones culturales de derecho privado y sin fines de lucro. Este programa, adem\u00e1s, es parte del Sistema de Financiamiento a Organizaciones e Infraestructura Cultural del Ministerio de las Culturas, las Artes y el Patrimonio que integra, articula y coordina de forma transversal los planes, programas y fondos orientados al fomento y apoyo de las organizaciones, de la infraestructura cultural, y de la mediaci\u00f3n art\u00edstica. Todo esto con una vocaci\u00f3n descentralizada, mecanismos participativos, y la promoci\u00f3n de la creaci\u00f3n de redes y asociaciones.<\/p>\n","protected":false},"excerpt":{"rendered":"<div class=\"pvc_clear\"><\/div>\n<p id=\"pvc_stats_45286\" class=\"pvc_stats total_only  \" data-element-id=\"45286\" style=\"\"><i class=\"pvc-stats-icon large\" aria-hidden=\"true\"><svg aria-hidden=\"true\" focusable=\"false\" data-prefix=\"far\" data-icon=\"chart-bar\" role=\"img\" xmlns=\"http:\/\/www.w3.org\/2000\/svg\" viewBox=\"0 0 512 512\" class=\"svg-inline--fa fa-chart-bar fa-w-16 fa-2x\"><path fill=\"currentColor\" d=\"M396.8 352h22.4c6.4 0 12.8-6.4 12.8-12.8V108.8c0-6.4-6.4-12.8-12.8-12.8h-22.4c-6.4 0-12.8 6.4-12.8 12.8v230.4c0 6.4 6.4 12.8 12.8 12.8zm-192 0h22.4c6.4 0 12.8-6.4 12.8-12.8V140.8c0-6.4-6.4-12.8-12.8-12.8h-22.4c-6.4 0-12.8 6.4-12.8 12.8v198.4c0 6.4 6.4 12.8 12.8 12.8zm96 0h22.4c6.4 0 12.8-6.4 12.8-12.8V204.8c0-6.4-6.4-12.8-12.8-12.8h-22.4c-6.4 0-12.8 6.4-12.8 12.8v134.4c0 6.4 6.4 12.8 12.8 12.8zM496 400H48V80c0-8.84-7.16-16-16-16H16C7.16 64 0 71.16 0 80v336c0 17.67 14.33 32 32 32h464c8.84 0 16-7.16 16-16v-16c0-8.84-7.16-16-16-16zm-387.2-48h22.4c6.4 0 12.8-6.4 12.8-12.8v-70.4c0-6.4-6.4-12.8-12.8-12.8h-22.4c-6.4 0-12.8 6.4-12.8 12.8v70.4c0 6.4 6.4 12.8 12.8 12.8z\" class=\"\"><\/path><\/svg><\/i> <img loading=\"lazy\" decoding=\"async\" width=\"16\" height=\"16\" alt=\"Loading\" src=\"https:\/\/temucotelevision.cl\/web\/wp-content\/plugins\/page-views-count\/ajax-loader-2x.gif\" border=0 \/><\/p>\n<div class=\"pvc_clear\"><\/div>\n<p>Esta cocreaci\u00f3n chilota-magall\u00e1nica se presentar\u00e1 este viernes 13 de octubre, a las 19.00 horas, en Av. San Mart\u00edn 0891, Temuco.<\/p>\n","protected":false},"author":1,"featured_media":45287,"comment_status":"open","ping_status":"open","sticky":false,"template":"","format":"standard","meta":{"colormag_page_container_layout":"default_layout","colormag_page_sidebar_layout":"default_layout","footnotes":""},"categories":[86],"tags":[333,3676],"class_list":["post-45286","post","type-post","status-publish","format-standard","has-post-thumbnail","hentry","category-panoramas","tag-obras","tag-trashumantes"],"a3_pvc":{"activated":true,"total_views":1007,"today_views":0},"_links":{"self":[{"href":"https:\/\/temucotelevision.cl\/web\/wp-json\/wp\/v2\/posts\/45286","targetHints":{"allow":["GET"]}}],"collection":[{"href":"https:\/\/temucotelevision.cl\/web\/wp-json\/wp\/v2\/posts"}],"about":[{"href":"https:\/\/temucotelevision.cl\/web\/wp-json\/wp\/v2\/types\/post"}],"author":[{"embeddable":true,"href":"https:\/\/temucotelevision.cl\/web\/wp-json\/wp\/v2\/users\/1"}],"replies":[{"embeddable":true,"href":"https:\/\/temucotelevision.cl\/web\/wp-json\/wp\/v2\/comments?post=45286"}],"version-history":[{"count":1,"href":"https:\/\/temucotelevision.cl\/web\/wp-json\/wp\/v2\/posts\/45286\/revisions"}],"predecessor-version":[{"id":45288,"href":"https:\/\/temucotelevision.cl\/web\/wp-json\/wp\/v2\/posts\/45286\/revisions\/45288"}],"wp:featuredmedia":[{"embeddable":true,"href":"https:\/\/temucotelevision.cl\/web\/wp-json\/wp\/v2\/media\/45287"}],"wp:attachment":[{"href":"https:\/\/temucotelevision.cl\/web\/wp-json\/wp\/v2\/media?parent=45286"}],"wp:term":[{"taxonomy":"category","embeddable":true,"href":"https:\/\/temucotelevision.cl\/web\/wp-json\/wp\/v2\/categories?post=45286"},{"taxonomy":"post_tag","embeddable":true,"href":"https:\/\/temucotelevision.cl\/web\/wp-json\/wp\/v2\/tags?post=45286"}],"curies":[{"name":"wp","href":"https:\/\/api.w.org\/{rel}","templated":true}]}}