{"id":45280,"date":"2023-10-11T20:30:47","date_gmt":"2023-10-11T23:30:47","guid":{"rendered":"https:\/\/temucotelevision.cl\/web\/?p=45280"},"modified":"2023-10-11T21:32:25","modified_gmt":"2023-10-12T00:32:25","slug":"puente-treng-treng-kay-kay-se-ilumina-con-los-colores-de-los-juegos-panamericanos-y-parapanamericanos-santiago-2023","status":"publish","type":"post","link":"https:\/\/temucotelevision.cl\/web\/2023\/10\/11\/puente-treng-treng-kay-kay-se-ilumina-con-los-colores-de-los-juegos-panamericanos-y-parapanamericanos-santiago-2023\/","title":{"rendered":"Puente Treng Treng Kay Kay se ilumina con los colores de los Juegos Panamericanos y Parapanamericanos Santiago 2023"},"content":{"rendered":"<div class=\"pvc_clear\"><\/div><p id=\"pvc_stats_45280\" class=\"pvc_stats total_only  \" data-element-id=\"45280\" style=\"\"><i class=\"pvc-stats-icon large\" aria-hidden=\"true\"><svg aria-hidden=\"true\" focusable=\"false\" data-prefix=\"far\" data-icon=\"chart-bar\" role=\"img\" xmlns=\"http:\/\/www.w3.org\/2000\/svg\" viewBox=\"0 0 512 512\" class=\"svg-inline--fa fa-chart-bar fa-w-16 fa-2x\"><path fill=\"currentColor\" d=\"M396.8 352h22.4c6.4 0 12.8-6.4 12.8-12.8V108.8c0-6.4-6.4-12.8-12.8-12.8h-22.4c-6.4 0-12.8 6.4-12.8 12.8v230.4c0 6.4 6.4 12.8 12.8 12.8zm-192 0h22.4c6.4 0 12.8-6.4 12.8-12.8V140.8c0-6.4-6.4-12.8-12.8-12.8h-22.4c-6.4 0-12.8 6.4-12.8 12.8v198.4c0 6.4 6.4 12.8 12.8 12.8zm96 0h22.4c6.4 0 12.8-6.4 12.8-12.8V204.8c0-6.4-6.4-12.8-12.8-12.8h-22.4c-6.4 0-12.8 6.4-12.8 12.8v134.4c0 6.4 6.4 12.8 12.8 12.8zM496 400H48V80c0-8.84-7.16-16-16-16H16C7.16 64 0 71.16 0 80v336c0 17.67 14.33 32 32 32h464c8.84 0 16-7.16 16-16v-16c0-8.84-7.16-16-16-16zm-387.2-48h22.4c6.4 0 12.8-6.4 12.8-12.8v-70.4c0-6.4-6.4-12.8-12.8-12.8h-22.4c-6.4 0-12.8 6.4-12.8 12.8v70.4c0 6.4 6.4 12.8 12.8 12.8z\" class=\"\"><\/path><\/svg><\/i> <img loading=\"lazy\" decoding=\"async\" width=\"16\" height=\"16\" alt=\"Loading\" src=\"https:\/\/temucotelevision.cl\/web\/wp-content\/plugins\/page-views-count\/ajax-loader-2x.gif\" border=0 \/><\/p><div class=\"pvc_clear\"><\/div>\n<p>La llama de la antorcha de los juegos Santiago2023 lleg\u00f3 este mi\u00e9rcoles a la capital regional siendo recibida por una gran cantidad de ni\u00f1os, estudiantes, autoridades, organizaciones sociales, carabineros, bomberos y deportistas de La Araucan\u00eda, quienes acompa\u00f1aron el recorrido de la antorcha por distintos puntos de Temuco, siendo uno de los m\u00e1s ic\u00f3nicos visualmente el Puente Treng Treng Kay Kay, Mega Obra que une las ciudades de Temuco y Padre Las Casas, lo que permiti\u00f3 hacer un relevo de la antorcha entre deportistas en el centro del puente.<\/p>\n\n\n\n<p>\u201cComo&nbsp;Serviu&nbsp;estamos muy orgullosos que este recorrido sea por una de nuestras obras m\u00e1s emblem\u00e1ticas e importantes como es el Puente Treng Treng Kay Kay y finalice su recorrido en otra obra nuestra como es el Parque Urbano Isla Caut\u00edn, pulm\u00f3n verde que es valorado y disfrutado por cientos y miles de vecinos cada d\u00eda\u201d; destaca el director Jos\u00e9 Luis Sep\u00falveda, quien adem\u00e1s realiz\u00f3 una invitaci\u00f3n a las familias de las comunas de Temuco y Padre Las Casas y la regi\u00f3n en general, \u201cDurante este mes el Puente Treng Treng Kay Kay estar\u00e1 iluminado con los colores de los Juegos Panamericanos y Parapanamericanos, azul, rojo, amarillo y verde-agua, adem\u00e1s del negro y que simbolizan pasi\u00f3n, perseverancia, inclusi\u00f3n, determinaci\u00f3n y excelencia, es por ello que invitamos a toda la familia a presenciar este hermoso espect\u00e1culo de colores que comienza a las 20:00 horas y se extiende hasta las 02:00 de la madrugada.\u201d<\/p>\n\n\n\n<p>El director de&nbsp;Serviu&nbsp;tambi\u00e9n recalc\u00f3 que este tipo de eventos permite la recuperaci\u00f3n de espacios p\u00fablicos deportivos y recreativos, para m\u00e1s y mejores servicios p\u00fablicos, con infraestructura accesible y espacios verdes, ya que permite la utilizaci\u00f3n de recursos frescos que permitieron la construcci\u00f3n de la Villa Panamericana con 1.355 departamentos, los cuales una vez terminadas las competencias quedar\u00e1n disponibles para familias beneficiadas con el Subsidio DS19 del MINVU, para Proyectos de Integraci\u00f3n Social.<\/p>\n\n\n\n<figure class=\"wp-block-image size-large\"><img loading=\"lazy\" decoding=\"async\" width=\"1024\" height=\"683\" src=\"https:\/\/temucotelevision.cl\/web\/wp-content\/uploads\/2023\/10\/Puente-01-1024x683.jpg\" alt=\"\" class=\"wp-image-45284\" srcset=\"https:\/\/temucotelevision.cl\/web\/wp-content\/uploads\/2023\/10\/Puente-01-1024x683.jpg 1024w, https:\/\/temucotelevision.cl\/web\/wp-content\/uploads\/2023\/10\/Puente-01-768x512.jpg 768w, https:\/\/temucotelevision.cl\/web\/wp-content\/uploads\/2023\/10\/Puente-01-1536x1024.jpg 1536w, https:\/\/temucotelevision.cl\/web\/wp-content\/uploads\/2023\/10\/Puente-01-2048x1365.jpg 2048w\" sizes=\"auto, (max-width: 1024px) 100vw, 1024px\" \/><figcaption class=\"wp-element-caption\">default<\/figcaption><\/figure>\n","protected":false},"excerpt":{"rendered":"<div class=\"pvc_clear\"><\/div>\n<p id=\"pvc_stats_45280\" class=\"pvc_stats total_only  \" data-element-id=\"45280\" style=\"\"><i class=\"pvc-stats-icon large\" aria-hidden=\"true\"><svg aria-hidden=\"true\" focusable=\"false\" data-prefix=\"far\" data-icon=\"chart-bar\" role=\"img\" xmlns=\"http:\/\/www.w3.org\/2000\/svg\" viewBox=\"0 0 512 512\" class=\"svg-inline--fa fa-chart-bar fa-w-16 fa-2x\"><path fill=\"currentColor\" d=\"M396.8 352h22.4c6.4 0 12.8-6.4 12.8-12.8V108.8c0-6.4-6.4-12.8-12.8-12.8h-22.4c-6.4 0-12.8 6.4-12.8 12.8v230.4c0 6.4 6.4 12.8 12.8 12.8zm-192 0h22.4c6.4 0 12.8-6.4 12.8-12.8V140.8c0-6.4-6.4-12.8-12.8-12.8h-22.4c-6.4 0-12.8 6.4-12.8 12.8v198.4c0 6.4 6.4 12.8 12.8 12.8zm96 0h22.4c6.4 0 12.8-6.4 12.8-12.8V204.8c0-6.4-6.4-12.8-12.8-12.8h-22.4c-6.4 0-12.8 6.4-12.8 12.8v134.4c0 6.4 6.4 12.8 12.8 12.8zM496 400H48V80c0-8.84-7.16-16-16-16H16C7.16 64 0 71.16 0 80v336c0 17.67 14.33 32 32 32h464c8.84 0 16-7.16 16-16v-16c0-8.84-7.16-16-16-16zm-387.2-48h22.4c6.4 0 12.8-6.4 12.8-12.8v-70.4c0-6.4-6.4-12.8-12.8-12.8h-22.4c-6.4 0-12.8 6.4-12.8 12.8v70.4c0 6.4 6.4 12.8 12.8 12.8z\" class=\"\"><\/path><\/svg><\/i> <img loading=\"lazy\" decoding=\"async\" width=\"16\" height=\"16\" alt=\"Loading\" src=\"https:\/\/temucotelevision.cl\/web\/wp-content\/plugins\/page-views-count\/ajax-loader-2x.gif\" border=0 \/><\/p>\n<div class=\"pvc_clear\"><\/div>\n<p>La llama de la antorcha de los juegos Santiago2023 lleg\u00f3 este mi\u00e9rcoles a la capital regional siendo recibida por una<\/p>\n","protected":false},"author":1,"featured_media":45281,"comment_status":"open","ping_status":"open","sticky":false,"template":"","format":"standard","meta":{"colormag_page_container_layout":"default_layout","colormag_page_sidebar_layout":"default_layout","footnotes":""},"categories":[15],"tags":[469,3362,1316,3361],"class_list":["post-45280","post","type-post","status-publish","format-standard","has-post-thumbnail","hentry","category-la-araucania","tag-juegos","tag-kay-kay","tag-puente","tag-treng-treng"],"a3_pvc":{"activated":true,"total_views":7088,"today_views":0},"_links":{"self":[{"href":"https:\/\/temucotelevision.cl\/web\/wp-json\/wp\/v2\/posts\/45280","targetHints":{"allow":["GET"]}}],"collection":[{"href":"https:\/\/temucotelevision.cl\/web\/wp-json\/wp\/v2\/posts"}],"about":[{"href":"https:\/\/temucotelevision.cl\/web\/wp-json\/wp\/v2\/types\/post"}],"author":[{"embeddable":true,"href":"https:\/\/temucotelevision.cl\/web\/wp-json\/wp\/v2\/users\/1"}],"replies":[{"embeddable":true,"href":"https:\/\/temucotelevision.cl\/web\/wp-json\/wp\/v2\/comments?post=45280"}],"version-history":[{"count":2,"href":"https:\/\/temucotelevision.cl\/web\/wp-json\/wp\/v2\/posts\/45280\/revisions"}],"predecessor-version":[{"id":45285,"href":"https:\/\/temucotelevision.cl\/web\/wp-json\/wp\/v2\/posts\/45280\/revisions\/45285"}],"wp:featuredmedia":[{"embeddable":true,"href":"https:\/\/temucotelevision.cl\/web\/wp-json\/wp\/v2\/media\/45281"}],"wp:attachment":[{"href":"https:\/\/temucotelevision.cl\/web\/wp-json\/wp\/v2\/media?parent=45280"}],"wp:term":[{"taxonomy":"category","embeddable":true,"href":"https:\/\/temucotelevision.cl\/web\/wp-json\/wp\/v2\/categories?post=45280"},{"taxonomy":"post_tag","embeddable":true,"href":"https:\/\/temucotelevision.cl\/web\/wp-json\/wp\/v2\/tags?post=45280"}],"curies":[{"name":"wp","href":"https:\/\/api.w.org\/{rel}","templated":true}]}}