{"id":4528,"date":"2019-06-28T18:57:01","date_gmt":"2019-06-28T21:57:01","guid":{"rendered":"https:\/\/temucotelevision.cl\/web\/?p=4528"},"modified":"2019-06-28T18:57:01","modified_gmt":"2019-06-28T21:57:01","slug":"comienza-gira-emprende-day-por-regiones","status":"publish","type":"post","link":"https:\/\/temucotelevision.cl\/web\/2019\/06\/28\/comienza-gira-emprende-day-por-regiones\/","title":{"rendered":"Comienza gira Emprende Day por regiones"},"content":{"rendered":"<div class=\"pvc_clear\"><\/div>\n<p id=\"pvc_stats_4528\" class=\"pvc_stats total_only  \" data-element-id=\"4528\" style=\"\"><i class=\"pvc-stats-icon large\" aria-hidden=\"true\"><svg aria-hidden=\"true\" focusable=\"false\" data-prefix=\"far\" data-icon=\"chart-bar\" role=\"img\" xmlns=\"http:\/\/www.w3.org\/2000\/svg\" viewBox=\"0 0 512 512\" class=\"svg-inline--fa fa-chart-bar fa-w-16 fa-2x\"><path fill=\"currentColor\" d=\"M396.8 352h22.4c6.4 0 12.8-6.4 12.8-12.8V108.8c0-6.4-6.4-12.8-12.8-12.8h-22.4c-6.4 0-12.8 6.4-12.8 12.8v230.4c0 6.4 6.4 12.8 12.8 12.8zm-192 0h22.4c6.4 0 12.8-6.4 12.8-12.8V140.8c0-6.4-6.4-12.8-12.8-12.8h-22.4c-6.4 0-12.8 6.4-12.8 12.8v198.4c0 6.4 6.4 12.8 12.8 12.8zm96 0h22.4c6.4 0 12.8-6.4 12.8-12.8V204.8c0-6.4-6.4-12.8-12.8-12.8h-22.4c-6.4 0-12.8 6.4-12.8 12.8v134.4c0 6.4 6.4 12.8 12.8 12.8zM496 400H48V80c0-8.84-7.16-16-16-16H16C7.16 64 0 71.16 0 80v336c0 17.67 14.33 32 32 32h464c8.84 0 16-7.16 16-16v-16c0-8.84-7.16-16-16-16zm-387.2-48h22.4c6.4 0 12.8-6.4 12.8-12.8v-70.4c0-6.4-6.4-12.8-12.8-12.8h-22.4c-6.4 0-12.8 6.4-12.8 12.8v70.4c0 6.4 6.4 12.8 12.8 12.8z\" class=\"\"><\/path><\/svg><\/i> <img loading=\"lazy\" decoding=\"async\" width=\"16\" height=\"16\" alt=\"Loading\" src=\"https:\/\/temucotelevision.cl\/web\/wp-content\/plugins\/page-views-count\/ajax-loader-2x.gif\" border=0 \/><\/p>\n<div class=\"pvc_clear\"><\/div>\n<p style=\"text-align: justify;\">Siete ciudades recibir\u00e1n la gira de Emprende Day, iniciativa que busca que en una jornada de aprendizaje los emprendedores locales adquieran herramientas que les permitan crecer en sus negocios. Diversos speaker se dar\u00e1n cita en Valpara\u00edso, Vi\u00f1a del Mar, Temuco, Chill\u00e1n, Talca, Puerto Montt y Valdivia, adem\u00e1s, de la cita final en Santiago en octubre pr\u00f3ximo.<\/p>\n<p style=\"text-align: justify;\">\u201cEmprende Day naci\u00f3 con el objetivo de aportar conocimiento que permita potenciar la idea de negocio de un emprendedor, pero este aprendizaje se hace real cuando quien lo transmite es alguien que lo ha vivenciado y lo cuenta con el solo fin de aportar (\u2026) en la primera edici\u00f3n hubo m\u00e1s de 50 conferencistas que transmitieron su experiencia a un total de 1600 participantes\u201d, cuenta Cristi\u00e1n Bastias, fundador Emprende Day.<\/p>\n<p style=\"text-align: justify;\">Como elemento central del movimiento est\u00e1n las plataformas digitales de Emprende Day, que incluyen sitio y redes sociales, adem\u00e1s, de los eventos programados durante el a\u00f1o.<br \/>\n\u201cCon la recepci\u00f3n que tuvimos en el 2018 nos dimos cuenta que hab\u00eda inter\u00e9s en aprender y, tambi\u00e9n, en ayudar. Es por ello que decidimos dar el salto y formar un movimiento, que tal como en la idea original tiene como prop\u00f3sito transmitir conocimiento \u00fatil para quien est\u00e1 en el mundo del emprendimiento, \u00bfQui\u00e9nes lo forman? Ac\u00e1 son todos bienvenidos, emprendedores, empresarios y so\u00f1adores\u201d, a\u00f1ade Bast\u00edas.<\/p>\n<p style=\"text-align: justify;\">Adem\u00e1s, agrega que el objetivo para este a\u00f1o 2019 fue trasladar Emprende Day a las regiones; \u201clogramos hasta ahora cerrar siete ciudades, con el fin de poder entregar a m\u00e1s personas \u2013 sobre todo a emprendedores de regiones que suelen tener menos acceso a actividades como estas &#8211; experiencias \u00fanicas que les permitan avanzar en sus ideas de negocios\u201d.<\/p>\n<p style=\"text-align: justify;\">El contenido de cada sesi\u00f3n depender\u00e1 de las necesidades de cada regi\u00f3n, seg\u00fan Bast\u00edas: \u201chicimos un an\u00e1lisis de las necesidades de los emprendedores de cada localidad, sin embargo, hay temas que s\u00ed o s\u00ed estar\u00e1n; temas contables, casos de superaci\u00f3n, marketing, etc\u201d.<\/p>\n<p style=\"text-align: justify;\">Calendario de Gira<br \/>\nEMPRENDE DAY VALPARA\u00cdSO \u00a0 \u00a0 \u00a0 \u00a0 \u00a0 25 DE JULIO<br \/>\nEMPRENDE DAY VI\u00d1A DEL MAR. \u00a0 \u00a0 \u00a026 DE JULIO<br \/>\nEMPRENDE DAY TEMUCO \u00a0 \u00a0 \u00a0 \u00a0 \u00a0 \u00a0 \u00a0 \u00a0 \u00a0 \u00a0 8 DE AGOSTO<br \/>\nEMPRENDE DAY CHILL\u00c1N. \u00a0 \u00a0 \u00a0 \u00a0 \u00a0 \u00a0 \u00a0 \u00a0 22 DE AGOSTO<br \/>\nEMPRENDE DAY TALCA \u00a0 \u00a0 \u00a0 \u00a0 \u00a0 \u00a0 \u00a0 \u00a0 \u00a0 \u00a0 \u00a0 29 DE AGOSTO<br \/>\nEMPRENDE DAY PUERTO MONT. \u00a0 \u00a0 \u00a0 5 DE SEPTIEMBRE<br \/>\nEMPRENDE DAY VALDIVIA POR CONFIRMAR<\/p>\n<p style=\"text-align: justify;\">El cierre de EMPRENDE DAY se efectuar\u00e1 los d\u00edas 3, 4 y 5 de octubre en la Universidad Aut\u00f3noma Santiago.<\/p>\n<p style=\"text-align: justify;\">Para mayor informaci\u00f3n visita <a href=\"https:\/\/www.emprendeday.cl\" target=\"_blank\" rel=\"noopener\">https:\/\/www.emprendeday.cl<\/a><\/p>\n<p style=\"text-align: justify;\">Conoce a los speakers que formar\u00e1n parte de la Gira Emprende Day<br \/>\nEsta gira contar\u00e1 con la participaci\u00f3n de diversos speaker, el elemento sorpresa es que se unir\u00e1n conferencistas locales, puesto que cada Emprende Day ser\u00e1 distinto, esto se debe a que el equipo cree que las necesidades de cada lugar son diferentes.<\/p>\n<p style=\"text-align: justify;\">SERGIO ROBERTO HERN\u00c1NDEZ<br \/>\nEs Ingeniero Industrial USACH con Diplomado en Log\u00edstica, Universidad Cat\u00f3lica Diplomado en Innovaci\u00f3n y Emprendimiento, Universidad Adolfo Iba\u00f1ez Facilitador Certificado de Metodolog\u00eda LEGO\u00ae Serious Play Coach Organizacional Sist\u00e9mico, Target DDI Performance Coach ICF Certified, People Coach People Mentor Profesional HCN Certified, Inpact. Fue el Gerente m\u00e1s influyente de Coca Coca, durante 17 a\u00f1os.<\/p>\n<p style=\"text-align: justify;\">Carlos Waech<br \/>\nCristiano, empresario, en el primer a\u00f1o con su empresa FoKus gener\u00f3 ventas transaccionales por sobre los USD10.500.000. Socio director comercial de Asset Partner, empresa de administraci\u00f3n de activos y renta inmobiliaria, sponsor de Robert Kiyosaki Paraguay, auspiciador Jurgen Klaric 2017 y 2018, auspiciador del primer programa de Golf Chileno televisado en CDO, columnista de emprendimiento en diario cosmovisi\u00f3n, apariciones en revista emprende, diario ultimas noticias, la Hora, canal de TV Mega.<\/p>\n<p style=\"text-align: justify;\">Kevin Zelada<br \/>\nCEO &amp; Founder en Kernel Capital &amp; AppFactory.cl, Emprendedor y desarrollador tecnol\u00f3gico con m\u00e1s de 8 a\u00f1os de experiencia. Apasionado de los negocios, las comunidades y la tecnolog\u00eda. Creativo constante que le gusta trabajar con personas interesantes, aprender cosas nuevas y ense\u00f1ar sobre lo que sabe.<\/p>\n<p style=\"text-align: justify;\">Jos\u00e9 Vald\u00e9s<br \/>\nEntrenador de NEUROVENTAS Certificado por Jurgen Klaric, formador de m\u00e1s de 500 corredores de propiedades de alto rendimiento, Relator ACOP Camara, CEO Franquicia Grupo Premium Servicios Inmobiliarios, con m\u00e1s de 1.500 clientes satisfechos.<br \/>\nAparte de ser un especialista en ventas este a\u00f1o se asoci\u00f3 con J\u00fcrgen Klaric para realizar la franquicia inmobiliaria m\u00e1s grande de Latinoam\u00e9rica Masterecord.<\/p>\n<p style=\"text-align: justify;\">Karen Alaluf<br \/>\nIngeniero Inform\u00e1tico, Magister en Control de Negocios y post t\u00edtulo de Ingenier\u00eda en Software. Actualmente gestora de la idea de Salud en Camino, Aplicaci\u00f3n M\u00f3vil que conecta pacientes con m\u00e9dicos.<\/p>\n<p style=\"text-align: justify;\">D\u00e1maris S\u00e1ez<br \/>\nCoach, Conferencista &amp; Capacitadora en Liderazgo, certificada y parte del equipo John Maxwell. Trabaja como community manager, es voluntaria en la Fundaci\u00f3n Generaci\u00f3n Fortaleza. Tambi\u00e9n realiza talleres de recuperaci\u00f3n y sanidad emocional.<\/p>\n<p style=\"text-align: justify;\">Karina Z\u00faniga<br \/>\nCFO Grupo JK, Contador Auditor, Diplomado en Planificaci\u00f3n Tributaria. Es quien lidera el club de los emprendedores espacios radiales a trav\u00e9s de Facebook que llega a miles de emprendedores en todo Chile, adem\u00e1s este a\u00f1o es la conductora de 40 semanas un programa que ayuda a emprendedores.<\/p>\n<p style=\"text-align: justify;\">Richard Aguilera<br \/>\nEmprendedor gastron\u00f3mico y Coach ontol\u00f3gico certificado en Newfield Network, desarrollando el programa \u201ccoaching para sobrevivir el valle de la muerte\u201d.<\/p>\n<p style=\"text-align: justify;\">Exequiel Ortega<br \/>\nInspirador de Gigantes y Polinizador de Corazones. Creador de \u201cLa Ruta del Inspirador\u201d. Con s\u00f3lo 120 cent\u00edmetros de estatura, est\u00e1 cumpliendo su sue\u00f1o de viajar y ayudar a las comunidades apartadas de Am\u00e9rica Latina, como CEO Founder en Minka Tour. Conferencista Embajador Emprende Day.<\/p>\n<p style=\"text-align: justify;\">Julio Flores<br \/>\nCEO Grupo JK. Contador Auditor &#8211; Ing. Comercial, Lic. en Ciencias Econ\u00f3micas y Administrativas. Experto en Emprendimiento e Impuestos. La parte tributaria y legal no pod\u00eda quedar fuera, adem\u00e1s de los tips que siempre nos muestra Julio Flores un influencer que apoya a los emprendedores, hoy en d\u00eda los siguen m\u00e1s de 15.000 personas en redes sociales.<\/p>\n<p style=\"text-align: justify;\">Cristian Basti\u00e1n<br \/>\nConferencista especialista en emprendimiento y liderazgo. Parte del equipo de John Maxwell a nivel mundial, certificado en EEUU. adem\u00e1s de certificarse en M\u00e9xico en el programa de Alcones de Ventas de Carlos Mu\u00f1oz. En Chile a liderado empresas, fundaciones y eventos que han ayudado a miles de emprendedores a lo largo del pa\u00eds. Esto lo ha hecho aparecer en distintos medios como Radio BIO BIO, Las \u00faltimas noticias, El diario financiero entre otros.<\/p>\n","protected":false},"excerpt":{"rendered":"<div class=\"pvc_clear\"><\/div>\n<p id=\"pvc_stats_4528\" class=\"pvc_stats total_only  \" data-element-id=\"4528\" style=\"\"><i class=\"pvc-stats-icon large\" aria-hidden=\"true\"><svg aria-hidden=\"true\" focusable=\"false\" data-prefix=\"far\" data-icon=\"chart-bar\" role=\"img\" xmlns=\"http:\/\/www.w3.org\/2000\/svg\" viewBox=\"0 0 512 512\" class=\"svg-inline--fa fa-chart-bar fa-w-16 fa-2x\"><path fill=\"currentColor\" d=\"M396.8 352h22.4c6.4 0 12.8-6.4 12.8-12.8V108.8c0-6.4-6.4-12.8-12.8-12.8h-22.4c-6.4 0-12.8 6.4-12.8 12.8v230.4c0 6.4 6.4 12.8 12.8 12.8zm-192 0h22.4c6.4 0 12.8-6.4 12.8-12.8V140.8c0-6.4-6.4-12.8-12.8-12.8h-22.4c-6.4 0-12.8 6.4-12.8 12.8v198.4c0 6.4 6.4 12.8 12.8 12.8zm96 0h22.4c6.4 0 12.8-6.4 12.8-12.8V204.8c0-6.4-6.4-12.8-12.8-12.8h-22.4c-6.4 0-12.8 6.4-12.8 12.8v134.4c0 6.4 6.4 12.8 12.8 12.8zM496 400H48V80c0-8.84-7.16-16-16-16H16C7.16 64 0 71.16 0 80v336c0 17.67 14.33 32 32 32h464c8.84 0 16-7.16 16-16v-16c0-8.84-7.16-16-16-16zm-387.2-48h22.4c6.4 0 12.8-6.4 12.8-12.8v-70.4c0-6.4-6.4-12.8-12.8-12.8h-22.4c-6.4 0-12.8 6.4-12.8 12.8v70.4c0 6.4 6.4 12.8 12.8 12.8z\" class=\"\"><\/path><\/svg><\/i> <img loading=\"lazy\" decoding=\"async\" width=\"16\" height=\"16\" alt=\"Loading\" src=\"https:\/\/temucotelevision.cl\/web\/wp-content\/plugins\/page-views-count\/ajax-loader-2x.gif\" border=0 \/><\/p>\n<div class=\"pvc_clear\"><\/div>\n<p>Siete ciudades recibir\u00e1n la gira de Emprende Day, iniciativa que busca que en una jornada de aprendizaje los emprendedores locales<\/p>\n","protected":false},"author":1,"featured_media":4529,"comment_status":"open","ping_status":"open","sticky":false,"template":"","format":"standard","meta":{"colormag_page_container_layout":"default_layout","colormag_page_sidebar_layout":"default_layout","footnotes":""},"categories":[101],"tags":[1612,1611,581,820],"class_list":["post-4528","post","type-post","status-publish","format-standard","has-post-thumbnail","hentry","category-actualidad","tag-day","tag-emprende","tag-gira","tag-regiones"],"a3_pvc":{"activated":true,"total_views":35,"today_views":0},"_links":{"self":[{"href":"https:\/\/temucotelevision.cl\/web\/wp-json\/wp\/v2\/posts\/4528","targetHints":{"allow":["GET"]}}],"collection":[{"href":"https:\/\/temucotelevision.cl\/web\/wp-json\/wp\/v2\/posts"}],"about":[{"href":"https:\/\/temucotelevision.cl\/web\/wp-json\/wp\/v2\/types\/post"}],"author":[{"embeddable":true,"href":"https:\/\/temucotelevision.cl\/web\/wp-json\/wp\/v2\/users\/1"}],"replies":[{"embeddable":true,"href":"https:\/\/temucotelevision.cl\/web\/wp-json\/wp\/v2\/comments?post=4528"}],"version-history":[{"count":1,"href":"https:\/\/temucotelevision.cl\/web\/wp-json\/wp\/v2\/posts\/4528\/revisions"}],"predecessor-version":[{"id":4530,"href":"https:\/\/temucotelevision.cl\/web\/wp-json\/wp\/v2\/posts\/4528\/revisions\/4530"}],"wp:featuredmedia":[{"embeddable":true,"href":"https:\/\/temucotelevision.cl\/web\/wp-json\/wp\/v2\/media\/4529"}],"wp:attachment":[{"href":"https:\/\/temucotelevision.cl\/web\/wp-json\/wp\/v2\/media?parent=4528"}],"wp:term":[{"taxonomy":"category","embeddable":true,"href":"https:\/\/temucotelevision.cl\/web\/wp-json\/wp\/v2\/categories?post=4528"},{"taxonomy":"post_tag","embeddable":true,"href":"https:\/\/temucotelevision.cl\/web\/wp-json\/wp\/v2\/tags?post=4528"}],"curies":[{"name":"wp","href":"https:\/\/api.w.org\/{rel}","templated":true}]}}