{"id":45278,"date":"2023-10-11T18:25:45","date_gmt":"2023-10-11T21:25:45","guid":{"rendered":"https:\/\/temucotelevision.cl\/web\/?p=45278"},"modified":"2023-10-12T11:01:01","modified_gmt":"2023-10-12T14:01:01","slug":"top-de-temuco-condena-a-5-anos-y-un-dia-de-presidio-efectivo-a-conductor-de-bus-como-autor-de-los-delitos-de-homicidio-y-lesiones","status":"publish","type":"post","link":"https:\/\/temucotelevision.cl\/web\/2023\/10\/11\/top-de-temuco-condena-a-5-anos-y-un-dia-de-presidio-efectivo-a-conductor-de-bus-como-autor-de-los-delitos-de-homicidio-y-lesiones\/","title":{"rendered":"TOP de Temuco condena a 5 a\u00f1os y un d\u00eda de presidio efectivo a conductor de bus como autor de los delitos de homicidio y lesiones"},"content":{"rendered":"<div class=\"pvc_clear\"><\/div><p id=\"pvc_stats_45278\" class=\"pvc_stats total_only  \" data-element-id=\"45278\" style=\"\"><i class=\"pvc-stats-icon large\" aria-hidden=\"true\"><svg aria-hidden=\"true\" focusable=\"false\" data-prefix=\"far\" data-icon=\"chart-bar\" role=\"img\" xmlns=\"http:\/\/www.w3.org\/2000\/svg\" viewBox=\"0 0 512 512\" class=\"svg-inline--fa fa-chart-bar fa-w-16 fa-2x\"><path fill=\"currentColor\" d=\"M396.8 352h22.4c6.4 0 12.8-6.4 12.8-12.8V108.8c0-6.4-6.4-12.8-12.8-12.8h-22.4c-6.4 0-12.8 6.4-12.8 12.8v230.4c0 6.4 6.4 12.8 12.8 12.8zm-192 0h22.4c6.4 0 12.8-6.4 12.8-12.8V140.8c0-6.4-6.4-12.8-12.8-12.8h-22.4c-6.4 0-12.8 6.4-12.8 12.8v198.4c0 6.4 6.4 12.8 12.8 12.8zm96 0h22.4c6.4 0 12.8-6.4 12.8-12.8V204.8c0-6.4-6.4-12.8-12.8-12.8h-22.4c-6.4 0-12.8 6.4-12.8 12.8v134.4c0 6.4 6.4 12.8 12.8 12.8zM496 400H48V80c0-8.84-7.16-16-16-16H16C7.16 64 0 71.16 0 80v336c0 17.67 14.33 32 32 32h464c8.84 0 16-7.16 16-16v-16c0-8.84-7.16-16-16-16zm-387.2-48h22.4c6.4 0 12.8-6.4 12.8-12.8v-70.4c0-6.4-6.4-12.8-12.8-12.8h-22.4c-6.4 0-12.8 6.4-12.8 12.8v70.4c0 6.4 6.4 12.8 12.8 12.8z\" class=\"\"><\/path><\/svg><\/i> <img loading=\"lazy\" decoding=\"async\" width=\"16\" height=\"16\" alt=\"Loading\" src=\"https:\/\/temucotelevision.cl\/web\/wp-content\/plugins\/page-views-count\/ajax-loader-2x.gif\" border=0 \/><\/p><div class=\"pvc_clear\"><\/div>\n<blockquote class=\"wp-block-quote is-layout-flow wp-block-quote-is-layout-flow\">\n<p>A consecuencia de este hecho y producto de las lesiones sufridas, fallecieron en el lugar 3 menores de edad, resultando con lesiones de distinta gravedad 34 pasajeros del bus.<\/p>\n<\/blockquote>\n\n\n\n<p>El Tribunal de Juicio Oral en lo Penal de Temuco conden\u00f3 a Benjam\u00edn Edmundo Toledo Ibarra a la pena de 5 a\u00f1os y un d\u00eda de presidio efectivo, en calidad de autor de tres delitos consumados de homicidio simple, diez delitos de lesiones graves, tres delitos de lesiones menos graves y 21 faltas de lesiones leves. Il\u00edcitos perpetrados en octubre de 2019, en la ruta Ch-181 de la comuna de Curacaut\u00edn.<\/p>\n\n\n\n<p>En fallo un\u00e1nime, el tribunal \u2013integrado por los magistrados Anja Wendt Helle (presidenta), Jorge Gonz\u00e1lez Salazar y Roc\u00edo Pinilla Dabbadie (redactora) \u2013 dio por acreditado que a las 10:40 horas del 4 de octubre de 2019, Benjam\u00edn Edmundo Toledo Ibarra, desatendiendo las solicitudes formuladas por sus pasajeros en orden a disminuir su velocidad, condujo un bus a velocidad no razonable ni prudente con respecto al dise\u00f1o y configuraci\u00f3n de la v\u00eda que enfrentaba, correspondiente a una curva hacia la izquierda con pendiente descendente, la que se ubica a la altura del kil\u00f3metro 40 de la Ruta Ch-181 de la comuna de Curacaut\u00edn, lugar en que perdi\u00f3 el control y maniobrabilidad del m\u00f3vil, el que estrell\u00f3 contra la barrera de contenci\u00f3n existente en el lugar y que posteriormente volc\u00f3.<\/p>\n\n\n\n<p>A consecuencia de este hecho y producto de las lesiones sufridas, fallecieron en el lugar 3 menores de edad, resultando con lesiones de distinta gravedad 34 pasajeros del bus.<\/p>\n\n\n\n<p>El tribunal aplic\u00f3, adem\u00e1s, al sentenciado las accesorias legales de las accesorias de inhabilitaci\u00f3n absoluta perpetua para cargos y oficios p\u00fablicos y derechos pol\u00edticos y la de inhabilitaci\u00f3n absoluta para profesiones titulares mientras dure la condena.<\/p>\n\n\n\n<p>Una vez que el fallo quede ejecutoriado, el tribunal dispuso que se proceda a la toma de muestra biol\u00f3gica del sentenciado para determinar sus respectivas huellas gen\u00e9ticas e incorporaci\u00f3n al registro nacional de ADN de condenados.<\/p>\n","protected":false},"excerpt":{"rendered":"<div class=\"pvc_clear\"><\/div>\n<p id=\"pvc_stats_45278\" class=\"pvc_stats total_only  \" data-element-id=\"45278\" style=\"\"><i class=\"pvc-stats-icon large\" aria-hidden=\"true\"><svg aria-hidden=\"true\" focusable=\"false\" data-prefix=\"far\" data-icon=\"chart-bar\" role=\"img\" xmlns=\"http:\/\/www.w3.org\/2000\/svg\" viewBox=\"0 0 512 512\" class=\"svg-inline--fa fa-chart-bar fa-w-16 fa-2x\"><path fill=\"currentColor\" d=\"M396.8 352h22.4c6.4 0 12.8-6.4 12.8-12.8V108.8c0-6.4-6.4-12.8-12.8-12.8h-22.4c-6.4 0-12.8 6.4-12.8 12.8v230.4c0 6.4 6.4 12.8 12.8 12.8zm-192 0h22.4c6.4 0 12.8-6.4 12.8-12.8V140.8c0-6.4-6.4-12.8-12.8-12.8h-22.4c-6.4 0-12.8 6.4-12.8 12.8v198.4c0 6.4 6.4 12.8 12.8 12.8zm96 0h22.4c6.4 0 12.8-6.4 12.8-12.8V204.8c0-6.4-6.4-12.8-12.8-12.8h-22.4c-6.4 0-12.8 6.4-12.8 12.8v134.4c0 6.4 6.4 12.8 12.8 12.8zM496 400H48V80c0-8.84-7.16-16-16-16H16C7.16 64 0 71.16 0 80v336c0 17.67 14.33 32 32 32h464c8.84 0 16-7.16 16-16v-16c0-8.84-7.16-16-16-16zm-387.2-48h22.4c6.4 0 12.8-6.4 12.8-12.8v-70.4c0-6.4-6.4-12.8-12.8-12.8h-22.4c-6.4 0-12.8 6.4-12.8 12.8v70.4c0 6.4 6.4 12.8 12.8 12.8z\" class=\"\"><\/path><\/svg><\/i> <img loading=\"lazy\" decoding=\"async\" width=\"16\" height=\"16\" alt=\"Loading\" src=\"https:\/\/temucotelevision.cl\/web\/wp-content\/plugins\/page-views-count\/ajax-loader-2x.gif\" border=0 \/><\/p>\n<div class=\"pvc_clear\"><\/div>\n<p>A consecuencia de este hecho y producto de las lesiones sufridas, fallecieron en el lugar 3 menores de edad, resultando<\/p>\n","protected":false},"author":1,"featured_media":45277,"comment_status":"open","ping_status":"open","sticky":false,"template":"","format":"standard","meta":{"colormag_page_container_layout":"default_layout","colormag_page_sidebar_layout":"default_layout","footnotes":""},"categories":[15],"tags":[1403],"class_list":["post-45278","post","type-post","status-publish","format-standard","has-post-thumbnail","hentry","category-la-araucania","tag-chofer"],"a3_pvc":{"activated":true,"total_views":1319,"today_views":0},"_links":{"self":[{"href":"https:\/\/temucotelevision.cl\/web\/wp-json\/wp\/v2\/posts\/45278","targetHints":{"allow":["GET"]}}],"collection":[{"href":"https:\/\/temucotelevision.cl\/web\/wp-json\/wp\/v2\/posts"}],"about":[{"href":"https:\/\/temucotelevision.cl\/web\/wp-json\/wp\/v2\/types\/post"}],"author":[{"embeddable":true,"href":"https:\/\/temucotelevision.cl\/web\/wp-json\/wp\/v2\/users\/1"}],"replies":[{"embeddable":true,"href":"https:\/\/temucotelevision.cl\/web\/wp-json\/wp\/v2\/comments?post=45278"}],"version-history":[{"count":1,"href":"https:\/\/temucotelevision.cl\/web\/wp-json\/wp\/v2\/posts\/45278\/revisions"}],"predecessor-version":[{"id":45279,"href":"https:\/\/temucotelevision.cl\/web\/wp-json\/wp\/v2\/posts\/45278\/revisions\/45279"}],"wp:featuredmedia":[{"embeddable":true,"href":"https:\/\/temucotelevision.cl\/web\/wp-json\/wp\/v2\/media\/45277"}],"wp:attachment":[{"href":"https:\/\/temucotelevision.cl\/web\/wp-json\/wp\/v2\/media?parent=45278"}],"wp:term":[{"taxonomy":"category","embeddable":true,"href":"https:\/\/temucotelevision.cl\/web\/wp-json\/wp\/v2\/categories?post=45278"},{"taxonomy":"post_tag","embeddable":true,"href":"https:\/\/temucotelevision.cl\/web\/wp-json\/wp\/v2\/tags?post=45278"}],"curies":[{"name":"wp","href":"https:\/\/api.w.org\/{rel}","templated":true}]}}