{"id":45275,"date":"2023-10-11T17:25:21","date_gmt":"2023-10-11T20:25:21","guid":{"rendered":"https:\/\/temucotelevision.cl\/web\/?p=45275"},"modified":"2023-10-11T17:25:23","modified_gmt":"2023-10-11T20:25:23","slug":"proyecto-de-ley-busca-incorporar-la-educacion-financiera-en-el-curriculum-escolar-chileno","status":"publish","type":"post","link":"https:\/\/temucotelevision.cl\/web\/2023\/10\/11\/proyecto-de-ley-busca-incorporar-la-educacion-financiera-en-el-curriculum-escolar-chileno\/","title":{"rendered":"Proyecto de ley busca incorporar la educaci\u00f3n financiera en el curr\u00edculum escolar chileno"},"content":{"rendered":"<div class=\"pvc_clear\"><\/div><p id=\"pvc_stats_45275\" class=\"pvc_stats total_only  \" data-element-id=\"45275\" style=\"\"><i class=\"pvc-stats-icon large\" aria-hidden=\"true\"><svg aria-hidden=\"true\" focusable=\"false\" data-prefix=\"far\" data-icon=\"chart-bar\" role=\"img\" xmlns=\"http:\/\/www.w3.org\/2000\/svg\" viewBox=\"0 0 512 512\" class=\"svg-inline--fa fa-chart-bar fa-w-16 fa-2x\"><path fill=\"currentColor\" d=\"M396.8 352h22.4c6.4 0 12.8-6.4 12.8-12.8V108.8c0-6.4-6.4-12.8-12.8-12.8h-22.4c-6.4 0-12.8 6.4-12.8 12.8v230.4c0 6.4 6.4 12.8 12.8 12.8zm-192 0h22.4c6.4 0 12.8-6.4 12.8-12.8V140.8c0-6.4-6.4-12.8-12.8-12.8h-22.4c-6.4 0-12.8 6.4-12.8 12.8v198.4c0 6.4 6.4 12.8 12.8 12.8zm96 0h22.4c6.4 0 12.8-6.4 12.8-12.8V204.8c0-6.4-6.4-12.8-12.8-12.8h-22.4c-6.4 0-12.8 6.4-12.8 12.8v134.4c0 6.4 6.4 12.8 12.8 12.8zM496 400H48V80c0-8.84-7.16-16-16-16H16C7.16 64 0 71.16 0 80v336c0 17.67 14.33 32 32 32h464c8.84 0 16-7.16 16-16v-16c0-8.84-7.16-16-16-16zm-387.2-48h22.4c6.4 0 12.8-6.4 12.8-12.8v-70.4c0-6.4-6.4-12.8-12.8-12.8h-22.4c-6.4 0-12.8 6.4-12.8 12.8v70.4c0 6.4 6.4 12.8 12.8 12.8z\" class=\"\"><\/path><\/svg><\/i> <img loading=\"lazy\" decoding=\"async\" width=\"16\" height=\"16\" alt=\"Loading\" src=\"https:\/\/temucotelevision.cl\/web\/wp-content\/plugins\/page-views-count\/ajax-loader-2x.gif\" border=0 \/><\/p><div class=\"pvc_clear\"><\/div>\n<p><a><\/a>La iniciativa pretende dotar a los ni\u00f1os y j\u00f3venes chilenos de herramientas para manejar el dinero de forma responsable e informada, as\u00ed como prevenir abusos y estafas financieras.&nbsp;<\/p>\n\n\n\n<p>Un grupo de parlamentarios de distintas tendencias pol\u00edticas, liderado por la diputada de Atacama Daniella Cicardini, present\u00f3 al ministro de Educaci\u00f3n Nicol\u00e1s Cataldo un proyecto de ley que busca introducir la \u201cAlfabetizaci\u00f3n Financiera\u201d en el curr\u00edculum de la educaci\u00f3n parvularia, b\u00e1sica y media.&nbsp;<\/p>\n\n\n\n<p>La iniciativa, que cuenta con el apoyo del diputado Daniel Manouchehri y otros legisladores, pretende dotar a los ni\u00f1os y j\u00f3venes chilenos de herramientas para manejar el dinero de forma responsable e informada, as\u00ed como prevenir abusos y estafas financieras.<\/p>\n\n\n\n<p>Seg\u00fan el proyecto, se modificar\u00eda la Ley General de Educaci\u00f3n para establecer la educaci\u00f3n financiera b\u00e1sica como un objetivo transversal en los niveles de educaci\u00f3n parvularia y b\u00e1sica. De esta forma, se espera que los estudiantes aprendan y apliquen conceptos financieros elementales, desarrollen actitudes y pr\u00e1cticas que les permitan comprender c\u00f3mo los adultos gestionan el dinero y fomenten&nbsp;<a href=\"https:\/\/puranoticia.pnt.cl\/tendencias\/opiniones-sobre-renta-vitalicia-encuesta-muestra-que-piensan-los\">h\u00e1bitos de ahorro<\/a>.<\/p>\n\n\n\n<p>La diputada Cicardini se\u00f1al\u00f3 que la informaci\u00f3n es poder, y que muchas veces el descontrol financiero se debe a la falta de informaci\u00f3n y educaci\u00f3n adecuada. Por ello, la \u201cAlfabetizaci\u00f3n Financiera\u201d no solo beneficiar\u00eda a los individuos sino que tambi\u00e9n los&nbsp;proteger\u00eda&nbsp;de posibles fraudes y abusos financieros.&nbsp;<\/p>\n\n\n\n<p>Asimismo, cit\u00f3 el informe PISA de la OCDE como una evidencia de la necesidad de avanzar en educaci\u00f3n financiera en Chile. Los resultados del 2020 mostraron que el promedio de 451 puntos de los estudiantes chilenos est\u00e1 por debajo de los 505 de la OCDE. Para ella, este indicador demuestra la importancia que le dan los pa\u00edses m\u00e1s desarrollados a la educaci\u00f3n financiera, reconociendo sus efectos positivos no solo a nivel personal, sino tambi\u00e9n social y econ\u00f3mico.<\/p>\n\n\n\n<p>Por su parte, el diputado Manouchehri destac\u00f3 que la ignorancia financiera es aprovechada por el poder financiero para abusar de las personas y que una educaci\u00f3n financiera s\u00f3lida generar\u00eda una sociedad m\u00e1s informada y responsable. Junto con la diputada Cicardini, se reunieron con el ministro de Educaci\u00f3n para solicitarle que el gobierno patrocine esta iniciativa, aprovechando las pr\u00f3ximas modificaciones en las mallas curriculares.<\/p>\n\n\n\n<p>La educaci\u00f3n financiera se plantea as\u00ed como una herramienta clave para el progreso individual y colectivo. El proyecto tiene el respaldo de diversos sectores pol\u00edticos, lo que evidencia un consenso sobre la importancia de preparar a las nuevas generaciones para enfrentar los desaf\u00edos financieros con conocimiento y confianza. La propuesta no solo busca cambiar las aulas, sino transformar el futuro econ\u00f3mico de Chile desde sus cimientos.<\/p>\n\n\n\n<p> <\/p>\n","protected":false},"excerpt":{"rendered":"<div class=\"pvc_clear\"><\/div>\n<p id=\"pvc_stats_45275\" class=\"pvc_stats total_only  \" data-element-id=\"45275\" style=\"\"><i class=\"pvc-stats-icon large\" aria-hidden=\"true\"><svg aria-hidden=\"true\" focusable=\"false\" data-prefix=\"far\" data-icon=\"chart-bar\" role=\"img\" xmlns=\"http:\/\/www.w3.org\/2000\/svg\" viewBox=\"0 0 512 512\" class=\"svg-inline--fa fa-chart-bar fa-w-16 fa-2x\"><path fill=\"currentColor\" d=\"M396.8 352h22.4c6.4 0 12.8-6.4 12.8-12.8V108.8c0-6.4-6.4-12.8-12.8-12.8h-22.4c-6.4 0-12.8 6.4-12.8 12.8v230.4c0 6.4 6.4 12.8 12.8 12.8zm-192 0h22.4c6.4 0 12.8-6.4 12.8-12.8V140.8c0-6.4-6.4-12.8-12.8-12.8h-22.4c-6.4 0-12.8 6.4-12.8 12.8v198.4c0 6.4 6.4 12.8 12.8 12.8zm96 0h22.4c6.4 0 12.8-6.4 12.8-12.8V204.8c0-6.4-6.4-12.8-12.8-12.8h-22.4c-6.4 0-12.8 6.4-12.8 12.8v134.4c0 6.4 6.4 12.8 12.8 12.8zM496 400H48V80c0-8.84-7.16-16-16-16H16C7.16 64 0 71.16 0 80v336c0 17.67 14.33 32 32 32h464c8.84 0 16-7.16 16-16v-16c0-8.84-7.16-16-16-16zm-387.2-48h22.4c6.4 0 12.8-6.4 12.8-12.8v-70.4c0-6.4-6.4-12.8-12.8-12.8h-22.4c-6.4 0-12.8 6.4-12.8 12.8v70.4c0 6.4 6.4 12.8 12.8 12.8z\" class=\"\"><\/path><\/svg><\/i> <img loading=\"lazy\" decoding=\"async\" width=\"16\" height=\"16\" alt=\"Loading\" src=\"https:\/\/temucotelevision.cl\/web\/wp-content\/plugins\/page-views-count\/ajax-loader-2x.gif\" border=0 \/><\/p>\n<div class=\"pvc_clear\"><\/div>\n<p>La iniciativa pretende dotar a los ni\u00f1os y j\u00f3venes chilenos de herramientas para manejar el dinero de forma responsable e<\/p>\n","protected":false},"author":1,"featured_media":45274,"comment_status":"open","ping_status":"open","sticky":false,"template":"","format":"standard","meta":{"colormag_page_container_layout":"default_layout","colormag_page_sidebar_layout":"default_layout","footnotes":""},"categories":[84],"tags":[155],"class_list":["post-45275","post","type-post","status-publish","format-standard","has-post-thumbnail","hentry","category-politica","tag-proyecto"],"a3_pvc":{"activated":true,"total_views":164,"today_views":0},"_links":{"self":[{"href":"https:\/\/temucotelevision.cl\/web\/wp-json\/wp\/v2\/posts\/45275","targetHints":{"allow":["GET"]}}],"collection":[{"href":"https:\/\/temucotelevision.cl\/web\/wp-json\/wp\/v2\/posts"}],"about":[{"href":"https:\/\/temucotelevision.cl\/web\/wp-json\/wp\/v2\/types\/post"}],"author":[{"embeddable":true,"href":"https:\/\/temucotelevision.cl\/web\/wp-json\/wp\/v2\/users\/1"}],"replies":[{"embeddable":true,"href":"https:\/\/temucotelevision.cl\/web\/wp-json\/wp\/v2\/comments?post=45275"}],"version-history":[{"count":1,"href":"https:\/\/temucotelevision.cl\/web\/wp-json\/wp\/v2\/posts\/45275\/revisions"}],"predecessor-version":[{"id":45276,"href":"https:\/\/temucotelevision.cl\/web\/wp-json\/wp\/v2\/posts\/45275\/revisions\/45276"}],"wp:featuredmedia":[{"embeddable":true,"href":"https:\/\/temucotelevision.cl\/web\/wp-json\/wp\/v2\/media\/45274"}],"wp:attachment":[{"href":"https:\/\/temucotelevision.cl\/web\/wp-json\/wp\/v2\/media?parent=45275"}],"wp:term":[{"taxonomy":"category","embeddable":true,"href":"https:\/\/temucotelevision.cl\/web\/wp-json\/wp\/v2\/categories?post=45275"},{"taxonomy":"post_tag","embeddable":true,"href":"https:\/\/temucotelevision.cl\/web\/wp-json\/wp\/v2\/tags?post=45275"}],"curies":[{"name":"wp","href":"https:\/\/api.w.org\/{rel}","templated":true}]}}