{"id":45269,"date":"2023-10-11T17:14:03","date_gmt":"2023-10-11T20:14:03","guid":{"rendered":"https:\/\/temucotelevision.cl\/web\/?p=45269"},"modified":"2023-10-11T17:21:37","modified_gmt":"2023-10-11T20:21:37","slug":"corte-interamericana-de-ddhh-reviso-sentencia-de-144-mapuche-por-asociacion-ilicita-y-usurpacion-de-tierras","status":"publish","type":"post","link":"https:\/\/temucotelevision.cl\/web\/2023\/10\/11\/corte-interamericana-de-ddhh-reviso-sentencia-de-144-mapuche-por-asociacion-ilicita-y-usurpacion-de-tierras\/","title":{"rendered":"Corte Interamericana de DDHH revis\u00f3 sentencia de 144 mapuche por \u201casociaci\u00f3n il\u00edcita\u201d y \u201cusurpaci\u00f3n de tierras\u201d"},"content":{"rendered":"<div class=\"pvc_clear\"><\/div><p id=\"pvc_stats_45269\" class=\"pvc_stats total_only  \" data-element-id=\"45269\" style=\"\"><i class=\"pvc-stats-icon large\" aria-hidden=\"true\"><svg aria-hidden=\"true\" focusable=\"false\" data-prefix=\"far\" data-icon=\"chart-bar\" role=\"img\" xmlns=\"http:\/\/www.w3.org\/2000\/svg\" viewBox=\"0 0 512 512\" class=\"svg-inline--fa fa-chart-bar fa-w-16 fa-2x\"><path fill=\"currentColor\" d=\"M396.8 352h22.4c6.4 0 12.8-6.4 12.8-12.8V108.8c0-6.4-6.4-12.8-12.8-12.8h-22.4c-6.4 0-12.8 6.4-12.8 12.8v230.4c0 6.4 6.4 12.8 12.8 12.8zm-192 0h22.4c6.4 0 12.8-6.4 12.8-12.8V140.8c0-6.4-6.4-12.8-12.8-12.8h-22.4c-6.4 0-12.8 6.4-12.8 12.8v198.4c0 6.4 6.4 12.8 12.8 12.8zm96 0h22.4c6.4 0 12.8-6.4 12.8-12.8V204.8c0-6.4-6.4-12.8-12.8-12.8h-22.4c-6.4 0-12.8 6.4-12.8 12.8v134.4c0 6.4 6.4 12.8 12.8 12.8zM496 400H48V80c0-8.84-7.16-16-16-16H16C7.16 64 0 71.16 0 80v336c0 17.67 14.33 32 32 32h464c8.84 0 16-7.16 16-16v-16c0-8.84-7.16-16-16-16zm-387.2-48h22.4c6.4 0 12.8-6.4 12.8-12.8v-70.4c0-6.4-6.4-12.8-12.8-12.8h-22.4c-6.4 0-12.8 6.4-12.8 12.8v70.4c0 6.4 6.4 12.8 12.8 12.8z\" class=\"\"><\/path><\/svg><\/i> <img loading=\"lazy\" decoding=\"async\" width=\"16\" height=\"16\" alt=\"Loading\" src=\"https:\/\/temucotelevision.cl\/web\/wp-content\/plugins\/page-views-count\/ajax-loader-2x.gif\" border=0 \/><\/p><div class=\"pvc_clear\"><\/div>\n<p>Por medio de un comunicado, AUCAN HUILCAMAN PAILLAMA, Encargado de las Relaciones Internacionales. Consejo de Todas las Tierras, se refiere a la revisi\u00f3n de sentencia en la Corte Interamericana de DDHH.<\/p>\n\n\n\n<p><br \/>Valoramos que la delegaci\u00f3n del Estado de Chile, ante la Corte IDH, ante la Comisi\u00f3n Interamericana de Derechos Humanos y en mi calidad de representante de las 144 v\u00edctimas Mapuche, haya reconocido formalmente en la audiencia del Trbunal que el Ministro en visita Antonio Castro durante 1992, haya cometido graves vulneraciones con las 144 personas, imputando responsabilidad penal de &#8220;Asociaci\u00f3n Ilicita&#8221; y &#8220;Usurpacion de tierras&#8221;.<\/p>\n\n\n\n<p>A partir del reconocimiento del Estado de Chile sobre las violaciones a los derechos humanos con los 144 Mapuche. La Corte IDH, tendr\u00e1 una mayor amplitud para establecer las resoluciones correspondientes para reparar el da\u00f1o causado en base a los estandares internacionales de los Derechos Humanos.<\/p>\n\n\n\n<p><br \/>La &#8220;restituci\u00f3n de las tierras&#8221; la adopci\u00f3n de la &#8220;Bandera Mapuche&#8221; como primer acto de autodeterminaci\u00f3n, el &#8220;Tribunal Mapuche&#8221;, el Peri\u00f3dico Auki\u00f1, las Autoridades Lonko, Machi, Weupife, Nenpin y Werken y la organizaci\u00f3n Mapuche Auki\u00f1 Wallmapu Ngulam-Consejo de Todas fundadas en las instituciones del sistema de Gobierno Mapuche, han sido legitimadas y reconocidos juridicamente por un Tribunal Internacional, en base al derecho internacional.<\/p>\n\n\n\n<p>El reconocimiento formal y p\u00fablico de parte del Estado de Chile ante el Tribunal Internacional y ante la Comisi\u00f3n Interamericana de Derechos Humanos sobre las violaciones a los derechos humanos con las comunidades y personas Mapuche, representa un hecho historico sin precedente en la relaci\u00f3n entre el Pueblo Mapuche y el Estado de Chile.<\/p>\n\n\n\n<p>Finalemente, esperamos con mucho interes las resoluciones de la Corte IDH, que por la naturaleza de los hechos esclarecidos ser\u00e1n variadas, amplias y justas.<\/p>\n\n\n\n<figure class=\"wp-block-image size-large\"><img loading=\"lazy\" decoding=\"async\" width=\"768\" height=\"1024\" src=\"https:\/\/temucotelevision.cl\/web\/wp-content\/uploads\/2023\/10\/555d1129-f95a-47ad-9f92-d51aebaa862c-1-768x1024.jpg\" alt=\"\" class=\"wp-image-45271\" srcset=\"https:\/\/temucotelevision.cl\/web\/wp-content\/uploads\/2023\/10\/555d1129-f95a-47ad-9f92-d51aebaa862c-1-768x1024.jpg 768w, https:\/\/temucotelevision.cl\/web\/wp-content\/uploads\/2023\/10\/555d1129-f95a-47ad-9f92-d51aebaa862c-1.jpg 960w\" sizes=\"auto, (max-width: 768px) 100vw, 768px\" \/><\/figure>\n","protected":false},"excerpt":{"rendered":"<div class=\"pvc_clear\"><\/div>\n<p id=\"pvc_stats_45269\" class=\"pvc_stats total_only  \" data-element-id=\"45269\" style=\"\"><i class=\"pvc-stats-icon large\" aria-hidden=\"true\"><svg aria-hidden=\"true\" focusable=\"false\" data-prefix=\"far\" data-icon=\"chart-bar\" role=\"img\" xmlns=\"http:\/\/www.w3.org\/2000\/svg\" viewBox=\"0 0 512 512\" class=\"svg-inline--fa fa-chart-bar fa-w-16 fa-2x\"><path fill=\"currentColor\" d=\"M396.8 352h22.4c6.4 0 12.8-6.4 12.8-12.8V108.8c0-6.4-6.4-12.8-12.8-12.8h-22.4c-6.4 0-12.8 6.4-12.8 12.8v230.4c0 6.4 6.4 12.8 12.8 12.8zm-192 0h22.4c6.4 0 12.8-6.4 12.8-12.8V140.8c0-6.4-6.4-12.8-12.8-12.8h-22.4c-6.4 0-12.8 6.4-12.8 12.8v198.4c0 6.4 6.4 12.8 12.8 12.8zm96 0h22.4c6.4 0 12.8-6.4 12.8-12.8V204.8c0-6.4-6.4-12.8-12.8-12.8h-22.4c-6.4 0-12.8 6.4-12.8 12.8v134.4c0 6.4 6.4 12.8 12.8 12.8zM496 400H48V80c0-8.84-7.16-16-16-16H16C7.16 64 0 71.16 0 80v336c0 17.67 14.33 32 32 32h464c8.84 0 16-7.16 16-16v-16c0-8.84-7.16-16-16-16zm-387.2-48h22.4c6.4 0 12.8-6.4 12.8-12.8v-70.4c0-6.4-6.4-12.8-12.8-12.8h-22.4c-6.4 0-12.8 6.4-12.8 12.8v70.4c0 6.4 6.4 12.8 12.8 12.8z\" class=\"\"><\/path><\/svg><\/i> <img loading=\"lazy\" decoding=\"async\" width=\"16\" height=\"16\" alt=\"Loading\" src=\"https:\/\/temucotelevision.cl\/web\/wp-content\/plugins\/page-views-count\/ajax-loader-2x.gif\" border=0 \/><\/p>\n<div class=\"pvc_clear\"><\/div>\n<p>Por medio de un comunicado, AUCAN HUILCAMAN PAILLAMA, Encargado de las Relaciones Internacionales. Consejo de Todas las Tierras, se refiere<\/p>\n","protected":false},"author":1,"featured_media":45268,"comment_status":"open","ping_status":"open","sticky":false,"template":"","format":"standard","meta":{"colormag_page_container_layout":"default_layout","colormag_page_sidebar_layout":"default_layout","footnotes":""},"categories":[84],"tags":[],"class_list":["post-45269","post","type-post","status-publish","format-standard","has-post-thumbnail","hentry","category-politica"],"a3_pvc":{"activated":true,"total_views":137,"today_views":0},"_links":{"self":[{"href":"https:\/\/temucotelevision.cl\/web\/wp-json\/wp\/v2\/posts\/45269","targetHints":{"allow":["GET"]}}],"collection":[{"href":"https:\/\/temucotelevision.cl\/web\/wp-json\/wp\/v2\/posts"}],"about":[{"href":"https:\/\/temucotelevision.cl\/web\/wp-json\/wp\/v2\/types\/post"}],"author":[{"embeddable":true,"href":"https:\/\/temucotelevision.cl\/web\/wp-json\/wp\/v2\/users\/1"}],"replies":[{"embeddable":true,"href":"https:\/\/temucotelevision.cl\/web\/wp-json\/wp\/v2\/comments?post=45269"}],"version-history":[{"count":3,"href":"https:\/\/temucotelevision.cl\/web\/wp-json\/wp\/v2\/posts\/45269\/revisions"}],"predecessor-version":[{"id":45273,"href":"https:\/\/temucotelevision.cl\/web\/wp-json\/wp\/v2\/posts\/45269\/revisions\/45273"}],"wp:featuredmedia":[{"embeddable":true,"href":"https:\/\/temucotelevision.cl\/web\/wp-json\/wp\/v2\/media\/45268"}],"wp:attachment":[{"href":"https:\/\/temucotelevision.cl\/web\/wp-json\/wp\/v2\/media?parent=45269"}],"wp:term":[{"taxonomy":"category","embeddable":true,"href":"https:\/\/temucotelevision.cl\/web\/wp-json\/wp\/v2\/categories?post=45269"},{"taxonomy":"post_tag","embeddable":true,"href":"https:\/\/temucotelevision.cl\/web\/wp-json\/wp\/v2\/tags?post=45269"}],"curies":[{"name":"wp","href":"https:\/\/api.w.org\/{rel}","templated":true}]}}