{"id":45251,"date":"2023-10-11T13:37:13","date_gmt":"2023-10-11T16:37:13","guid":{"rendered":"https:\/\/temucotelevision.cl\/web\/?p=45251"},"modified":"2023-10-11T13:37:13","modified_gmt":"2023-10-11T16:37:13","slug":"diputados-de-oposicion-critican-postura-del-gobierno-por-citacion-a-declarar-de-la-fiscalia-a-exministro-jackson-miguel-crispi-y-javiera-martinez-y-piden-a-la-justicia-llegar-hasta-las-ultimas-consec","status":"publish","type":"post","link":"https:\/\/temucotelevision.cl\/web\/2023\/10\/11\/diputados-de-oposicion-critican-postura-del-gobierno-por-citacion-a-declarar-de-la-fiscalia-a-exministro-jackson-miguel-crispi-y-javiera-martinez-y-piden-a-la-justicia-llegar-hasta-las-ultimas-consec\/","title":{"rendered":"Diputados de oposici\u00f3n critican postura del Gobierno por citaci\u00f3n a declarar de la F\u00edscalia a exministro Jackson, Miguel Crispi y Javiera Mart\u00ednez y piden a la justicia llegar hasta las \u00faltimas consecuencias"},"content":{"rendered":"<div class=\"pvc_clear\"><\/div><p id=\"pvc_stats_45251\" class=\"pvc_stats total_only  \" data-element-id=\"45251\" style=\"\"><i class=\"pvc-stats-icon large\" aria-hidden=\"true\"><svg aria-hidden=\"true\" focusable=\"false\" data-prefix=\"far\" data-icon=\"chart-bar\" role=\"img\" xmlns=\"http:\/\/www.w3.org\/2000\/svg\" viewBox=\"0 0 512 512\" class=\"svg-inline--fa fa-chart-bar fa-w-16 fa-2x\"><path fill=\"currentColor\" d=\"M396.8 352h22.4c6.4 0 12.8-6.4 12.8-12.8V108.8c0-6.4-6.4-12.8-12.8-12.8h-22.4c-6.4 0-12.8 6.4-12.8 12.8v230.4c0 6.4 6.4 12.8 12.8 12.8zm-192 0h22.4c6.4 0 12.8-6.4 12.8-12.8V140.8c0-6.4-6.4-12.8-12.8-12.8h-22.4c-6.4 0-12.8 6.4-12.8 12.8v198.4c0 6.4 6.4 12.8 12.8 12.8zm96 0h22.4c6.4 0 12.8-6.4 12.8-12.8V204.8c0-6.4-6.4-12.8-12.8-12.8h-22.4c-6.4 0-12.8 6.4-12.8 12.8v134.4c0 6.4 6.4 12.8 12.8 12.8zM496 400H48V80c0-8.84-7.16-16-16-16H16C7.16 64 0 71.16 0 80v336c0 17.67 14.33 32 32 32h464c8.84 0 16-7.16 16-16v-16c0-8.84-7.16-16-16-16zm-387.2-48h22.4c6.4 0 12.8-6.4 12.8-12.8v-70.4c0-6.4-6.4-12.8-12.8-12.8h-22.4c-6.4 0-12.8 6.4-12.8 12.8v70.4c0 6.4 6.4 12.8 12.8 12.8z\" class=\"\"><\/path><\/svg><\/i> <img loading=\"lazy\" decoding=\"async\" width=\"16\" height=\"16\" alt=\"Loading\" src=\"https:\/\/temucotelevision.cl\/web\/wp-content\/plugins\/page-views-count\/ajax-loader-2x.gif\" border=0 \/><\/p><div class=\"pvc_clear\"><\/div>\n<p><strong>Jorge Guzm\u00e1n (subfeje bancada de Ev\u00f3poli):\u00a0<\/strong>\u201cNos parece muy grave que existan ex ministros de Estado que est\u00e9n siendo investigados por causas en el Ministerio P\u00fablico en calidad de imputados, pero es particularmente grave y complejo que existan funcionarios p\u00fablicos que ocupan altos cargos en el gobierno del Presidente Boric\u00a0 que est\u00e9n siendo sujetos de investigaci\u00f3n penal en calidad de imputados, como es el caso de Javiera Mart\u00ednez y Miguel Crispi. Esperar\u00eda que un Gobierno transparente, correcto, que condena la corrupci\u00f3n y protege la transparencia y la probidad, les pida r\u00e1pidamente sus cargos para que se enfoquen en sus defensas penales y no sigan oscureciendo lo que significa la administraci\u00f3n y gesti\u00f3n dentro del Estado\u201d.<\/p>\n\n\n\n<p><strong>Diputada Carla Morales RN:\u00a0<\/strong>\u00a0\u201cValoramos la determinaci\u00f3n de la Fiscal\u00eda de citar a declarar al exministro y a los actuales funcionarios de Gobierno, Javiera Mart\u00ednez y Miguel Crispi, porque creemos que lo que pas\u00f3 con el desv\u00edo de fondos p\u00fablicos a trav\u00e9s de determinadas fundaciones, es algo grave y que no puede quedar impune, por lo mismo deben entregar todos los antecedentes a la justicia y determinar eventuales responsabilidades. Esperamos que el Gobierno colabore para que se pueda esclarecer si ac\u00e1 existi\u00f3 un mecanismo para defraudar al Estado\u201d.<\/p>\n\n\n\n<p><strong>Diputado V\u00edctor Pino<\/strong>:\u201cLa justicia sigue su cauce, valoro que el Ministerio P\u00fablico haya citado a Giorgio Jackson, Miguel Crispi y la directora de presupuestos, curiosamente todos de Revoluci\u00f3n Democr\u00e1tica, el partido que est\u00e1 fuertemente vinculado al Caso Convenios, que\u00a0 la justicia siga su camino y se llegue hasta las \u00faltimas consecuencias y el caiga quien caiga sea 100% real, si resultan responsables tanto penal como pol\u00edticamente deber\u00edan dejar sus cargos primero y luego responder ante la justicia con toda la fuerza de la ley\u201d.\u00a0<\/p>\n\n\n\n<p><strong>Diputado Stephan Schubert (indep-republicano):<\/strong>\u00a0\u201cNos parece bueno que est\u00e9 operando el sistema y que efectivamente hayan sido citados a declarar en calidad de imputados dos altos funcionarios de Gobierno y un ex ministro de Estado, esto va a permitir efectivamente llegar al conocimiento de s\u00ed aqu\u00ed estamos ante un hecho aislado o estamos ante un sistema montado para defraudar al Estado. Estos son recursos p\u00fablicos, por lo tanto nos parece bien que el Ministerio P\u00fablico est\u00e9 haciendo su labor en conjunto con los tribunales. Ahora lo que nos sorprende es la reacci\u00f3n del gobierno, que en\u00a0 un comienzo hablo de probidad total, con la frase del \u201ccaiga quien caiga\u201d, pues bien en lugar de hacer aquello y en lugar de agradecer que el sistema est\u00e9 funcionando, lo que est\u00e1 haciendo la vocera de Gobierno es se\u00f1alar que ac\u00e1 hay una persecuci\u00f3n pol\u00edtica, que hay un sector que lo que quiere hacer es golpear al Presidente, est\u00e1 muy equivocada la ministra de Gobierno, lo que quiere hacer aqu\u00ed la ciudadan\u00eda es que se dejen de robar y que las personas responsables asuman y cumplan las sanciones que corresponden, por lo tanto es muy lamentable este doble discurso, el gobierno se\u00f1alando que busca la probidad, pero en el momento que el sistema judicial avanza cr\u00edtica y alega una persecuci\u00f3n pol\u00edtica. Nuevamente tenemos un discurso pero que en los hechos concretos el gobierno est\u00e1 haciendo totalmente todo lo contrario, aqu\u00ed tendr\u00eda que haber cooperaci\u00f3n total y transparencia absoluta, sino tienen nada que ocultar cu\u00e1l es el problema de ir a las comisiones y declarar en calidad de imputados\u201d.<\/p>\n","protected":false},"excerpt":{"rendered":"<div class=\"pvc_clear\"><\/div>\n<p id=\"pvc_stats_45251\" class=\"pvc_stats total_only  \" data-element-id=\"45251\" style=\"\"><i class=\"pvc-stats-icon large\" aria-hidden=\"true\"><svg aria-hidden=\"true\" focusable=\"false\" data-prefix=\"far\" data-icon=\"chart-bar\" role=\"img\" xmlns=\"http:\/\/www.w3.org\/2000\/svg\" viewBox=\"0 0 512 512\" class=\"svg-inline--fa fa-chart-bar fa-w-16 fa-2x\"><path fill=\"currentColor\" d=\"M396.8 352h22.4c6.4 0 12.8-6.4 12.8-12.8V108.8c0-6.4-6.4-12.8-12.8-12.8h-22.4c-6.4 0-12.8 6.4-12.8 12.8v230.4c0 6.4 6.4 12.8 12.8 12.8zm-192 0h22.4c6.4 0 12.8-6.4 12.8-12.8V140.8c0-6.4-6.4-12.8-12.8-12.8h-22.4c-6.4 0-12.8 6.4-12.8 12.8v198.4c0 6.4 6.4 12.8 12.8 12.8zm96 0h22.4c6.4 0 12.8-6.4 12.8-12.8V204.8c0-6.4-6.4-12.8-12.8-12.8h-22.4c-6.4 0-12.8 6.4-12.8 12.8v134.4c0 6.4 6.4 12.8 12.8 12.8zM496 400H48V80c0-8.84-7.16-16-16-16H16C7.16 64 0 71.16 0 80v336c0 17.67 14.33 32 32 32h464c8.84 0 16-7.16 16-16v-16c0-8.84-7.16-16-16-16zm-387.2-48h22.4c6.4 0 12.8-6.4 12.8-12.8v-70.4c0-6.4-6.4-12.8-12.8-12.8h-22.4c-6.4 0-12.8 6.4-12.8 12.8v70.4c0 6.4 6.4 12.8 12.8 12.8z\" class=\"\"><\/path><\/svg><\/i> <img loading=\"lazy\" decoding=\"async\" width=\"16\" height=\"16\" alt=\"Loading\" src=\"https:\/\/temucotelevision.cl\/web\/wp-content\/plugins\/page-views-count\/ajax-loader-2x.gif\" border=0 \/><\/p>\n<div class=\"pvc_clear\"><\/div>\n<p>Jorge Guzm\u00e1n (subfeje bancada de Ev\u00f3poli):\u00a0\u201cNos parece muy grave que existan ex ministros de Estado que est\u00e9n siendo investigados por<\/p>\n","protected":false},"author":1,"featured_media":45252,"comment_status":"open","ping_status":"open","sticky":false,"template":"","format":"standard","meta":{"colormag_page_container_layout":"default_layout","colormag_page_sidebar_layout":"default_layout","footnotes":""},"categories":[84],"tags":[171,448,206],"class_list":["post-45251","post","type-post","status-publish","format-standard","has-post-thumbnail","hentry","category-politica","tag-diputados","tag-fiscalia","tag-gobierno"],"a3_pvc":{"activated":true,"total_views":2893,"today_views":0},"_links":{"self":[{"href":"https:\/\/temucotelevision.cl\/web\/wp-json\/wp\/v2\/posts\/45251","targetHints":{"allow":["GET"]}}],"collection":[{"href":"https:\/\/temucotelevision.cl\/web\/wp-json\/wp\/v2\/posts"}],"about":[{"href":"https:\/\/temucotelevision.cl\/web\/wp-json\/wp\/v2\/types\/post"}],"author":[{"embeddable":true,"href":"https:\/\/temucotelevision.cl\/web\/wp-json\/wp\/v2\/users\/1"}],"replies":[{"embeddable":true,"href":"https:\/\/temucotelevision.cl\/web\/wp-json\/wp\/v2\/comments?post=45251"}],"version-history":[{"count":1,"href":"https:\/\/temucotelevision.cl\/web\/wp-json\/wp\/v2\/posts\/45251\/revisions"}],"predecessor-version":[{"id":45253,"href":"https:\/\/temucotelevision.cl\/web\/wp-json\/wp\/v2\/posts\/45251\/revisions\/45253"}],"wp:featuredmedia":[{"embeddable":true,"href":"https:\/\/temucotelevision.cl\/web\/wp-json\/wp\/v2\/media\/45252"}],"wp:attachment":[{"href":"https:\/\/temucotelevision.cl\/web\/wp-json\/wp\/v2\/media?parent=45251"}],"wp:term":[{"taxonomy":"category","embeddable":true,"href":"https:\/\/temucotelevision.cl\/web\/wp-json\/wp\/v2\/categories?post=45251"},{"taxonomy":"post_tag","embeddable":true,"href":"https:\/\/temucotelevision.cl\/web\/wp-json\/wp\/v2\/tags?post=45251"}],"curies":[{"name":"wp","href":"https:\/\/api.w.org\/{rel}","templated":true}]}}