{"id":4525,"date":"2019-06-28T18:45:28","date_gmt":"2019-06-28T21:45:28","guid":{"rendered":"https:\/\/temucotelevision.cl\/web\/?p=4525"},"modified":"2019-06-28T18:45:28","modified_gmt":"2019-06-28T21:45:28","slug":"firman-mensaje-al-core-para-la-aprobacion-de-recursos-de-damnificados-del-incendio-de-mercado-de-victoria","status":"publish","type":"post","link":"https:\/\/temucotelevision.cl\/web\/2019\/06\/28\/firman-mensaje-al-core-para-la-aprobacion-de-recursos-de-damnificados-del-incendio-de-mercado-de-victoria\/","title":{"rendered":"Firman mensaje al Core para la aprobaci\u00f3n de recursos de damnificados del incendio de Mercado de Victoria"},"content":{"rendered":"<div class=\"pvc_clear\"><\/div>\n<p id=\"pvc_stats_4525\" class=\"pvc_stats total_only  \" data-element-id=\"4525\" style=\"\"><i class=\"pvc-stats-icon large\" aria-hidden=\"true\"><svg aria-hidden=\"true\" focusable=\"false\" data-prefix=\"far\" data-icon=\"chart-bar\" role=\"img\" xmlns=\"http:\/\/www.w3.org\/2000\/svg\" viewBox=\"0 0 512 512\" class=\"svg-inline--fa fa-chart-bar fa-w-16 fa-2x\"><path fill=\"currentColor\" d=\"M396.8 352h22.4c6.4 0 12.8-6.4 12.8-12.8V108.8c0-6.4-6.4-12.8-12.8-12.8h-22.4c-6.4 0-12.8 6.4-12.8 12.8v230.4c0 6.4 6.4 12.8 12.8 12.8zm-192 0h22.4c6.4 0 12.8-6.4 12.8-12.8V140.8c0-6.4-6.4-12.8-12.8-12.8h-22.4c-6.4 0-12.8 6.4-12.8 12.8v198.4c0 6.4 6.4 12.8 12.8 12.8zm96 0h22.4c6.4 0 12.8-6.4 12.8-12.8V204.8c0-6.4-6.4-12.8-12.8-12.8h-22.4c-6.4 0-12.8 6.4-12.8 12.8v134.4c0 6.4 6.4 12.8 12.8 12.8zM496 400H48V80c0-8.84-7.16-16-16-16H16C7.16 64 0 71.16 0 80v336c0 17.67 14.33 32 32 32h464c8.84 0 16-7.16 16-16v-16c0-8.84-7.16-16-16-16zm-387.2-48h22.4c6.4 0 12.8-6.4 12.8-12.8v-70.4c0-6.4-6.4-12.8-12.8-12.8h-22.4c-6.4 0-12.8 6.4-12.8 12.8v70.4c0 6.4 6.4 12.8 12.8 12.8z\" class=\"\"><\/path><\/svg><\/i> <img loading=\"lazy\" decoding=\"async\" width=\"16\" height=\"16\" alt=\"Loading\" src=\"https:\/\/temucotelevision.cl\/web\/wp-content\/plugins\/page-views-count\/ajax-loader-2x.gif\" border=0 \/><\/p>\n<div class=\"pvc_clear\"><\/div>\n<p style=\"text-align: justify;\">La madrugada del jueves 11 de abril del 2019, un incendio destruy\u00f3 por completo las instalaciones del Mercado de Victoria, ubicado en pleno centro de la ciudad, en el sector de la estaci\u00f3n de ferrocarriles e inserto en el denominado Barrio Comercial Estaci\u00f3n de Victoria, que forma parte del programa Fortalecimiento de Barrios Comerciales que ejecuta el Servicio de Cooperaci\u00f3n T\u00e9cnica.<\/p>\n<p style=\"text-align: justify;\">Como resultado de lo anterior 30 empresarios\/emprendedores resultaron damnificados perdiendo la totalidad de sus negocios, adem\u00e1s de generar el desempleo de aproximadamente 100 personas, por lo que se hizo imperante generar una iniciativa que permita apoyar la reactivaci\u00f3n productiva de los afectados.<\/p>\n<p style=\"text-align: justify;\">Debido a esto, es que el intendente Jorge Atton solicit\u00f3 la reactivaci\u00f3n econ\u00f3mica de la actividad productiva de las 30 familias \u201cEsto fue lo que nos solicitaron cuando tuvimos las reuniones de trabajo con los distintos empresarios afectados. Los recursos que hoy estamos solicitando, ser\u00e1n gestionados a trav\u00e9s de Sercotec para generar una reactivaci\u00f3n productiva del Mercado de Victoria, el cual se proyecta para ejecutarse de manera consecuente a los lineamientos y ejes fundamentales expuestos en el Plan Impulso Araucan\u00eda anunciado el a\u00f1o 2018 por el presidente Sebasti\u00e1n Pi\u00f1era Eche\u00f1ique, esto referido a la importancia de acompa\u00f1ar y fomentar actividades productivas en la regi\u00f3n\u201d.<\/p>\n<p style=\"text-align: justify;\">Los afectados que cumplan con los requisitos establecidos en las bases del programa y resulten beneficiados, ejecutaran un Plan de Trabajo que contemple tanto inversiones como acciones de gesti\u00f3n empresarial, que les permitan retomar su actividad comercial en otras instalaciones, o bien optar por una nueva actividad, conforme a su experiencia, habilidades o alguna oportunidad de mercado existente en la Regi\u00f3n.<\/p>\n<p style=\"text-align: justify;\">Este Plan de Trabajo se materializar\u00e1 mediante la entrega de subsidios no reembolsables por un monto total de hasta $10.000.000.- para cada beneficiario.<br \/>\nPor su parte teniendo en cuenta el alto grado de afectaci\u00f3n, no se solicitar\u00e1 aporte empresarial.<\/p>\n<p style=\"text-align: justify;\">Cobertura estimada<br \/>\nSe espera beneficiar a 30 emprendedores\/empresarios afectados.<\/p>\n<p style=\"text-align: justify;\">Requisitos<\/p>\n<p style=\"text-align: justify;\">Ser empresa formalmente constituida con inicio de actividades en Primera Categor\u00eda ante el Servicio de Impuestos Internos o emprendedores con disponibilidad para formalizar.<br \/>\nNo tener deudas laborales o previsionales ni multas impagas, a la fecha de formalizaci\u00f3n como beneficiarios con SERCOTEC.<br \/>\nNo tener deudas tributarias liquidadas morosas, a la fecha de formalizaci\u00f3n como beneficiarios con SERCOTEC<br \/>\nFormar parte del catastro de empresarios afectados por el siniestro que aquej\u00f3 las instalaciones del Mercado de Victoria<\/p>\n<p style=\"text-align: justify;\">Duraci\u00f3n del Programa<br \/>\n16 meses de ejecuci\u00f3n.<\/p>\n<p style=\"text-align: justify;\">Funcionamiento<br \/>\nEl funcionamiento actual de Sercotec sigue un modelo de agenciamiento, donde Sercotec mandata a una empresa denominada Agente Operador Sercotec (AOS), quienes apoyan en las actividades de evaluaci\u00f3n y selecci\u00f3n para determinar que los postulantes cumplen los requisitos m\u00ednimos de entrada para esta convocatoria; posteriormente se encargan de apoyar en el proceso de compras, asegurando el cumplimiento de los protocolos normativos de Sercotec en materia de una correcta rendici\u00f3n de los recursos ejecutados.<\/p>\n<p style=\"text-align: justify;\">Presupuesto del programa<br \/>\nEl programa Reactivaci\u00f3n productiva del Mercado de Victoria, se postula a su etapa de ejecuci\u00f3n, por lo cual el presupuesto global asociado es de $344.965.000.-<\/p>\n<p><img loading=\"lazy\" decoding=\"async\" class=\"size-full wp-image-4526 aligncenter\" src=\"https:\/\/temucotelevision.cl\/web\/wp-content\/uploads\/2019\/06\/Mercado-Victoria-Recusos.jpg\" alt=\"\" width=\"800\" height=\"455\" srcset=\"https:\/\/temucotelevision.cl\/web\/wp-content\/uploads\/2019\/06\/Mercado-Victoria-Recusos.jpg 800w, https:\/\/temucotelevision.cl\/web\/wp-content\/uploads\/2019\/06\/Mercado-Victoria-Recusos-768x437.jpg 768w\" sizes=\"auto, (max-width: 800px) 100vw, 800px\" \/><\/p>\n","protected":false},"excerpt":{"rendered":"<div class=\"pvc_clear\"><\/div>\n<p id=\"pvc_stats_4525\" class=\"pvc_stats total_only  \" data-element-id=\"4525\" style=\"\"><i class=\"pvc-stats-icon large\" aria-hidden=\"true\"><svg aria-hidden=\"true\" focusable=\"false\" data-prefix=\"far\" data-icon=\"chart-bar\" role=\"img\" xmlns=\"http:\/\/www.w3.org\/2000\/svg\" viewBox=\"0 0 512 512\" class=\"svg-inline--fa fa-chart-bar fa-w-16 fa-2x\"><path fill=\"currentColor\" d=\"M396.8 352h22.4c6.4 0 12.8-6.4 12.8-12.8V108.8c0-6.4-6.4-12.8-12.8-12.8h-22.4c-6.4 0-12.8 6.4-12.8 12.8v230.4c0 6.4 6.4 12.8 12.8 12.8zm-192 0h22.4c6.4 0 12.8-6.4 12.8-12.8V140.8c0-6.4-6.4-12.8-12.8-12.8h-22.4c-6.4 0-12.8 6.4-12.8 12.8v198.4c0 6.4 6.4 12.8 12.8 12.8zm96 0h22.4c6.4 0 12.8-6.4 12.8-12.8V204.8c0-6.4-6.4-12.8-12.8-12.8h-22.4c-6.4 0-12.8 6.4-12.8 12.8v134.4c0 6.4 6.4 12.8 12.8 12.8zM496 400H48V80c0-8.84-7.16-16-16-16H16C7.16 64 0 71.16 0 80v336c0 17.67 14.33 32 32 32h464c8.84 0 16-7.16 16-16v-16c0-8.84-7.16-16-16-16zm-387.2-48h22.4c6.4 0 12.8-6.4 12.8-12.8v-70.4c0-6.4-6.4-12.8-12.8-12.8h-22.4c-6.4 0-12.8 6.4-12.8 12.8v70.4c0 6.4 6.4 12.8 12.8 12.8z\" class=\"\"><\/path><\/svg><\/i> <img loading=\"lazy\" decoding=\"async\" width=\"16\" height=\"16\" alt=\"Loading\" src=\"https:\/\/temucotelevision.cl\/web\/wp-content\/plugins\/page-views-count\/ajax-loader-2x.gif\" border=0 \/><\/p>\n<div class=\"pvc_clear\"><\/div>\n<p>La madrugada del jueves 11 de abril del 2019, un incendio destruy\u00f3 por completo las instalaciones del Mercado de Victoria,<\/p>\n","protected":false},"author":1,"featured_media":2903,"comment_status":"open","ping_status":"open","sticky":false,"template":"","format":"standard","meta":{"colormag_page_container_layout":"default_layout","colormag_page_sidebar_layout":"default_layout","footnotes":""},"categories":[101],"tags":[527,210,227],"class_list":["post-4525","post","type-post","status-publish","format-standard","has-post-thumbnail","hentry","category-actualidad","tag-mercado","tag-recursos","tag-victoria"],"a3_pvc":{"activated":true,"total_views":24,"today_views":0},"_links":{"self":[{"href":"https:\/\/temucotelevision.cl\/web\/wp-json\/wp\/v2\/posts\/4525","targetHints":{"allow":["GET"]}}],"collection":[{"href":"https:\/\/temucotelevision.cl\/web\/wp-json\/wp\/v2\/posts"}],"about":[{"href":"https:\/\/temucotelevision.cl\/web\/wp-json\/wp\/v2\/types\/post"}],"author":[{"embeddable":true,"href":"https:\/\/temucotelevision.cl\/web\/wp-json\/wp\/v2\/users\/1"}],"replies":[{"embeddable":true,"href":"https:\/\/temucotelevision.cl\/web\/wp-json\/wp\/v2\/comments?post=4525"}],"version-history":[{"count":1,"href":"https:\/\/temucotelevision.cl\/web\/wp-json\/wp\/v2\/posts\/4525\/revisions"}],"predecessor-version":[{"id":4527,"href":"https:\/\/temucotelevision.cl\/web\/wp-json\/wp\/v2\/posts\/4525\/revisions\/4527"}],"wp:featuredmedia":[{"embeddable":true,"href":"https:\/\/temucotelevision.cl\/web\/wp-json\/wp\/v2\/media\/2903"}],"wp:attachment":[{"href":"https:\/\/temucotelevision.cl\/web\/wp-json\/wp\/v2\/media?parent=4525"}],"wp:term":[{"taxonomy":"category","embeddable":true,"href":"https:\/\/temucotelevision.cl\/web\/wp-json\/wp\/v2\/categories?post=4525"},{"taxonomy":"post_tag","embeddable":true,"href":"https:\/\/temucotelevision.cl\/web\/wp-json\/wp\/v2\/tags?post=4525"}],"curies":[{"name":"wp","href":"https:\/\/api.w.org\/{rel}","templated":true}]}}