{"id":4522,"date":"2019-06-28T18:33:49","date_gmt":"2019-06-28T21:33:49","guid":{"rendered":"https:\/\/temucotelevision.cl\/web\/?p=4522"},"modified":"2019-06-28T18:33:49","modified_gmt":"2019-06-28T21:33:49","slug":"ex-liceo-tecnico-femenino-se-convertira-en-centro-cultural-comunitario","status":"publish","type":"post","link":"https:\/\/temucotelevision.cl\/web\/2019\/06\/28\/ex-liceo-tecnico-femenino-se-convertira-en-centro-cultural-comunitario\/","title":{"rendered":"Ex Liceo T\u00e9cnico Femenino se convertir\u00e1 en Centro Cultural Comunitario"},"content":{"rendered":"<div class=\"pvc_clear\"><\/div>\n<p id=\"pvc_stats_4522\" class=\"pvc_stats total_only  \" data-element-id=\"4522\" style=\"\"><i class=\"pvc-stats-icon large\" aria-hidden=\"true\"><svg aria-hidden=\"true\" focusable=\"false\" data-prefix=\"far\" data-icon=\"chart-bar\" role=\"img\" xmlns=\"http:\/\/www.w3.org\/2000\/svg\" viewBox=\"0 0 512 512\" class=\"svg-inline--fa fa-chart-bar fa-w-16 fa-2x\"><path fill=\"currentColor\" d=\"M396.8 352h22.4c6.4 0 12.8-6.4 12.8-12.8V108.8c0-6.4-6.4-12.8-12.8-12.8h-22.4c-6.4 0-12.8 6.4-12.8 12.8v230.4c0 6.4 6.4 12.8 12.8 12.8zm-192 0h22.4c6.4 0 12.8-6.4 12.8-12.8V140.8c0-6.4-6.4-12.8-12.8-12.8h-22.4c-6.4 0-12.8 6.4-12.8 12.8v198.4c0 6.4 6.4 12.8 12.8 12.8zm96 0h22.4c6.4 0 12.8-6.4 12.8-12.8V204.8c0-6.4-6.4-12.8-12.8-12.8h-22.4c-6.4 0-12.8 6.4-12.8 12.8v134.4c0 6.4 6.4 12.8 12.8 12.8zM496 400H48V80c0-8.84-7.16-16-16-16H16C7.16 64 0 71.16 0 80v336c0 17.67 14.33 32 32 32h464c8.84 0 16-7.16 16-16v-16c0-8.84-7.16-16-16-16zm-387.2-48h22.4c6.4 0 12.8-6.4 12.8-12.8v-70.4c0-6.4-6.4-12.8-12.8-12.8h-22.4c-6.4 0-12.8 6.4-12.8 12.8v70.4c0 6.4 6.4 12.8 12.8 12.8z\" class=\"\"><\/path><\/svg><\/i> <img loading=\"lazy\" decoding=\"async\" width=\"16\" height=\"16\" alt=\"Loading\" src=\"https:\/\/temucotelevision.cl\/web\/wp-content\/plugins\/page-views-count\/ajax-loader-2x.gif\" border=0 \/><\/p>\n<div class=\"pvc_clear\"><\/div>\n<p style=\"text-align: justify;\">Hasta el ex Liceo T\u00e9cnico Femenino de Temuco lleg\u00f3 el Ministro de Bienes Nacionales, Felipe Ward, para reunirse con el Alcalde de Temuco, Miguel Becker, consejeros y autoridades, para ceder de manera oficial al Municipio de Temuco este importante espacio para la construcci\u00f3n de un Centro Cultural Comunitario que pueda ser usado por m\u00faltiples agrupaciones.<\/p>\n<p style=\"text-align: justify;\">Este antiguo y abandonado edificio, ubicado en el coraz\u00f3n de Temuco, en las esquinas de las calles Claro Solar con Aldunate, dar\u00e1 paso a un gran proyecto de m\u00e1s de dos mil metros cuadrados para el desarrollo de las distintas actividades culturales y agrupaciones del \u00e1mbito art\u00edstico cultural de la capital de La Araucan\u00eda.<\/p>\n<p style=\"text-align: justify;\">El Ministro de Bienes Nacionales, Felipe Ward, presente en la ceremonia de entrega del recinto, sostuvo que \u201cestamos muy contentos, esto lo recibe el Municipio y tal como lo dijimos anteriormente, cuesta muy poco trabajar con municipios y alcaldes que hacen la pega y que finalmente le van a dar un buen destino a este edificio. Es una buena decisi\u00f3n la que toma el Ministerio entreg\u00e1ndoselo a un buen alcalde, a una buena comuna y estamos seguros que el Centro Cultural va a satisfacer las necesidades de agrupaciones que buscan y se han ganado un lugar como este, estamos contentos como Ministerio con la sociedad estrat\u00e9gica que estamos teniendo con el alcalde, ha resultado muy beneficiosa para toda la gente\u201d.<\/p>\n<p style=\"text-align: justify;\">El ministro adem\u00e1s dijo que \u201cestamos colocando en valor un edificio que es muy importante, que est\u00e1 ubicado en el centro, que estaba desocupado y que se pod\u00eda prestar para cualquier cosa, as\u00ed que es una buena decisi\u00f3n por donde se la mire, estamos contentos con esta concesi\u00f3n de uso gratuito y esperamos que este proyecto se desarrolle de forma de satisfacer esta necesidad muy importante como es la cultura en los pueblos y que en Temuco es fundamental\u201d.<\/p>\n<p style=\"text-align: justify;\">Por su parte, el Alcalde de Temuco, Miguel Becker, sostuvo que \u201csin duda esta es una muy buena noticia para nuestra ciudad, este edificio emblem\u00e1tico desde hoy queda en manos del Municipio con el prop\u00f3sito de desarrollar un proyecto y el compromiso es transformarlo en un gran Centro Cultural Comunitario de las culturas y las artes, as\u00ed que agradecemos al Ministro y su disposici\u00f3n para hacer esta entrega. Estamos contentos y ya tenemos el compromiso tambi\u00e9n de nuestro Intendente y consejeros regionales para apoyar este proyecto, que sin duda, va a significar un mejoramiento del entorno en el centro de nuestra ciudad de Temuco\u201d.<\/p>\n<p style=\"text-align: justify;\">El Alcalde Becker adem\u00e1s sostuvo que los pasos a seguir para la concreci\u00f3n del Centro Cultural Comunitario es la licitaci\u00f3n del dise\u00f1o. \u201cTenemos que solicitar los recursos, que estimamos bordean los 5 mil millones de pesos para ejecutar esta magn\u00edfica obra y esperamos en el m\u00e1s breve plazo estar aqu\u00ed nuevamente, pero ya contando con un edificio moderno y distinto que permita el desarrollo de la cultura y las artes en nuestra comuna y regi\u00f3n\u201d.<\/p>\n<p style=\"text-align: justify;\">Paulina Morales, presidenta de la Corporaci\u00f3n Intercultural para las Artes Frontera, coment\u00f3 que \u201choy se cumple un sue\u00f1o para nosotros, que lideramos durante dos a\u00f1os aproximadamente, pero que viene de hace mucho m\u00e1s con artistas que trabajaron anteriormente ac\u00e1, y durante este tiempo nosotros estuvimos con varias gestiones, viajamos a Santiago, a Valpara\u00edso, nos reunimos con parlamentarios, ministros y hoy se cierra un ciclo con esta buena noticia, de que este espacio va a ser para la cultura, que era lo que todos quer\u00edamos finalmente\u201d.<\/p>\n<p style=\"text-align: justify;\">El ex liceo T\u00e9cnico Femenino de Temuco tiene una superficie de 2.257,62 metros cuadrados y un aval\u00fao de 112.500 UF. Emplazado en el coraz\u00f3n de la capital de La Araucan\u00eda, un inmueble ideal que permitir\u00e1 converger en un mismo lugar a m\u00faltiples agrupaciones y expresiones culturales para la comuna.<\/p>\n","protected":false},"excerpt":{"rendered":"<div class=\"pvc_clear\"><\/div>\n<p id=\"pvc_stats_4522\" class=\"pvc_stats total_only  \" data-element-id=\"4522\" style=\"\"><i class=\"pvc-stats-icon large\" aria-hidden=\"true\"><svg aria-hidden=\"true\" focusable=\"false\" data-prefix=\"far\" data-icon=\"chart-bar\" role=\"img\" xmlns=\"http:\/\/www.w3.org\/2000\/svg\" viewBox=\"0 0 512 512\" class=\"svg-inline--fa fa-chart-bar fa-w-16 fa-2x\"><path fill=\"currentColor\" d=\"M396.8 352h22.4c6.4 0 12.8-6.4 12.8-12.8V108.8c0-6.4-6.4-12.8-12.8-12.8h-22.4c-6.4 0-12.8 6.4-12.8 12.8v230.4c0 6.4 6.4 12.8 12.8 12.8zm-192 0h22.4c6.4 0 12.8-6.4 12.8-12.8V140.8c0-6.4-6.4-12.8-12.8-12.8h-22.4c-6.4 0-12.8 6.4-12.8 12.8v198.4c0 6.4 6.4 12.8 12.8 12.8zm96 0h22.4c6.4 0 12.8-6.4 12.8-12.8V204.8c0-6.4-6.4-12.8-12.8-12.8h-22.4c-6.4 0-12.8 6.4-12.8 12.8v134.4c0 6.4 6.4 12.8 12.8 12.8zM496 400H48V80c0-8.84-7.16-16-16-16H16C7.16 64 0 71.16 0 80v336c0 17.67 14.33 32 32 32h464c8.84 0 16-7.16 16-16v-16c0-8.84-7.16-16-16-16zm-387.2-48h22.4c6.4 0 12.8-6.4 12.8-12.8v-70.4c0-6.4-6.4-12.8-12.8-12.8h-22.4c-6.4 0-12.8 6.4-12.8 12.8v70.4c0 6.4 6.4 12.8 12.8 12.8z\" class=\"\"><\/path><\/svg><\/i> <img loading=\"lazy\" decoding=\"async\" width=\"16\" height=\"16\" alt=\"Loading\" src=\"https:\/\/temucotelevision.cl\/web\/wp-content\/plugins\/page-views-count\/ajax-loader-2x.gif\" border=0 \/><\/p>\n<div class=\"pvc_clear\"><\/div>\n<p>Hasta el ex Liceo T\u00e9cnico Femenino de Temuco lleg\u00f3 el Ministro de Bienes Nacionales, Felipe Ward, para reunirse con el<\/p>\n","protected":false},"author":1,"featured_media":4523,"comment_status":"open","ping_status":"open","sticky":false,"template":"","format":"standard","meta":{"colormag_page_container_layout":"default_layout","colormag_page_sidebar_layout":"default_layout","footnotes":""},"categories":[14],"tags":[252,1610,302],"class_list":["post-4522","post","type-post","status-publish","format-standard","has-post-thumbnail","hentry","category-temuco","tag-centro","tag-comunitario","tag-liceo"],"a3_pvc":{"activated":true,"total_views":308,"today_views":0},"_links":{"self":[{"href":"https:\/\/temucotelevision.cl\/web\/wp-json\/wp\/v2\/posts\/4522","targetHints":{"allow":["GET"]}}],"collection":[{"href":"https:\/\/temucotelevision.cl\/web\/wp-json\/wp\/v2\/posts"}],"about":[{"href":"https:\/\/temucotelevision.cl\/web\/wp-json\/wp\/v2\/types\/post"}],"author":[{"embeddable":true,"href":"https:\/\/temucotelevision.cl\/web\/wp-json\/wp\/v2\/users\/1"}],"replies":[{"embeddable":true,"href":"https:\/\/temucotelevision.cl\/web\/wp-json\/wp\/v2\/comments?post=4522"}],"version-history":[{"count":1,"href":"https:\/\/temucotelevision.cl\/web\/wp-json\/wp\/v2\/posts\/4522\/revisions"}],"predecessor-version":[{"id":4524,"href":"https:\/\/temucotelevision.cl\/web\/wp-json\/wp\/v2\/posts\/4522\/revisions\/4524"}],"wp:featuredmedia":[{"embeddable":true,"href":"https:\/\/temucotelevision.cl\/web\/wp-json\/wp\/v2\/media\/4523"}],"wp:attachment":[{"href":"https:\/\/temucotelevision.cl\/web\/wp-json\/wp\/v2\/media?parent=4522"}],"wp:term":[{"taxonomy":"category","embeddable":true,"href":"https:\/\/temucotelevision.cl\/web\/wp-json\/wp\/v2\/categories?post=4522"},{"taxonomy":"post_tag","embeddable":true,"href":"https:\/\/temucotelevision.cl\/web\/wp-json\/wp\/v2\/tags?post=4522"}],"curies":[{"name":"wp","href":"https:\/\/api.w.org\/{rel}","templated":true}]}}