{"id":45208,"date":"2023-10-08T10:18:34","date_gmt":"2023-10-08T13:18:34","guid":{"rendered":"https:\/\/temucotelevision.cl\/web\/?p=45208"},"modified":"2023-10-08T10:18:35","modified_gmt":"2023-10-08T13:18:35","slug":"bellet-folclorico-de-freire-se-prepara-para-gira-a-la-patagonia-en-noviembre","status":"publish","type":"post","link":"https:\/\/temucotelevision.cl\/web\/2023\/10\/08\/bellet-folclorico-de-freire-se-prepara-para-gira-a-la-patagonia-en-noviembre\/","title":{"rendered":"Bellet folcl\u00f3rico de Freire se prepara para gira a la Patagonia en noviembre"},"content":{"rendered":"<div class=\"pvc_clear\"><\/div><p id=\"pvc_stats_45208\" class=\"pvc_stats total_only  \" data-element-id=\"45208\" style=\"\"><i class=\"pvc-stats-icon large\" aria-hidden=\"true\"><svg aria-hidden=\"true\" focusable=\"false\" data-prefix=\"far\" data-icon=\"chart-bar\" role=\"img\" xmlns=\"http:\/\/www.w3.org\/2000\/svg\" viewBox=\"0 0 512 512\" class=\"svg-inline--fa fa-chart-bar fa-w-16 fa-2x\"><path fill=\"currentColor\" d=\"M396.8 352h22.4c6.4 0 12.8-6.4 12.8-12.8V108.8c0-6.4-6.4-12.8-12.8-12.8h-22.4c-6.4 0-12.8 6.4-12.8 12.8v230.4c0 6.4 6.4 12.8 12.8 12.8zm-192 0h22.4c6.4 0 12.8-6.4 12.8-12.8V140.8c0-6.4-6.4-12.8-12.8-12.8h-22.4c-6.4 0-12.8 6.4-12.8 12.8v198.4c0 6.4 6.4 12.8 12.8 12.8zm96 0h22.4c6.4 0 12.8-6.4 12.8-12.8V204.8c0-6.4-6.4-12.8-12.8-12.8h-22.4c-6.4 0-12.8 6.4-12.8 12.8v134.4c0 6.4 6.4 12.8 12.8 12.8zM496 400H48V80c0-8.84-7.16-16-16-16H16C7.16 64 0 71.16 0 80v336c0 17.67 14.33 32 32 32h464c8.84 0 16-7.16 16-16v-16c0-8.84-7.16-16-16-16zm-387.2-48h22.4c6.4 0 12.8-6.4 12.8-12.8v-70.4c0-6.4-6.4-12.8-12.8-12.8h-22.4c-6.4 0-12.8 6.4-12.8 12.8v70.4c0 6.4 6.4 12.8 12.8 12.8z\" class=\"\"><\/path><\/svg><\/i> <img loading=\"lazy\" decoding=\"async\" width=\"16\" height=\"16\" alt=\"Loading\" src=\"https:\/\/temucotelevision.cl\/web\/wp-content\/plugins\/page-views-count\/ajax-loader-2x.gif\" border=0 \/><\/p><div class=\"pvc_clear\"><\/div>\n<p>El ballet folcl\u00f3rico de Freire dirigido por el encargado del Departamento de Cultura de la Municipalidad de Freire, profesor Mario Grand\u00f3n, se prepara para una gira a Chile Chico con una delegaci\u00f3n de 32 personas entre m\u00fasicos y bailarines para presentar el talento a trav\u00e9s de danzas de norte a sur de Chile,como la Fiesta de la Tirana,huasos con un cuadro especial de m\u00fasica campesina de la cordillera de Nahuelbuta denominado \u201cEspantajo\u201d de autor\u00eda propia entre otros.Una iniciativa financiada\u00a0 e impulsada por la Municipalidad de Freire.<\/p>\n\n\n\n<p>El Encargado del Departamento de Cultura de la Municipalidad de Freire,Mario Grand\u00f3n explic\u00f3 que ya se est\u00e1n preparando con todo lo necesario para representar a la comuna de Freire a trav\u00e9s del folclore en el extremo sur de Chile \u201cNos estamos preparando para una gira que tiene el grupo folcl\u00f3rico a la Patagonia desde el 4 al 12 de\u00a0 noviembre por un intercambio cultural que estamos\u00a0 haciendo con el grupo\u00a0 Los Caiquenes del Lago de Chile Chico, estamos dos d\u00edas ah\u00ed, tambi\u00e9n en Coyhaique, Ays\u00e9n y Puerto Cisnes y es importante para nosotros y para nuestro alcalde que los j\u00f3venes que componen el\u00a0 ballet folcl\u00f3rico puedan conocer\u00a0 m\u00e1s de Chile y de otras culturas;adem\u00e1s nos vamos a ir por Argentina y vamos a estar invitados a una jineteada, llevamos la diablada de la tirana y las m\u00e1scaras est\u00e1n llegando esta semana o la pr\u00f3xima y estamos preparando un cuadro de m\u00fasica mapuche\u201d.<\/p>\n\n\n\n<p>El encargado del departamento de cultura del municipio,adem\u00e1s agreg\u00f3 que las inscripciones para formar parte del ballet folcl\u00f3rico de Freire se abren en marzo de 2024. <\/p>\n\n\n\n<p>Para una de las voces que forma parte del coro del ballet folcl\u00f3rico de Freire, Sarita Riquelme, tener la oportunidad de destacar la cultura a trav\u00e9s del folclore significa una experiencia inolvidable \u201cDesde los 14 a\u00f1os que comenc\u00e9 a cantar m\u00fasica folcl\u00f3rica y pertenecer al ballet folcl\u00f3rico de Freire es una experiencia inolvidable, cada presentaci\u00f3n ante el p\u00fablico es una experiencia diferente, adem\u00e1s es una excelente iniciativa del departamento de cultura de la Municipalidad de Freire de darnos la oportunidad de presentarnos en distintos lugares y con la gira que estamos preparando para Chile Chico y nos permite conocer otras culturas\u201d finaliz\u00f3 la integrante del coro del ballet folcl\u00f3rico de Freire.<\/p>\n","protected":false},"excerpt":{"rendered":"<div class=\"pvc_clear\"><\/div>\n<p id=\"pvc_stats_45208\" class=\"pvc_stats total_only  \" data-element-id=\"45208\" style=\"\"><i class=\"pvc-stats-icon large\" aria-hidden=\"true\"><svg aria-hidden=\"true\" focusable=\"false\" data-prefix=\"far\" data-icon=\"chart-bar\" role=\"img\" xmlns=\"http:\/\/www.w3.org\/2000\/svg\" viewBox=\"0 0 512 512\" class=\"svg-inline--fa fa-chart-bar fa-w-16 fa-2x\"><path fill=\"currentColor\" d=\"M396.8 352h22.4c6.4 0 12.8-6.4 12.8-12.8V108.8c0-6.4-6.4-12.8-12.8-12.8h-22.4c-6.4 0-12.8 6.4-12.8 12.8v230.4c0 6.4 6.4 12.8 12.8 12.8zm-192 0h22.4c6.4 0 12.8-6.4 12.8-12.8V140.8c0-6.4-6.4-12.8-12.8-12.8h-22.4c-6.4 0-12.8 6.4-12.8 12.8v198.4c0 6.4 6.4 12.8 12.8 12.8zm96 0h22.4c6.4 0 12.8-6.4 12.8-12.8V204.8c0-6.4-6.4-12.8-12.8-12.8h-22.4c-6.4 0-12.8 6.4-12.8 12.8v134.4c0 6.4 6.4 12.8 12.8 12.8zM496 400H48V80c0-8.84-7.16-16-16-16H16C7.16 64 0 71.16 0 80v336c0 17.67 14.33 32 32 32h464c8.84 0 16-7.16 16-16v-16c0-8.84-7.16-16-16-16zm-387.2-48h22.4c6.4 0 12.8-6.4 12.8-12.8v-70.4c0-6.4-6.4-12.8-12.8-12.8h-22.4c-6.4 0-12.8 6.4-12.8 12.8v70.4c0 6.4 6.4 12.8 12.8 12.8z\" class=\"\"><\/path><\/svg><\/i> <img loading=\"lazy\" decoding=\"async\" width=\"16\" height=\"16\" alt=\"Loading\" src=\"https:\/\/temucotelevision.cl\/web\/wp-content\/plugins\/page-views-count\/ajax-loader-2x.gif\" border=0 \/><\/p>\n<div class=\"pvc_clear\"><\/div>\n<p>El ballet folcl\u00f3rico de Freire dirigido por el encargado del Departamento de Cultura de la Municipalidad de Freire, profesor Mario<\/p>\n","protected":false},"author":1,"featured_media":45209,"comment_status":"open","ping_status":"open","sticky":false,"template":"","format":"standard","meta":{"colormag_page_container_layout":"default_layout","colormag_page_sidebar_layout":"default_layout","footnotes":""},"categories":[86],"tags":[1903,2854],"class_list":["post-45208","post","type-post","status-publish","format-standard","has-post-thumbnail","hentry","category-panoramas","tag-ballet","tag-patagonia"],"a3_pvc":{"activated":true,"total_views":903,"today_views":0},"_links":{"self":[{"href":"https:\/\/temucotelevision.cl\/web\/wp-json\/wp\/v2\/posts\/45208","targetHints":{"allow":["GET"]}}],"collection":[{"href":"https:\/\/temucotelevision.cl\/web\/wp-json\/wp\/v2\/posts"}],"about":[{"href":"https:\/\/temucotelevision.cl\/web\/wp-json\/wp\/v2\/types\/post"}],"author":[{"embeddable":true,"href":"https:\/\/temucotelevision.cl\/web\/wp-json\/wp\/v2\/users\/1"}],"replies":[{"embeddable":true,"href":"https:\/\/temucotelevision.cl\/web\/wp-json\/wp\/v2\/comments?post=45208"}],"version-history":[{"count":1,"href":"https:\/\/temucotelevision.cl\/web\/wp-json\/wp\/v2\/posts\/45208\/revisions"}],"predecessor-version":[{"id":45210,"href":"https:\/\/temucotelevision.cl\/web\/wp-json\/wp\/v2\/posts\/45208\/revisions\/45210"}],"wp:featuredmedia":[{"embeddable":true,"href":"https:\/\/temucotelevision.cl\/web\/wp-json\/wp\/v2\/media\/45209"}],"wp:attachment":[{"href":"https:\/\/temucotelevision.cl\/web\/wp-json\/wp\/v2\/media?parent=45208"}],"wp:term":[{"taxonomy":"category","embeddable":true,"href":"https:\/\/temucotelevision.cl\/web\/wp-json\/wp\/v2\/categories?post=45208"},{"taxonomy":"post_tag","embeddable":true,"href":"https:\/\/temucotelevision.cl\/web\/wp-json\/wp\/v2\/tags?post=45208"}],"curies":[{"name":"wp","href":"https:\/\/api.w.org\/{rel}","templated":true}]}}