{"id":45205,"date":"2023-10-08T09:59:50","date_gmt":"2023-10-08T12:59:50","guid":{"rendered":"https:\/\/temucotelevision.cl\/web\/?p=45205"},"modified":"2023-10-08T09:59:52","modified_gmt":"2023-10-08T12:59:52","slug":"se-conformo-la-primera-mesa-de-trabajo-para-vincular-el-turismo-de-la-zona-lacustre-y-la-zona-costera-de-la-region-de-la-araucania","status":"publish","type":"post","link":"https:\/\/temucotelevision.cl\/web\/2023\/10\/08\/se-conformo-la-primera-mesa-de-trabajo-para-vincular-el-turismo-de-la-zona-lacustre-y-la-zona-costera-de-la-region-de-la-araucania\/","title":{"rendered":"Se conform\u00f3 la primera mesa de trabajo para vincular el turismo de\u00a0 la zona lacustre y la zona costera de la regi\u00f3n de La Araucan\u00eda"},"content":{"rendered":"<div class=\"pvc_clear\"><\/div><p id=\"pvc_stats_45205\" class=\"pvc_stats total_only  \" data-element-id=\"45205\" style=\"\"><i class=\"pvc-stats-icon large\" aria-hidden=\"true\"><svg aria-hidden=\"true\" focusable=\"false\" data-prefix=\"far\" data-icon=\"chart-bar\" role=\"img\" xmlns=\"http:\/\/www.w3.org\/2000\/svg\" viewBox=\"0 0 512 512\" class=\"svg-inline--fa fa-chart-bar fa-w-16 fa-2x\"><path fill=\"currentColor\" d=\"M396.8 352h22.4c6.4 0 12.8-6.4 12.8-12.8V108.8c0-6.4-6.4-12.8-12.8-12.8h-22.4c-6.4 0-12.8 6.4-12.8 12.8v230.4c0 6.4 6.4 12.8 12.8 12.8zm-192 0h22.4c6.4 0 12.8-6.4 12.8-12.8V140.8c0-6.4-6.4-12.8-12.8-12.8h-22.4c-6.4 0-12.8 6.4-12.8 12.8v198.4c0 6.4 6.4 12.8 12.8 12.8zm96 0h22.4c6.4 0 12.8-6.4 12.8-12.8V204.8c0-6.4-6.4-12.8-12.8-12.8h-22.4c-6.4 0-12.8 6.4-12.8 12.8v134.4c0 6.4 6.4 12.8 12.8 12.8zM496 400H48V80c0-8.84-7.16-16-16-16H16C7.16 64 0 71.16 0 80v336c0 17.67 14.33 32 32 32h464c8.84 0 16-7.16 16-16v-16c0-8.84-7.16-16-16-16zm-387.2-48h22.4c6.4 0 12.8-6.4 12.8-12.8v-70.4c0-6.4-6.4-12.8-12.8-12.8h-22.4c-6.4 0-12.8 6.4-12.8 12.8v70.4c0 6.4 6.4 12.8 12.8 12.8z\" class=\"\"><\/path><\/svg><\/i> <img loading=\"lazy\" decoding=\"async\" width=\"16\" height=\"16\" alt=\"Loading\" src=\"https:\/\/temucotelevision.cl\/web\/wp-content\/plugins\/page-views-count\/ajax-loader-2x.gif\" border=0 \/><\/p><div class=\"pvc_clear\"><\/div>\n<ul class=\"wp-block-list\">\n<li><em>Con \u00e9xito se realiz\u00f3 el primer encuentro de vinculaci\u00f3n tur\u00edstica, donde participaron diversos gremios, organizaciones tur\u00edsticas, autoridades y organismos estatales.<\/em><\/li>\n<\/ul>\n\n\n\n<p>&nbsp;&nbsp; Con el objetivo de generar un espacio de cooperaci\u00f3n y encuentro entre actores estrat\u00e9gicos del turismo de la zona lacustre con la zona costera de la regi\u00f3n de La Araucan\u00eda, se llev\u00f3 a cabo este viernes el primer encuentro de vinculaci\u00f3n entre ambas zonas, actividad que fue convocada por el diputado Stephan Schubert, quien plante\u00f3 la necesidad de establecer v\u00ednculos, planificar y potenciar estrategias de productos tur\u00edsticos que beneficien a&nbsp; todas las comunas de la regi\u00f3n.<\/p>\n\n\n\n<p>&nbsp;&nbsp; Tras el encuentro, el congresista coment\u00f3 que \u201cla&nbsp; convocatoria ha sido buena y sobre todo el inter\u00e9s de trabajar en conjunto, de potenciar el turismo no s\u00f3lo de un sector, sino que de toda la regi\u00f3n. Se est\u00e1n organizando c\u00e1maras de comercio y turismo en las distintas comunas y ahora a&nbsp; trabajar todos en conjunto aportando todos a que el turista visite y pueda conocer todo lo que hay en nuestra regi\u00f3n&#8221;.<\/p>\n\n\n\n<p>&nbsp; En tanto, el director regional de Sercotec, Cristi\u00e1n Epuin, sostuvo que \u201cme pareci\u00f3 tremendamente relevante, porque se quieren unir dos zonas muy tur\u00edsticas con particularidades cada una de sus territorios y como Sercotec siempre vamos a estar del lado de las soluciones a los problemas. Sabemos que la industria tur\u00edstica tambi\u00e9n pasa por una dificultad, post pandemia y condiciones clim\u00e1ticas que han sido desfavorables, pero tambi\u00e9n el efecto de un volc\u00e1n.&nbsp; Seguiremos trabajando, es un inicio y esperamos grandes resultados a trav\u00e9s del tiempo\u201d.<\/p>\n\n\n\n<p>&nbsp;&nbsp;&nbsp; El representante del gremio de turismo costa Agetac, Bernardo Castro, valor\u00f3 que&nbsp; \u201cpara nosotros esta convocatoria es una respuesta para la costa, que est\u00e1bamos anhelando hacer esta vinculaci\u00f3n con la zona lacustre, tenemos mucho que aprender, ellos nos aventajan en turismo y est\u00e1 reuni\u00f3n de convocar ambos territorios ayuda mucho a la costa, que somos un turismo incipiente que puede crecer con el apoyo de la zona lacustre, nos va a permitir crecer, avanzar en la formalizaci\u00f3n y en muchos aspectos. Es una gran iniciativa y una gran respuesta\u201d.<\/p>\n\n\n\n<p>&nbsp;&nbsp; Finalmente, Julio Pablaza, director de la corporaci\u00f3n de turismo de Puc\u00f3n, recalc\u00f3 que&nbsp; \u201cel turista no conoce de l\u00edmites, el turista lo que quiere son experiencias y esa experiencia la tiene que encontrar en La Araucan\u00eda, para nosotros poder convertirnos en una comuna emisora que permita llevar a los turistas a dos horas a&nbsp; tener diferentes experiencias y despu\u00e9s regresar a Puc\u00f3n, creo que es el objetivo y todos nos vemos beneficiados\u201d.<\/p>\n\n\n\n<p>&nbsp; \u201cEstamos muy contentos al punto que tenemos planeando realizar una segunda versi\u00f3n, por lo tanto creemos que se ha sembrado algo importante y lo mejor de todo es que todos podamos ganar y aportemos al crecimiento de la regi\u00f3n\u201d, culmin\u00f3 el diputado Schubert.<\/p>\n\n\n\n<figure class=\"wp-block-image size-full\"><img loading=\"lazy\" decoding=\"async\" width=\"1024\" height=\"768\" src=\"https:\/\/temucotelevision.cl\/web\/wp-content\/uploads\/2023\/10\/Mesa-Turismo.jpeg\" alt=\"\" class=\"wp-image-45206\" srcset=\"https:\/\/temucotelevision.cl\/web\/wp-content\/uploads\/2023\/10\/Mesa-Turismo.jpeg 1024w, https:\/\/temucotelevision.cl\/web\/wp-content\/uploads\/2023\/10\/Mesa-Turismo-768x576.jpeg 768w\" sizes=\"auto, (max-width: 1024px) 100vw, 1024px\" \/><\/figure>\n","protected":false},"excerpt":{"rendered":"<div class=\"pvc_clear\"><\/div>\n<p id=\"pvc_stats_45205\" class=\"pvc_stats total_only  \" data-element-id=\"45205\" style=\"\"><i class=\"pvc-stats-icon large\" aria-hidden=\"true\"><svg aria-hidden=\"true\" focusable=\"false\" data-prefix=\"far\" data-icon=\"chart-bar\" role=\"img\" xmlns=\"http:\/\/www.w3.org\/2000\/svg\" viewBox=\"0 0 512 512\" class=\"svg-inline--fa fa-chart-bar fa-w-16 fa-2x\"><path fill=\"currentColor\" d=\"M396.8 352h22.4c6.4 0 12.8-6.4 12.8-12.8V108.8c0-6.4-6.4-12.8-12.8-12.8h-22.4c-6.4 0-12.8 6.4-12.8 12.8v230.4c0 6.4 6.4 12.8 12.8 12.8zm-192 0h22.4c6.4 0 12.8-6.4 12.8-12.8V140.8c0-6.4-6.4-12.8-12.8-12.8h-22.4c-6.4 0-12.8 6.4-12.8 12.8v198.4c0 6.4 6.4 12.8 12.8 12.8zm96 0h22.4c6.4 0 12.8-6.4 12.8-12.8V204.8c0-6.4-6.4-12.8-12.8-12.8h-22.4c-6.4 0-12.8 6.4-12.8 12.8v134.4c0 6.4 6.4 12.8 12.8 12.8zM496 400H48V80c0-8.84-7.16-16-16-16H16C7.16 64 0 71.16 0 80v336c0 17.67 14.33 32 32 32h464c8.84 0 16-7.16 16-16v-16c0-8.84-7.16-16-16-16zm-387.2-48h22.4c6.4 0 12.8-6.4 12.8-12.8v-70.4c0-6.4-6.4-12.8-12.8-12.8h-22.4c-6.4 0-12.8 6.4-12.8 12.8v70.4c0 6.4 6.4 12.8 12.8 12.8z\" class=\"\"><\/path><\/svg><\/i> <img loading=\"lazy\" decoding=\"async\" width=\"16\" height=\"16\" alt=\"Loading\" src=\"https:\/\/temucotelevision.cl\/web\/wp-content\/plugins\/page-views-count\/ajax-loader-2x.gif\" border=0 \/><\/p>\n<div class=\"pvc_clear\"><\/div>\n<p>&nbsp;&nbsp; Con el objetivo de generar un espacio de cooperaci\u00f3n y encuentro entre actores estrat\u00e9gicos del turismo de la zona<\/p>\n","protected":false},"author":1,"featured_media":14498,"comment_status":"open","ping_status":"open","sticky":false,"template":"","format":"standard","meta":{"colormag_page_container_layout":"default_layout","colormag_page_sidebar_layout":"default_layout","footnotes":""},"categories":[15],"tags":[199,94],"class_list":["post-45205","post","type-post","status-publish","format-standard","has-post-thumbnail","hentry","category-la-araucania","tag-comunas","tag-turismo"],"a3_pvc":{"activated":true,"total_views":1484,"today_views":0},"_links":{"self":[{"href":"https:\/\/temucotelevision.cl\/web\/wp-json\/wp\/v2\/posts\/45205","targetHints":{"allow":["GET"]}}],"collection":[{"href":"https:\/\/temucotelevision.cl\/web\/wp-json\/wp\/v2\/posts"}],"about":[{"href":"https:\/\/temucotelevision.cl\/web\/wp-json\/wp\/v2\/types\/post"}],"author":[{"embeddable":true,"href":"https:\/\/temucotelevision.cl\/web\/wp-json\/wp\/v2\/users\/1"}],"replies":[{"embeddable":true,"href":"https:\/\/temucotelevision.cl\/web\/wp-json\/wp\/v2\/comments?post=45205"}],"version-history":[{"count":1,"href":"https:\/\/temucotelevision.cl\/web\/wp-json\/wp\/v2\/posts\/45205\/revisions"}],"predecessor-version":[{"id":45207,"href":"https:\/\/temucotelevision.cl\/web\/wp-json\/wp\/v2\/posts\/45205\/revisions\/45207"}],"wp:featuredmedia":[{"embeddable":true,"href":"https:\/\/temucotelevision.cl\/web\/wp-json\/wp\/v2\/media\/14498"}],"wp:attachment":[{"href":"https:\/\/temucotelevision.cl\/web\/wp-json\/wp\/v2\/media?parent=45205"}],"wp:term":[{"taxonomy":"category","embeddable":true,"href":"https:\/\/temucotelevision.cl\/web\/wp-json\/wp\/v2\/categories?post=45205"},{"taxonomy":"post_tag","embeddable":true,"href":"https:\/\/temucotelevision.cl\/web\/wp-json\/wp\/v2\/tags?post=45205"}],"curies":[{"name":"wp","href":"https:\/\/api.w.org\/{rel}","templated":true}]}}