{"id":45203,"date":"2023-10-07T22:30:10","date_gmt":"2023-10-08T01:30:10","guid":{"rendered":"https:\/\/temucotelevision.cl\/web\/?p=45203"},"modified":"2023-10-07T22:30:11","modified_gmt":"2023-10-08T01:30:11","slug":"grupo-interparlamentario-de-amistad-chile-israel-condena-despiadado-ataque-a-gran-escala-de-grupos-terroristas-contra-israel-y-llaman-al-gobierno-y-la-comunidad-internacional-a-rechazar-energicamente","status":"publish","type":"post","link":"https:\/\/temucotelevision.cl\/web\/2023\/10\/07\/grupo-interparlamentario-de-amistad-chile-israel-condena-despiadado-ataque-a-gran-escala-de-grupos-terroristas-contra-israel-y-llaman-al-gobierno-y-la-comunidad-internacional-a-rechazar-energicamente\/","title":{"rendered":"Grupo Interparlamentario de Amistad Chile-Israel condena despiadado ataque a gran escala de grupos terroristas contra Israel y llaman al gobierno y la comunidad internacional a rechazar en\u00e9rgicamente esta agresi\u00f3n"},"content":{"rendered":"<div class=\"pvc_clear\"><\/div><p id=\"pvc_stats_45203\" class=\"pvc_stats total_only  \" data-element-id=\"45203\" style=\"\"><i class=\"pvc-stats-icon large\" aria-hidden=\"true\"><svg aria-hidden=\"true\" focusable=\"false\" data-prefix=\"far\" data-icon=\"chart-bar\" role=\"img\" xmlns=\"http:\/\/www.w3.org\/2000\/svg\" viewBox=\"0 0 512 512\" class=\"svg-inline--fa fa-chart-bar fa-w-16 fa-2x\"><path fill=\"currentColor\" d=\"M396.8 352h22.4c6.4 0 12.8-6.4 12.8-12.8V108.8c0-6.4-6.4-12.8-12.8-12.8h-22.4c-6.4 0-12.8 6.4-12.8 12.8v230.4c0 6.4 6.4 12.8 12.8 12.8zm-192 0h22.4c6.4 0 12.8-6.4 12.8-12.8V140.8c0-6.4-6.4-12.8-12.8-12.8h-22.4c-6.4 0-12.8 6.4-12.8 12.8v198.4c0 6.4 6.4 12.8 12.8 12.8zm96 0h22.4c6.4 0 12.8-6.4 12.8-12.8V204.8c0-6.4-6.4-12.8-12.8-12.8h-22.4c-6.4 0-12.8 6.4-12.8 12.8v134.4c0 6.4 6.4 12.8 12.8 12.8zM496 400H48V80c0-8.84-7.16-16-16-16H16C7.16 64 0 71.16 0 80v336c0 17.67 14.33 32 32 32h464c8.84 0 16-7.16 16-16v-16c0-8.84-7.16-16-16-16zm-387.2-48h22.4c6.4 0 12.8-6.4 12.8-12.8v-70.4c0-6.4-6.4-12.8-12.8-12.8h-22.4c-6.4 0-12.8 6.4-12.8 12.8v70.4c0 6.4 6.4 12.8 12.8 12.8z\" class=\"\"><\/path><\/svg><\/i> <img loading=\"lazy\" decoding=\"async\" width=\"16\" height=\"16\" alt=\"Loading\" src=\"https:\/\/temucotelevision.cl\/web\/wp-content\/plugins\/page-views-count\/ajax-loader-2x.gif\" border=0 \/><\/p><div class=\"pvc_clear\"><\/div>\n<p>\u2022 Senadores y Diputados que son parte de esta instancia en el Congreso, solidarizaron con Israel, tras conocerse que la ofensiva terrorista registrada esta ma\u00f1ana ha dejado decenas de muertos y centenares de heridos.<\/p>\n\n\n\n<p>Una fuerte condena expres\u00f3 el Grupo Interparlamentario de Amistad Chile-Israel, ante el ataque a gran escala al que se ha visto enfrentado este pa\u00eds durante la ma\u00f1ana de este s\u00e1bado, perpetrado por el grupo terrorista Ham\u00e1s en la zona de la Franja de Gaza.<\/p>\n\n\n\n<p>El atentado ha incluido el lanzamiento de miles de misiles y el ataque por tierra de milicias de esa organizaci\u00f3n terrorista, que le ha costado la vida a decenas de israel\u00edes, ha dejado herido a centenares de personas, y que ha incluido el secuestro de civiles.<\/p>\n\n\n\n<p>Los senadores y diputados integrantes del Grupo Interparlamentario Chile-Israel condenaron con fuerza este atentado a gran escala y llamaron al gobierno de Chile a rechazar con fuerza lo ocurrido, \u201cya que se trata de una agresi\u00f3n despiadada que pone en riesgo la estabilidad internacional\u201d.<\/p>\n\n\n\n<p>Desde la instancia agregaron que \u201ceste episodio confirma que la amenaza terrorista internacional contin\u00faa vigente, poniendo en riesgo la paz mundial y la convivencia en esa zona del planeta\u201d. Asimismo, solidarizaron con el pueblo de Israel y con las familias de las v\u00edctimas y heridos \u201cante estos indiscriminados hechos de violencia&#8221;.<\/p>\n\n\n\n<p>\u201cNadie en Chile ni a nivel internacional puede quedar indiferente ante este ataque terrorista, donde se ha visto gravemente afectada la poblaci\u00f3n civil con incesantes ataques armados v\u00eda a\u00e9rea y terrestre\u201d, afirm\u00f3 el Grupo Interparlamentario.<\/p>\n\n\n\n<p>\u201cEsperamos que estos ataques se detengan y la situaci\u00f3n no escale, por la magnitud de lo sucedido y los efectos que puede tener para la estabilidad en esa zona del planeta y a nivel mundial\u201d, puntualizaron desde la instancia parlamentaria.<\/p>\n","protected":false},"excerpt":{"rendered":"<div class=\"pvc_clear\"><\/div>\n<p id=\"pvc_stats_45203\" class=\"pvc_stats total_only  \" data-element-id=\"45203\" style=\"\"><i class=\"pvc-stats-icon large\" aria-hidden=\"true\"><svg aria-hidden=\"true\" focusable=\"false\" data-prefix=\"far\" data-icon=\"chart-bar\" role=\"img\" xmlns=\"http:\/\/www.w3.org\/2000\/svg\" viewBox=\"0 0 512 512\" class=\"svg-inline--fa fa-chart-bar fa-w-16 fa-2x\"><path fill=\"currentColor\" d=\"M396.8 352h22.4c6.4 0 12.8-6.4 12.8-12.8V108.8c0-6.4-6.4-12.8-12.8-12.8h-22.4c-6.4 0-12.8 6.4-12.8 12.8v230.4c0 6.4 6.4 12.8 12.8 12.8zm-192 0h22.4c6.4 0 12.8-6.4 12.8-12.8V140.8c0-6.4-6.4-12.8-12.8-12.8h-22.4c-6.4 0-12.8 6.4-12.8 12.8v198.4c0 6.4 6.4 12.8 12.8 12.8zm96 0h22.4c6.4 0 12.8-6.4 12.8-12.8V204.8c0-6.4-6.4-12.8-12.8-12.8h-22.4c-6.4 0-12.8 6.4-12.8 12.8v134.4c0 6.4 6.4 12.8 12.8 12.8zM496 400H48V80c0-8.84-7.16-16-16-16H16C7.16 64 0 71.16 0 80v336c0 17.67 14.33 32 32 32h464c8.84 0 16-7.16 16-16v-16c0-8.84-7.16-16-16-16zm-387.2-48h22.4c6.4 0 12.8-6.4 12.8-12.8v-70.4c0-6.4-6.4-12.8-12.8-12.8h-22.4c-6.4 0-12.8 6.4-12.8 12.8v70.4c0 6.4 6.4 12.8 12.8 12.8z\" class=\"\"><\/path><\/svg><\/i> <img loading=\"lazy\" decoding=\"async\" width=\"16\" height=\"16\" alt=\"Loading\" src=\"https:\/\/temucotelevision.cl\/web\/wp-content\/plugins\/page-views-count\/ajax-loader-2x.gif\" border=0 \/><\/p>\n<div class=\"pvc_clear\"><\/div>\n<p>\u2022 Senadores y Diputados que son parte de esta instancia en el Congreso, solidarizaron con Israel, tras conocerse que la<\/p>\n","protected":false},"author":1,"featured_media":37661,"comment_status":"open","ping_status":"open","sticky":false,"template":"","format":"standard","meta":{"colormag_page_container_layout":"default_layout","colormag_page_sidebar_layout":"default_layout","footnotes":""},"categories":[18,84],"tags":[349,4552,2065],"class_list":["post-45203","post","type-post","status-publish","format-standard","has-post-thumbnail","hentry","category-nacional","category-politica","tag-ataque","tag-israel","tag-senadora"],"a3_pvc":{"activated":true,"total_views":870,"today_views":1},"_links":{"self":[{"href":"https:\/\/temucotelevision.cl\/web\/wp-json\/wp\/v2\/posts\/45203","targetHints":{"allow":["GET"]}}],"collection":[{"href":"https:\/\/temucotelevision.cl\/web\/wp-json\/wp\/v2\/posts"}],"about":[{"href":"https:\/\/temucotelevision.cl\/web\/wp-json\/wp\/v2\/types\/post"}],"author":[{"embeddable":true,"href":"https:\/\/temucotelevision.cl\/web\/wp-json\/wp\/v2\/users\/1"}],"replies":[{"embeddable":true,"href":"https:\/\/temucotelevision.cl\/web\/wp-json\/wp\/v2\/comments?post=45203"}],"version-history":[{"count":1,"href":"https:\/\/temucotelevision.cl\/web\/wp-json\/wp\/v2\/posts\/45203\/revisions"}],"predecessor-version":[{"id":45204,"href":"https:\/\/temucotelevision.cl\/web\/wp-json\/wp\/v2\/posts\/45203\/revisions\/45204"}],"wp:featuredmedia":[{"embeddable":true,"href":"https:\/\/temucotelevision.cl\/web\/wp-json\/wp\/v2\/media\/37661"}],"wp:attachment":[{"href":"https:\/\/temucotelevision.cl\/web\/wp-json\/wp\/v2\/media?parent=45203"}],"wp:term":[{"taxonomy":"category","embeddable":true,"href":"https:\/\/temucotelevision.cl\/web\/wp-json\/wp\/v2\/categories?post=45203"},{"taxonomy":"post_tag","embeddable":true,"href":"https:\/\/temucotelevision.cl\/web\/wp-json\/wp\/v2\/tags?post=45203"}],"curies":[{"name":"wp","href":"https:\/\/api.w.org\/{rel}","templated":true}]}}