{"id":45200,"date":"2023-10-07T22:19:18","date_gmt":"2023-10-08T01:19:18","guid":{"rendered":"https:\/\/temucotelevision.cl\/web\/?p=45200"},"modified":"2023-10-07T22:19:18","modified_gmt":"2023-10-08T01:19:18","slug":"serviu-habilita-semaforos-y-detectores-vehiculares-en-la-principal-avenida-de-angol","status":"publish","type":"post","link":"https:\/\/temucotelevision.cl\/web\/2023\/10\/07\/serviu-habilita-semaforos-y-detectores-vehiculares-en-la-principal-avenida-de-angol\/","title":{"rendered":"Serviu habilita sem\u00e1foros y detectores vehiculares en la principal avenida de Angol"},"content":{"rendered":"<div class=\"pvc_clear\"><\/div><p id=\"pvc_stats_45200\" class=\"pvc_stats total_only  \" data-element-id=\"45200\" style=\"\"><i class=\"pvc-stats-icon large\" aria-hidden=\"true\"><svg aria-hidden=\"true\" focusable=\"false\" data-prefix=\"far\" data-icon=\"chart-bar\" role=\"img\" xmlns=\"http:\/\/www.w3.org\/2000\/svg\" viewBox=\"0 0 512 512\" class=\"svg-inline--fa fa-chart-bar fa-w-16 fa-2x\"><path fill=\"currentColor\" d=\"M396.8 352h22.4c6.4 0 12.8-6.4 12.8-12.8V108.8c0-6.4-6.4-12.8-12.8-12.8h-22.4c-6.4 0-12.8 6.4-12.8 12.8v230.4c0 6.4 6.4 12.8 12.8 12.8zm-192 0h22.4c6.4 0 12.8-6.4 12.8-12.8V140.8c0-6.4-6.4-12.8-12.8-12.8h-22.4c-6.4 0-12.8 6.4-12.8 12.8v198.4c0 6.4 6.4 12.8 12.8 12.8zm96 0h22.4c6.4 0 12.8-6.4 12.8-12.8V204.8c0-6.4-6.4-12.8-12.8-12.8h-22.4c-6.4 0-12.8 6.4-12.8 12.8v134.4c0 6.4 6.4 12.8 12.8 12.8zM496 400H48V80c0-8.84-7.16-16-16-16H16C7.16 64 0 71.16 0 80v336c0 17.67 14.33 32 32 32h464c8.84 0 16-7.16 16-16v-16c0-8.84-7.16-16-16-16zm-387.2-48h22.4c6.4 0 12.8-6.4 12.8-12.8v-70.4c0-6.4-6.4-12.8-12.8-12.8h-22.4c-6.4 0-12.8 6.4-12.8 12.8v70.4c0 6.4 6.4 12.8 12.8 12.8z\" class=\"\"><\/path><\/svg><\/i> <img loading=\"lazy\" decoding=\"async\" width=\"16\" height=\"16\" alt=\"Loading\" src=\"https:\/\/temucotelevision.cl\/web\/wp-content\/plugins\/page-views-count\/ajax-loader-2x.gif\" border=0 \/><\/p><div class=\"pvc_clear\"><\/div>\n<p>Enmarcado en los trabajos de mejoramiento y remodelaci\u00f3n de la Avenida O\u00b4Higgins Dillman Bullock en la capital de la provincia de Malleco, por parte del Ministerio de Vivienda y Urbanismo, se han realizado distintas obras adicionales, entre ellas, el arreglo de cruces y regularizaci\u00f3n de sem\u00e1foros, este es el caso de la intersecci\u00f3n de la Avenida O\u00b4Higgins y la Calle Las Rosas, seg\u00fan dio cuenta el director de Serviu, Jos\u00e9 Luis Sep\u00falveda.<\/p>\n\n\n\n<p>\u201cEste martes 10 de octubre a las 15:30 horas se habilitar\u00e1n los sem\u00e1foros ubicados en el cruce de la Avenida Bernardo O\u00b4Higgins y calle Las Rosas en Angol, lo que implica mejorar el tr\u00e1nsito vehicular y otorgar seguridad a los ciclistas y peatones, para que puedan movilizarse de manera segura; adem\u00e1s este cruce contar\u00e1 con 2 detectores de veh\u00edculos detenidos, los cuales activan el sem\u00e1foro cuando un veh\u00edculo se posiciona sobre ellos, esto permite optimizar los tiempos de respuesta y no cortar el flujo de manera innecesaria\u201d destac\u00f3 la principal autoridad del Serviu.<\/p>\n\n\n\n<p>Los detectores se encuentran ubicados en pista poniente de calle Las Rosas en direcci\u00f3n hacia el sur, el cual habilita el sem\u00e1foro en verde a favor de calle Las Rosas. Y en la pista central de la Avenida O\u2019Higgins, en direcci\u00f3n al poniente.&nbsp; Permitiendo habilitar el sem\u00e1foro en verde para realizar el viraje hacia la calle Ruhr.<\/p>\n","protected":false},"excerpt":{"rendered":"<div class=\"pvc_clear\"><\/div>\n<p id=\"pvc_stats_45200\" class=\"pvc_stats total_only  \" data-element-id=\"45200\" style=\"\"><i class=\"pvc-stats-icon large\" aria-hidden=\"true\"><svg aria-hidden=\"true\" focusable=\"false\" data-prefix=\"far\" data-icon=\"chart-bar\" role=\"img\" xmlns=\"http:\/\/www.w3.org\/2000\/svg\" viewBox=\"0 0 512 512\" class=\"svg-inline--fa fa-chart-bar fa-w-16 fa-2x\"><path fill=\"currentColor\" d=\"M396.8 352h22.4c6.4 0 12.8-6.4 12.8-12.8V108.8c0-6.4-6.4-12.8-12.8-12.8h-22.4c-6.4 0-12.8 6.4-12.8 12.8v230.4c0 6.4 6.4 12.8 12.8 12.8zm-192 0h22.4c6.4 0 12.8-6.4 12.8-12.8V140.8c0-6.4-6.4-12.8-12.8-12.8h-22.4c-6.4 0-12.8 6.4-12.8 12.8v198.4c0 6.4 6.4 12.8 12.8 12.8zm96 0h22.4c6.4 0 12.8-6.4 12.8-12.8V204.8c0-6.4-6.4-12.8-12.8-12.8h-22.4c-6.4 0-12.8 6.4-12.8 12.8v134.4c0 6.4 6.4 12.8 12.8 12.8zM496 400H48V80c0-8.84-7.16-16-16-16H16C7.16 64 0 71.16 0 80v336c0 17.67 14.33 32 32 32h464c8.84 0 16-7.16 16-16v-16c0-8.84-7.16-16-16-16zm-387.2-48h22.4c6.4 0 12.8-6.4 12.8-12.8v-70.4c0-6.4-6.4-12.8-12.8-12.8h-22.4c-6.4 0-12.8 6.4-12.8 12.8v70.4c0 6.4 6.4 12.8 12.8 12.8z\" class=\"\"><\/path><\/svg><\/i> <img loading=\"lazy\" decoding=\"async\" width=\"16\" height=\"16\" alt=\"Loading\" src=\"https:\/\/temucotelevision.cl\/web\/wp-content\/plugins\/page-views-count\/ajax-loader-2x.gif\" border=0 \/><\/p>\n<div class=\"pvc_clear\"><\/div>\n<p>Enmarcado en los trabajos de mejoramiento y remodelaci\u00f3n de la Avenida O\u00b4Higgins Dillman Bullock en la capital de la provincia<\/p>\n","protected":false},"author":1,"featured_media":45201,"comment_status":"open","ping_status":"open","sticky":false,"template":"","format":"standard","meta":{"colormag_page_container_layout":"default_layout","colormag_page_sidebar_layout":"default_layout","footnotes":""},"categories":[15],"tags":[559,305],"class_list":["post-45200","post","type-post","status-publish","format-standard","has-post-thumbnail","hentry","category-la-araucania","tag-angol","tag-avenida"],"a3_pvc":{"activated":true,"total_views":1082,"today_views":0},"_links":{"self":[{"href":"https:\/\/temucotelevision.cl\/web\/wp-json\/wp\/v2\/posts\/45200","targetHints":{"allow":["GET"]}}],"collection":[{"href":"https:\/\/temucotelevision.cl\/web\/wp-json\/wp\/v2\/posts"}],"about":[{"href":"https:\/\/temucotelevision.cl\/web\/wp-json\/wp\/v2\/types\/post"}],"author":[{"embeddable":true,"href":"https:\/\/temucotelevision.cl\/web\/wp-json\/wp\/v2\/users\/1"}],"replies":[{"embeddable":true,"href":"https:\/\/temucotelevision.cl\/web\/wp-json\/wp\/v2\/comments?post=45200"}],"version-history":[{"count":1,"href":"https:\/\/temucotelevision.cl\/web\/wp-json\/wp\/v2\/posts\/45200\/revisions"}],"predecessor-version":[{"id":45202,"href":"https:\/\/temucotelevision.cl\/web\/wp-json\/wp\/v2\/posts\/45200\/revisions\/45202"}],"wp:featuredmedia":[{"embeddable":true,"href":"https:\/\/temucotelevision.cl\/web\/wp-json\/wp\/v2\/media\/45201"}],"wp:attachment":[{"href":"https:\/\/temucotelevision.cl\/web\/wp-json\/wp\/v2\/media?parent=45200"}],"wp:term":[{"taxonomy":"category","embeddable":true,"href":"https:\/\/temucotelevision.cl\/web\/wp-json\/wp\/v2\/categories?post=45200"},{"taxonomy":"post_tag","embeddable":true,"href":"https:\/\/temucotelevision.cl\/web\/wp-json\/wp\/v2\/tags?post=45200"}],"curies":[{"name":"wp","href":"https:\/\/api.w.org\/{rel}","templated":true}]}}