{"id":4515,"date":"2019-06-28T09:25:00","date_gmt":"2019-06-28T12:25:00","guid":{"rendered":"https:\/\/temucotelevision.cl\/web\/?p=4515"},"modified":"2019-06-28T09:25:00","modified_gmt":"2019-06-28T12:25:00","slug":"onemi-declara-alerta-amarilla-para-cautin-comunas-de-lonquimay-curacautin-y-puren","status":"publish","type":"post","link":"https:\/\/temucotelevision.cl\/web\/2019\/06\/28\/onemi-declara-alerta-amarilla-para-cautin-comunas-de-lonquimay-curacautin-y-puren\/","title":{"rendered":"Onemi declara Alerta Amarilla para Caut\u00edn, comunas de Lonquimay, Curacaut\u00edn y Pur\u00e9n"},"content":{"rendered":"<div class=\"pvc_clear\"><\/div>\n<p id=\"pvc_stats_4515\" class=\"pvc_stats total_only  \" data-element-id=\"4515\" style=\"\"><i class=\"pvc-stats-icon large\" aria-hidden=\"true\"><svg aria-hidden=\"true\" focusable=\"false\" data-prefix=\"far\" data-icon=\"chart-bar\" role=\"img\" xmlns=\"http:\/\/www.w3.org\/2000\/svg\" viewBox=\"0 0 512 512\" class=\"svg-inline--fa fa-chart-bar fa-w-16 fa-2x\"><path fill=\"currentColor\" d=\"M396.8 352h22.4c6.4 0 12.8-6.4 12.8-12.8V108.8c0-6.4-6.4-12.8-12.8-12.8h-22.4c-6.4 0-12.8 6.4-12.8 12.8v230.4c0 6.4 6.4 12.8 12.8 12.8zm-192 0h22.4c6.4 0 12.8-6.4 12.8-12.8V140.8c0-6.4-6.4-12.8-12.8-12.8h-22.4c-6.4 0-12.8 6.4-12.8 12.8v198.4c0 6.4 6.4 12.8 12.8 12.8zm96 0h22.4c6.4 0 12.8-6.4 12.8-12.8V204.8c0-6.4-6.4-12.8-12.8-12.8h-22.4c-6.4 0-12.8 6.4-12.8 12.8v134.4c0 6.4 6.4 12.8 12.8 12.8zM496 400H48V80c0-8.84-7.16-16-16-16H16C7.16 64 0 71.16 0 80v336c0 17.67 14.33 32 32 32h464c8.84 0 16-7.16 16-16v-16c0-8.84-7.16-16-16-16zm-387.2-48h22.4c6.4 0 12.8-6.4 12.8-12.8v-70.4c0-6.4-6.4-12.8-12.8-12.8h-22.4c-6.4 0-12.8 6.4-12.8 12.8v70.4c0 6.4 6.4 12.8 12.8 12.8z\" class=\"\"><\/path><\/svg><\/i> <img loading=\"lazy\" decoding=\"async\" width=\"16\" height=\"16\" alt=\"Loading\" src=\"https:\/\/temucotelevision.cl\/web\/wp-content\/plugins\/page-views-count\/ajax-loader-2x.gif\" border=0 \/><\/p>\n<div class=\"pvc_clear\"><\/div>\n<p style=\"text-align: justify;\">De acuerdo con la informaci\u00f3n proporcionada por la Direcci\u00f3n Meteorol\u00f3gica de Chile (DMC), mediante la actualizaci\u00f3n de su Alerta Meteorol\u00f3gica, emitida durante la presente jornada, se esperan nevadas moderadas a fuertes en precordillera y cordillera de la Regi\u00f3n de La Araucan\u00eda. Adicionalmente, en el Pron\u00f3stico Publico del d\u00eda de hoy, se informa de precipitaciones e isoterma seg\u00fan el siguiente detalle:<\/p>\n<p style=\"text-align: justify;\">Los montos de precipitaci\u00f3n (mm) y nevadas (cm), son las siguientes:<\/p>\n<p style=\"text-align: justify;\">Zona<\/p>\n<p style=\"text-align: justify;\">Jueves 27<\/p>\n<p style=\"text-align: justify;\">Viernes 28<\/p>\n<p style=\"text-align: justify;\">Costa<\/p>\n<p style=\"text-align: justify;\">Entre 10 y 20 mm<\/p>\n<p style=\"text-align: justify;\">&#8211;<\/p>\n<p style=\"text-align: justify;\">Valle<\/p>\n<p style=\"text-align: justify;\">Entre 15 y 25 mm<\/p>\n<p style=\"text-align: justify;\">Entre 1 y 5 mm<\/p>\n<p style=\"text-align: justify;\">Precordillera<\/p>\n<p style=\"text-align: justify;\">Entre 60 y 80 cm<\/p>\n<p style=\"text-align: justify;\">Entre 5 y 15 cm<\/p>\n<p style=\"text-align: justify;\">Cordillera<\/p>\n<p style=\"text-align: justify;\">Entre 50 y 70 cm<\/p>\n<p style=\"text-align: justify;\">Entre 5 y 15 cm<\/p>\n<p style=\"text-align: justify;\">En tanto, la altura de la isoterma 0\u00b0C (m.s.n.m.) es la siguiente:<\/p>\n<p style=\"text-align: justify;\">Jueves 27<\/p>\n<p style=\"text-align: justify;\">Viernes 28<\/p>\n<p style=\"text-align: justify;\">Entre 1.400 \u2013 1.600 y 1.400<\/p>\n<p style=\"text-align: justify;\">Entre 1.400 \u2013 1.500 y 1.300<\/p>\n<p style=\"text-align: justify;\">Por otro lado, en la Provincia de Caut\u00edn se han registrado anegamientos en viviendas y cortes de caminos producto de la acumulaci\u00f3n de agua en los sectores rurales, provocando socavones en diversas rutas y desbordes de canales. Asimismo, en las rutas cordilleranas se han producido deslizamientos que mantienen aisladas a las localidades, impidiendo el acceso a los veh\u00edculos de emergencia y al transporte p\u00fablico.<\/p>\n<p style=\"text-align: justify;\">Se registran inundaciones de praderas en los sectores de Boyeco, Tranam\u00e1n, La Isla y Chacayal, comuna de Pur\u00e9n, Provincia de Malleco. Adem\u00e1s, las familias afectadas debido al desborde del R\u00edo Pur\u00e9n, permanecen en sus viviendas sin conectividad.<\/p>\n<p style=\"text-align: justify;\">En las comunas cordilleranas de Curacaut\u00edn y Lonquimay, Provincia de Malleco, contin\u00faan diversos sectores aislados producto de la acumulaci\u00f3n de nieve, manteniendo los pasos internacionales Pino Hachado e Icalma cerrados, permaneciendo en el sector de Liucura m\u00e1s de 100 camiones estacionados en la berma de la Ruta CH-181 y otros tantos veh\u00edculos situados en la medialuna de la comuna de Curacaut\u00edn, a la espera de abertura de los pasos.<\/p>\n<p style=\"text-align: justify;\">En consideraci\u00f3n a estos antecedentes, la Intendencia de la Regi\u00f3n de La Araucan\u00eda, en base a la informaci\u00f3n t\u00e9cnica proporcionada por la Direcci\u00f3n Meteorol\u00f3gica de Chile y en coordinaci\u00f3n con la Direcci\u00f3n Regional de ONEMI, declara Alerta Amarilla para la Provincia de Caut\u00edn y las comunas de Lonquimay, Curacaut\u00edn y Pur\u00e9n, por sistema frontal, vigente a contar de hoy y hasta que las condiciones as\u00ed lo ameriten.<\/p>\n<p style=\"text-align: justify;\">Con la declaraci\u00f3n de la Alerta Amarilla, se alistar\u00e1n escalonadamente los recursos necesarios para intervenir de acuerdo a la evoluci\u00f3n del evento, con el objeto de evitar que \u00e9ste crezca en extensi\u00f3n y severidad, minimizando los efectos negativos en las personas, sus bienes y el medio ambiente.<\/p>\n<p style=\"text-align: justify;\">Cabe se\u00f1alar, que se mantiene la Alerta Temprana Preventiva para el resto de la regi\u00f3n.<\/p>\n","protected":false},"excerpt":{"rendered":"<div class=\"pvc_clear\"><\/div>\n<p id=\"pvc_stats_4515\" class=\"pvc_stats total_only  \" data-element-id=\"4515\" style=\"\"><i class=\"pvc-stats-icon large\" aria-hidden=\"true\"><svg aria-hidden=\"true\" focusable=\"false\" data-prefix=\"far\" data-icon=\"chart-bar\" role=\"img\" xmlns=\"http:\/\/www.w3.org\/2000\/svg\" viewBox=\"0 0 512 512\" class=\"svg-inline--fa fa-chart-bar fa-w-16 fa-2x\"><path fill=\"currentColor\" d=\"M396.8 352h22.4c6.4 0 12.8-6.4 12.8-12.8V108.8c0-6.4-6.4-12.8-12.8-12.8h-22.4c-6.4 0-12.8 6.4-12.8 12.8v230.4c0 6.4 6.4 12.8 12.8 12.8zm-192 0h22.4c6.4 0 12.8-6.4 12.8-12.8V140.8c0-6.4-6.4-12.8-12.8-12.8h-22.4c-6.4 0-12.8 6.4-12.8 12.8v198.4c0 6.4 6.4 12.8 12.8 12.8zm96 0h22.4c6.4 0 12.8-6.4 12.8-12.8V204.8c0-6.4-6.4-12.8-12.8-12.8h-22.4c-6.4 0-12.8 6.4-12.8 12.8v134.4c0 6.4 6.4 12.8 12.8 12.8zM496 400H48V80c0-8.84-7.16-16-16-16H16C7.16 64 0 71.16 0 80v336c0 17.67 14.33 32 32 32h464c8.84 0 16-7.16 16-16v-16c0-8.84-7.16-16-16-16zm-387.2-48h22.4c6.4 0 12.8-6.4 12.8-12.8v-70.4c0-6.4-6.4-12.8-12.8-12.8h-22.4c-6.4 0-12.8 6.4-12.8 12.8v70.4c0 6.4 6.4 12.8 12.8 12.8z\" class=\"\"><\/path><\/svg><\/i> <img loading=\"lazy\" decoding=\"async\" width=\"16\" height=\"16\" alt=\"Loading\" src=\"https:\/\/temucotelevision.cl\/web\/wp-content\/plugins\/page-views-count\/ajax-loader-2x.gif\" border=0 \/><\/p>\n<div class=\"pvc_clear\"><\/div>\n<p>De acuerdo con la informaci\u00f3n proporcionada por la Direcci\u00f3n Meteorol\u00f3gica de Chile (DMC), mediante la actualizaci\u00f3n de su Alerta Meteorol\u00f3gica,<\/p>\n","protected":false},"author":1,"featured_media":4516,"comment_status":"open","ping_status":"open","sticky":false,"template":"","format":"standard","meta":{"colormag_page_container_layout":"default_layout","colormag_page_sidebar_layout":"default_layout","footnotes":""},"categories":[15],"tags":[1545,199,1336,292],"class_list":["post-4515","post","type-post","status-publish","format-standard","has-post-thumbnail","hentry","category-la-araucania","tag-clima","tag-comunas","tag-lluvias","tag-onemi"],"a3_pvc":{"activated":true,"total_views":66,"today_views":0},"_links":{"self":[{"href":"https:\/\/temucotelevision.cl\/web\/wp-json\/wp\/v2\/posts\/4515","targetHints":{"allow":["GET"]}}],"collection":[{"href":"https:\/\/temucotelevision.cl\/web\/wp-json\/wp\/v2\/posts"}],"about":[{"href":"https:\/\/temucotelevision.cl\/web\/wp-json\/wp\/v2\/types\/post"}],"author":[{"embeddable":true,"href":"https:\/\/temucotelevision.cl\/web\/wp-json\/wp\/v2\/users\/1"}],"replies":[{"embeddable":true,"href":"https:\/\/temucotelevision.cl\/web\/wp-json\/wp\/v2\/comments?post=4515"}],"version-history":[{"count":1,"href":"https:\/\/temucotelevision.cl\/web\/wp-json\/wp\/v2\/posts\/4515\/revisions"}],"predecessor-version":[{"id":4517,"href":"https:\/\/temucotelevision.cl\/web\/wp-json\/wp\/v2\/posts\/4515\/revisions\/4517"}],"wp:featuredmedia":[{"embeddable":true,"href":"https:\/\/temucotelevision.cl\/web\/wp-json\/wp\/v2\/media\/4516"}],"wp:attachment":[{"href":"https:\/\/temucotelevision.cl\/web\/wp-json\/wp\/v2\/media?parent=4515"}],"wp:term":[{"taxonomy":"category","embeddable":true,"href":"https:\/\/temucotelevision.cl\/web\/wp-json\/wp\/v2\/categories?post=4515"},{"taxonomy":"post_tag","embeddable":true,"href":"https:\/\/temucotelevision.cl\/web\/wp-json\/wp\/v2\/tags?post=4515"}],"curies":[{"name":"wp","href":"https:\/\/api.w.org\/{rel}","templated":true}]}}