{"id":4507,"date":"2019-06-27T18:56:17","date_gmt":"2019-06-27T21:56:17","guid":{"rendered":"https:\/\/temucotelevision.cl\/web\/?p=4507"},"modified":"2019-06-27T19:01:04","modified_gmt":"2019-06-27T22:01:04","slug":"victimas-de-atentados-en-la-araucania-marcharon-y-acusan-que-gobierno-les-dio-la-espalda","status":"publish","type":"post","link":"https:\/\/temucotelevision.cl\/web\/2019\/06\/27\/victimas-de-atentados-en-la-araucania-marcharon-y-acusan-que-gobierno-les-dio-la-espalda\/","title":{"rendered":"V\u00edctimas de atentados en La Araucan\u00eda marcharon y acusan que gobierno les di\u00f3 la espalda"},"content":{"rendered":"<div class=\"pvc_clear\"><\/div>\n<p id=\"pvc_stats_4507\" class=\"pvc_stats total_only  \" data-element-id=\"4507\" style=\"\"><i class=\"pvc-stats-icon large\" aria-hidden=\"true\"><svg aria-hidden=\"true\" focusable=\"false\" data-prefix=\"far\" data-icon=\"chart-bar\" role=\"img\" xmlns=\"http:\/\/www.w3.org\/2000\/svg\" viewBox=\"0 0 512 512\" class=\"svg-inline--fa fa-chart-bar fa-w-16 fa-2x\"><path fill=\"currentColor\" d=\"M396.8 352h22.4c6.4 0 12.8-6.4 12.8-12.8V108.8c0-6.4-6.4-12.8-12.8-12.8h-22.4c-6.4 0-12.8 6.4-12.8 12.8v230.4c0 6.4 6.4 12.8 12.8 12.8zm-192 0h22.4c6.4 0 12.8-6.4 12.8-12.8V140.8c0-6.4-6.4-12.8-12.8-12.8h-22.4c-6.4 0-12.8 6.4-12.8 12.8v198.4c0 6.4 6.4 12.8 12.8 12.8zm96 0h22.4c6.4 0 12.8-6.4 12.8-12.8V204.8c0-6.4-6.4-12.8-12.8-12.8h-22.4c-6.4 0-12.8 6.4-12.8 12.8v134.4c0 6.4 6.4 12.8 12.8 12.8zM496 400H48V80c0-8.84-7.16-16-16-16H16C7.16 64 0 71.16 0 80v336c0 17.67 14.33 32 32 32h464c8.84 0 16-7.16 16-16v-16c0-8.84-7.16-16-16-16zm-387.2-48h22.4c6.4 0 12.8-6.4 12.8-12.8v-70.4c0-6.4-6.4-12.8-12.8-12.8h-22.4c-6.4 0-12.8 6.4-12.8 12.8v70.4c0 6.4 6.4 12.8 12.8 12.8z\" class=\"\"><\/path><\/svg><\/i> <img loading=\"lazy\" decoding=\"async\" width=\"16\" height=\"16\" alt=\"Loading\" src=\"https:\/\/temucotelevision.cl\/web\/wp-content\/plugins\/page-views-count\/ajax-loader-2x.gif\" border=0 \/><\/p>\n<div class=\"pvc_clear\"><\/div>\n<p style=\"text-align: justify;\">Este medio d\u00eda marcharon por la calles de Temuco, las v\u00edctimas que han sufrido diversos ataques e sus predios y maquinaria agr\u00edcola, en la que se\u00f1alaron el gobierno les ha dado la espalda anunciando mas movilizaciones en la regi\u00f3n.<\/p>\n<p style=\"text-align: justify;\">Durante la manifestaci\u00f3n exhibieron por el centro de la ciudad, sus camiones y maquinaria incendiadas tras diversos atentados sufridos.<\/p>\n<p style=\"text-align: justify;\">En la oportunidad fueron agricultores de varias comunas que llegaron hasta la plaza Anibal Pinto manifest\u00e1ndose e indicando que que el gobierno ha tenido una nula acci\u00f3n en los hechos de violencia, sin ning\u00fan tipo de resultados que entreguen la seguridad en sus hogares.<\/p>\n<p><img loading=\"lazy\" decoding=\"async\" class=\"size-full wp-image-4510 aligncenter\" src=\"https:\/\/temucotelevision.cl\/web\/wp-content\/uploads\/2019\/06\/Victimas3.jpg\" alt=\"\" width=\"1024\" height=\"768\" srcset=\"https:\/\/temucotelevision.cl\/web\/wp-content\/uploads\/2019\/06\/Victimas3.jpg 1024w, https:\/\/temucotelevision.cl\/web\/wp-content\/uploads\/2019\/06\/Victimas3-768x576.jpg 768w\" sizes=\"auto, (max-width: 1024px) 100vw, 1024px\" \/><\/p>\n<p><img loading=\"lazy\" decoding=\"async\" class=\"size-full wp-image-4512 aligncenter\" src=\"https:\/\/temucotelevision.cl\/web\/wp-content\/uploads\/2019\/06\/Victimas4.jpg\" alt=\"\" width=\"1280\" height=\"960\" srcset=\"https:\/\/temucotelevision.cl\/web\/wp-content\/uploads\/2019\/06\/Victimas4.jpg 1280w, https:\/\/temucotelevision.cl\/web\/wp-content\/uploads\/2019\/06\/Victimas4-768x576.jpg 768w, https:\/\/temucotelevision.cl\/web\/wp-content\/uploads\/2019\/06\/Victimas4-1024x768.jpg 1024w\" sizes=\"auto, (max-width: 1280px) 100vw, 1280px\" \/><\/p>\n<p><img loading=\"lazy\" decoding=\"async\" class=\"size-full wp-image-4513 aligncenter\" src=\"https:\/\/temucotelevision.cl\/web\/wp-content\/uploads\/2019\/06\/Victimas5.jpg\" alt=\"\" width=\"1280\" height=\"960\" srcset=\"https:\/\/temucotelevision.cl\/web\/wp-content\/uploads\/2019\/06\/Victimas5.jpg 1280w, https:\/\/temucotelevision.cl\/web\/wp-content\/uploads\/2019\/06\/Victimas5-768x576.jpg 768w, https:\/\/temucotelevision.cl\/web\/wp-content\/uploads\/2019\/06\/Victimas5-1024x768.jpg 1024w\" sizes=\"auto, (max-width: 1280px) 100vw, 1280px\" \/><\/p>\n<p style=\"text-align: justify;\">\n","protected":false},"excerpt":{"rendered":"<div class=\"pvc_clear\"><\/div>\n<p id=\"pvc_stats_4507\" class=\"pvc_stats total_only  \" data-element-id=\"4507\" style=\"\"><i class=\"pvc-stats-icon large\" aria-hidden=\"true\"><svg aria-hidden=\"true\" focusable=\"false\" data-prefix=\"far\" data-icon=\"chart-bar\" role=\"img\" xmlns=\"http:\/\/www.w3.org\/2000\/svg\" viewBox=\"0 0 512 512\" class=\"svg-inline--fa fa-chart-bar fa-w-16 fa-2x\"><path fill=\"currentColor\" d=\"M396.8 352h22.4c6.4 0 12.8-6.4 12.8-12.8V108.8c0-6.4-6.4-12.8-12.8-12.8h-22.4c-6.4 0-12.8 6.4-12.8 12.8v230.4c0 6.4 6.4 12.8 12.8 12.8zm-192 0h22.4c6.4 0 12.8-6.4 12.8-12.8V140.8c0-6.4-6.4-12.8-12.8-12.8h-22.4c-6.4 0-12.8 6.4-12.8 12.8v198.4c0 6.4 6.4 12.8 12.8 12.8zm96 0h22.4c6.4 0 12.8-6.4 12.8-12.8V204.8c0-6.4-6.4-12.8-12.8-12.8h-22.4c-6.4 0-12.8 6.4-12.8 12.8v134.4c0 6.4 6.4 12.8 12.8 12.8zM496 400H48V80c0-8.84-7.16-16-16-16H16C7.16 64 0 71.16 0 80v336c0 17.67 14.33 32 32 32h464c8.84 0 16-7.16 16-16v-16c0-8.84-7.16-16-16-16zm-387.2-48h22.4c6.4 0 12.8-6.4 12.8-12.8v-70.4c0-6.4-6.4-12.8-12.8-12.8h-22.4c-6.4 0-12.8 6.4-12.8 12.8v70.4c0 6.4 6.4 12.8 12.8 12.8z\" class=\"\"><\/path><\/svg><\/i> <img loading=\"lazy\" decoding=\"async\" width=\"16\" height=\"16\" alt=\"Loading\" src=\"https:\/\/temucotelevision.cl\/web\/wp-content\/plugins\/page-views-count\/ajax-loader-2x.gif\" border=0 \/><\/p>\n<div class=\"pvc_clear\"><\/div>\n<p>Este medio d\u00eda marcharon por la calles de Temuco, las v\u00edctimas que han sufrido diversos ataques e sus predios y<\/p>\n","protected":false},"author":1,"featured_media":4508,"comment_status":"open","ping_status":"open","sticky":false,"template":"","format":"standard","meta":{"colormag_page_container_layout":"default_layout","colormag_page_sidebar_layout":"default_layout","footnotes":""},"categories":[15],"tags":[1236,236,645,1405],"class_list":["post-4507","post","type-post","status-publish","format-standard","has-post-thumbnail","hentry","category-la-araucania","tag-ataques","tag-camiones","tag-marcha","tag-victimas"],"a3_pvc":{"activated":true,"total_views":34,"today_views":0},"_links":{"self":[{"href":"https:\/\/temucotelevision.cl\/web\/wp-json\/wp\/v2\/posts\/4507","targetHints":{"allow":["GET"]}}],"collection":[{"href":"https:\/\/temucotelevision.cl\/web\/wp-json\/wp\/v2\/posts"}],"about":[{"href":"https:\/\/temucotelevision.cl\/web\/wp-json\/wp\/v2\/types\/post"}],"author":[{"embeddable":true,"href":"https:\/\/temucotelevision.cl\/web\/wp-json\/wp\/v2\/users\/1"}],"replies":[{"embeddable":true,"href":"https:\/\/temucotelevision.cl\/web\/wp-json\/wp\/v2\/comments?post=4507"}],"version-history":[{"count":3,"href":"https:\/\/temucotelevision.cl\/web\/wp-json\/wp\/v2\/posts\/4507\/revisions"}],"predecessor-version":[{"id":4514,"href":"https:\/\/temucotelevision.cl\/web\/wp-json\/wp\/v2\/posts\/4507\/revisions\/4514"}],"wp:featuredmedia":[{"embeddable":true,"href":"https:\/\/temucotelevision.cl\/web\/wp-json\/wp\/v2\/media\/4508"}],"wp:attachment":[{"href":"https:\/\/temucotelevision.cl\/web\/wp-json\/wp\/v2\/media?parent=4507"}],"wp:term":[{"taxonomy":"category","embeddable":true,"href":"https:\/\/temucotelevision.cl\/web\/wp-json\/wp\/v2\/categories?post=4507"},{"taxonomy":"post_tag","embeddable":true,"href":"https:\/\/temucotelevision.cl\/web\/wp-json\/wp\/v2\/tags?post=4507"}],"curies":[{"name":"wp","href":"https:\/\/api.w.org\/{rel}","templated":true}]}}