{"id":44864,"date":"2023-09-28T10:47:24","date_gmt":"2023-09-28T13:47:24","guid":{"rendered":"https:\/\/temucotelevision.cl\/web\/?p=44864"},"modified":"2023-09-28T10:47:25","modified_gmt":"2023-09-28T13:47:25","slug":"ministerio-de-agricultura-comenzo-la-entrega-de-apoyo-a-los-agricultores-afectados-por-las-inundaciones-en-la-araucania","status":"publish","type":"post","link":"https:\/\/temucotelevision.cl\/web\/2023\/09\/28\/ministerio-de-agricultura-comenzo-la-entrega-de-apoyo-a-los-agricultores-afectados-por-las-inundaciones-en-la-araucania\/","title":{"rendered":"Ministerio de Agricultura comenz\u00f3 la entrega de apoyo a los agricultores afectados por las inundaciones en La Araucan\u00eda"},"content":{"rendered":"<div class=\"pvc_clear\"><\/div><p id=\"pvc_stats_44864\" class=\"pvc_stats total_only  \" data-element-id=\"44864\" style=\"\"><i class=\"pvc-stats-icon large\" aria-hidden=\"true\"><svg aria-hidden=\"true\" focusable=\"false\" data-prefix=\"far\" data-icon=\"chart-bar\" role=\"img\" xmlns=\"http:\/\/www.w3.org\/2000\/svg\" viewBox=\"0 0 512 512\" class=\"svg-inline--fa fa-chart-bar fa-w-16 fa-2x\"><path fill=\"currentColor\" d=\"M396.8 352h22.4c6.4 0 12.8-6.4 12.8-12.8V108.8c0-6.4-6.4-12.8-12.8-12.8h-22.4c-6.4 0-12.8 6.4-12.8 12.8v230.4c0 6.4 6.4 12.8 12.8 12.8zm-192 0h22.4c6.4 0 12.8-6.4 12.8-12.8V140.8c0-6.4-6.4-12.8-12.8-12.8h-22.4c-6.4 0-12.8 6.4-12.8 12.8v198.4c0 6.4 6.4 12.8 12.8 12.8zm96 0h22.4c6.4 0 12.8-6.4 12.8-12.8V204.8c0-6.4-6.4-12.8-12.8-12.8h-22.4c-6.4 0-12.8 6.4-12.8 12.8v134.4c0 6.4 6.4 12.8 12.8 12.8zM496 400H48V80c0-8.84-7.16-16-16-16H16C7.16 64 0 71.16 0 80v336c0 17.67 14.33 32 32 32h464c8.84 0 16-7.16 16-16v-16c0-8.84-7.16-16-16-16zm-387.2-48h22.4c6.4 0 12.8-6.4 12.8-12.8v-70.4c0-6.4-6.4-12.8-12.8-12.8h-22.4c-6.4 0-12.8 6.4-12.8 12.8v70.4c0 6.4 6.4 12.8 12.8 12.8z\" class=\"\"><\/path><\/svg><\/i> <img loading=\"lazy\" decoding=\"async\" width=\"16\" height=\"16\" alt=\"Loading\" src=\"https:\/\/temucotelevision.cl\/web\/wp-content\/plugins\/page-views-count\/ajax-loader-2x.gif\" border=0 \/><\/p><div class=\"pvc_clear\"><\/div>\n<p>En las comunas de Tolt\u00e9n y Teodoro Schmidt fueron 53 los integrantes de la agricultura familiar campesina que recibieron fardos y alimento concentrado para sus animales.&nbsp;<\/p>\n\n\n\n<p>En la zona costera de La Araucan\u00eda se inici\u00f3 la entrega de ayuda a las agricultoras y agricultores que fueron afectados por inundaciones en sus predios, despu\u00e9s de las intensas precitaciones que dejaron hasta 108 mil\u00edmetros de agua en 24 horas, el pasado 15 de septiembre, en un frente de lluvia que se extendi\u00f3 por al menos 3 d\u00edas en la zona.<\/p>\n\n\n\n<p>Debido a este sistema frontal el Ministerio de Agricultura decret\u00f3 estado de emergencia agr\u00edcola en 16 comunas. Por ello hasta Tolt\u00e9n y Teodoro Schmidt, lleg\u00f3 el seremi de Agricultura H\u00e9ctor Cumilaf, donde fueron 53 los integrantes de la agricultura familiar campesina que recibieron fardos y alimento concentrado para sus animales.&nbsp;<\/p>\n\n\n\n<p>\u201cEn la comuna de Tolt\u00e9n y Teodoro Schmidt se inici\u00f3 la entrega de apoyo a las agricultoras y agricultores que fueron afectados por el sistema frontal. Hicimos entrega de nueve fardos y diez sacos de concentrado para cada usuario de INDAP de estas comunas. En lo sucesivo continuaremos haciendo la entrega de apoyo a los agricultores afectados de las 16 comunas, hasta el momento tenemos un catastro de 4.500 agricultores entre usuarios INDAP y no INDAP, damnificados. Por lo tanto, reafirmamos el compromiso que tiene nuestro Gobierno con la agricultura familiar campesina y particularmente con esta demanda sentida de parte de los agricultores afectados en torno a la alimentaci\u00f3n animal\u201d, explic\u00f3 el seremi de Agricultura H\u00e9ctor Cumilaf.<\/p>\n\n\n\n<p><strong>16 comunas<\/strong><\/p>\n\n\n\n<p>Las comunas contempladas en el decreto de emergencia agr\u00edcola son: Ercilla, Curarrehue, Puc\u00f3n, Tolt\u00e9n, Padre Las Casas, Nueva Imperial, Cholchol, Lumaco, Pur\u00e9n, Temuco, Vilc\u00fan, Loncoche, Teodoro Schmidt, Puerto Saavedra, Carahue y Freire.&nbsp; La emergencia agr\u00edcola permite destinar recursos del presupuesto del a\u00f1o en curso para el financiamiento de medidas, como la entrega de forraje para ganado, aves o alimento para abejas. Adem\u00e1s, se dispondr\u00e1 de ayudas directas a trav\u00e9s de los programas de INDAP y tambi\u00e9n apoyos a quienes no son beneficiaros de INDAP, mediante cr\u00e9ditos y otras flexibilidades, junto con facilidades fundamentalmente financieras para la recuperaci\u00f3n del capital de trabajo que se pueda haber perdido en la emergencia.<\/p>\n\n\n\n<p>El sistema frontal que se extendi\u00f3 entre el 14 y 16 de septiembre en La Araucan\u00eda ocasion\u00f3, entre otras situaciones, crecidas de caudales y desbordes de canales, r\u00edos y afluentes; alteraci\u00f3n de conectividad en rutas, p\u00e9rdida de cultivos, inundaci\u00f3n de zonas agr\u00edcolas y ganaderas.&nbsp;<\/p>\n","protected":false},"excerpt":{"rendered":"<div class=\"pvc_clear\"><\/div>\n<p id=\"pvc_stats_44864\" class=\"pvc_stats total_only  \" data-element-id=\"44864\" style=\"\"><i class=\"pvc-stats-icon large\" aria-hidden=\"true\"><svg aria-hidden=\"true\" focusable=\"false\" data-prefix=\"far\" data-icon=\"chart-bar\" role=\"img\" xmlns=\"http:\/\/www.w3.org\/2000\/svg\" viewBox=\"0 0 512 512\" class=\"svg-inline--fa fa-chart-bar fa-w-16 fa-2x\"><path fill=\"currentColor\" d=\"M396.8 352h22.4c6.4 0 12.8-6.4 12.8-12.8V108.8c0-6.4-6.4-12.8-12.8-12.8h-22.4c-6.4 0-12.8 6.4-12.8 12.8v230.4c0 6.4 6.4 12.8 12.8 12.8zm-192 0h22.4c6.4 0 12.8-6.4 12.8-12.8V140.8c0-6.4-6.4-12.8-12.8-12.8h-22.4c-6.4 0-12.8 6.4-12.8 12.8v198.4c0 6.4 6.4 12.8 12.8 12.8zm96 0h22.4c6.4 0 12.8-6.4 12.8-12.8V204.8c0-6.4-6.4-12.8-12.8-12.8h-22.4c-6.4 0-12.8 6.4-12.8 12.8v134.4c0 6.4 6.4 12.8 12.8 12.8zM496 400H48V80c0-8.84-7.16-16-16-16H16C7.16 64 0 71.16 0 80v336c0 17.67 14.33 32 32 32h464c8.84 0 16-7.16 16-16v-16c0-8.84-7.16-16-16-16zm-387.2-48h22.4c6.4 0 12.8-6.4 12.8-12.8v-70.4c0-6.4-6.4-12.8-12.8-12.8h-22.4c-6.4 0-12.8 6.4-12.8 12.8v70.4c0 6.4 6.4 12.8 12.8 12.8z\" class=\"\"><\/path><\/svg><\/i> <img loading=\"lazy\" decoding=\"async\" width=\"16\" height=\"16\" alt=\"Loading\" src=\"https:\/\/temucotelevision.cl\/web\/wp-content\/plugins\/page-views-count\/ajax-loader-2x.gif\" border=0 \/><\/p>\n<div class=\"pvc_clear\"><\/div>\n<p>En las comunas de Tolt\u00e9n y Teodoro Schmidt fueron 53 los integrantes de la agricultura familiar campesina que recibieron fardos<\/p>\n","protected":false},"author":1,"featured_media":44865,"comment_status":"open","ping_status":"open","sticky":false,"template":"","format":"standard","meta":{"colormag_page_container_layout":"default_layout","colormag_page_sidebar_layout":"default_layout","footnotes":""},"categories":[15],"tags":[319,2687],"class_list":["post-44864","post","type-post","status-publish","format-standard","has-post-thumbnail","hentry","category-la-araucania","tag-agricultura","tag-ministerio"],"a3_pvc":{"activated":true,"total_views":3203,"today_views":0},"_links":{"self":[{"href":"https:\/\/temucotelevision.cl\/web\/wp-json\/wp\/v2\/posts\/44864","targetHints":{"allow":["GET"]}}],"collection":[{"href":"https:\/\/temucotelevision.cl\/web\/wp-json\/wp\/v2\/posts"}],"about":[{"href":"https:\/\/temucotelevision.cl\/web\/wp-json\/wp\/v2\/types\/post"}],"author":[{"embeddable":true,"href":"https:\/\/temucotelevision.cl\/web\/wp-json\/wp\/v2\/users\/1"}],"replies":[{"embeddable":true,"href":"https:\/\/temucotelevision.cl\/web\/wp-json\/wp\/v2\/comments?post=44864"}],"version-history":[{"count":1,"href":"https:\/\/temucotelevision.cl\/web\/wp-json\/wp\/v2\/posts\/44864\/revisions"}],"predecessor-version":[{"id":44866,"href":"https:\/\/temucotelevision.cl\/web\/wp-json\/wp\/v2\/posts\/44864\/revisions\/44866"}],"wp:featuredmedia":[{"embeddable":true,"href":"https:\/\/temucotelevision.cl\/web\/wp-json\/wp\/v2\/media\/44865"}],"wp:attachment":[{"href":"https:\/\/temucotelevision.cl\/web\/wp-json\/wp\/v2\/media?parent=44864"}],"wp:term":[{"taxonomy":"category","embeddable":true,"href":"https:\/\/temucotelevision.cl\/web\/wp-json\/wp\/v2\/categories?post=44864"},{"taxonomy":"post_tag","embeddable":true,"href":"https:\/\/temucotelevision.cl\/web\/wp-json\/wp\/v2\/tags?post=44864"}],"curies":[{"name":"wp","href":"https:\/\/api.w.org\/{rel}","templated":true}]}}