{"id":44861,"date":"2023-09-27T18:12:46","date_gmt":"2023-09-27T21:12:46","guid":{"rendered":"https:\/\/temucotelevision.cl\/web\/?p=44861"},"modified":"2023-09-27T18:12:47","modified_gmt":"2023-09-27T21:12:47","slug":"los-largos-7-anos-de-espera-de-los-habitantes-de-la-localidad-de-quinenahuin-para-poder-ocupar-el-moderno-liceo-tecnico-humanista","status":"publish","type":"post","link":"https:\/\/temucotelevision.cl\/web\/2023\/09\/27\/los-largos-7-anos-de-espera-de-los-habitantes-de-la-localidad-de-quinenahuin-para-poder-ocupar-el-moderno-liceo-tecnico-humanista\/","title":{"rendered":"Los largos 7 a\u00f1os de espera de los habitantes de la localidad de Qui\u00f1enahu\u00edn para poder ocupar el moderno Liceo T\u00e9cnico Humanista"},"content":{"rendered":"<div class=\"pvc_clear\"><\/div><p id=\"pvc_stats_44861\" class=\"pvc_stats total_only  \" data-element-id=\"44861\" style=\"\"><i class=\"pvc-stats-icon large\" aria-hidden=\"true\"><svg aria-hidden=\"true\" focusable=\"false\" data-prefix=\"far\" data-icon=\"chart-bar\" role=\"img\" xmlns=\"http:\/\/www.w3.org\/2000\/svg\" viewBox=\"0 0 512 512\" class=\"svg-inline--fa fa-chart-bar fa-w-16 fa-2x\"><path fill=\"currentColor\" d=\"M396.8 352h22.4c6.4 0 12.8-6.4 12.8-12.8V108.8c0-6.4-6.4-12.8-12.8-12.8h-22.4c-6.4 0-12.8 6.4-12.8 12.8v230.4c0 6.4 6.4 12.8 12.8 12.8zm-192 0h22.4c6.4 0 12.8-6.4 12.8-12.8V140.8c0-6.4-6.4-12.8-12.8-12.8h-22.4c-6.4 0-12.8 6.4-12.8 12.8v198.4c0 6.4 6.4 12.8 12.8 12.8zm96 0h22.4c6.4 0 12.8-6.4 12.8-12.8V204.8c0-6.4-6.4-12.8-12.8-12.8h-22.4c-6.4 0-12.8 6.4-12.8 12.8v134.4c0 6.4 6.4 12.8 12.8 12.8zM496 400H48V80c0-8.84-7.16-16-16-16H16C7.16 64 0 71.16 0 80v336c0 17.67 14.33 32 32 32h464c8.84 0 16-7.16 16-16v-16c0-8.84-7.16-16-16-16zm-387.2-48h22.4c6.4 0 12.8-6.4 12.8-12.8v-70.4c0-6.4-6.4-12.8-12.8-12.8h-22.4c-6.4 0-12.8 6.4-12.8 12.8v70.4c0 6.4 6.4 12.8 12.8 12.8z\" class=\"\"><\/path><\/svg><\/i> <img loading=\"lazy\" decoding=\"async\" width=\"16\" height=\"16\" alt=\"Loading\" src=\"https:\/\/temucotelevision.cl\/web\/wp-content\/plugins\/page-views-count\/ajax-loader-2x.gif\" border=0 \/><\/p><div class=\"pvc_clear\"><\/div>\n<p><b style=\"color: rgb(0, 0, 0); font-family: Calibri; font-size: 11pt; white-space-collapse: collapse;\"><span style=\"color: rgb(7, 55, 99);\"><\/span><\/b><p class=\"Cuerpo\" style=\"margin: 0cm 0cm 0.0001pt; line-height: normal; font-size: 11pt; font-family: Calibri; color: rgb(0, 0, 0); border: none; white-space-collapse: collapse; background-image: initial; background-position: initial; background-size: initial; background-repeat: initial; background-attachment: initial; background-origin: initial; background-clip: initial;\"><a name=\"_headingh.fxxzw8b5llml\"><\/a><\/p><p class=\"Cuerpo\" style=\"margin: 0cm 0cm 0.0001pt; line-height: normal; font-size: 11pt; font-family: Calibri; color: rgb(0, 0, 0); border: none; white-space-collapse: collapse; text-align: justify; background-image: initial; background-position: initial; background-size: initial; background-repeat: initial; background-attachment: initial; background-origin: initial; background-clip: initial;\"><\/p><p class=\"Cuerpo\" style=\"margin: 0cm 0cm 0.0001pt; line-height: normal; font-size: 11pt; font-family: Calibri; color: rgb(0, 0, 0); border: none; white-space-collapse: collapse; text-align: center; background-image: initial; background-position: initial; background-size: initial; background-repeat: initial; background-attachment: initial; background-origin: initial; background-clip: initial;\" align=\"center\"><span class=\"Ninguno\"><b><span lang=\"ES-CL\" style=\"font-size: 18pt; font-family: Verdana; color: rgb(51, 51, 51);\">\u00a0<\/span><\/b><\/span><\/p><p class=\"MsoListParagraph\" style=\"margin: 0cm 0cm 0.0001pt 18pt; line-height: 16.5pt; font-size: 11pt; font-family: Calibri; color: rgb(0, 0, 0); border: none; white-space-collapse: collapse; text-align: justify; text-indent: -18pt; background-image: initial; background-position: initial; background-size: initial; background-repeat: initial; background-attachment: initial; background-origin: initial; background-clip: initial;\"><span class=\"Ninguno\"><span lang=\"AR-SA\" style=\"font-family: Symbol; color: rgb(51, 51, 51);\">\u00b7<span style=\"font-variant-numeric: normal; font-variant-east-asian: normal; font-variant-alternates: normal; font-kerning: auto; font-optical-sizing: auto; font-feature-settings: normal; font-variation-settings: normal; font-stretch: normal; font-size: 7pt; line-height: normal; font-family: &quot;Times New Roman&quot;;\">\u00a0\u00a0\u00a0\u00a0\u00a0\u00a0\u00a0\u00a0\u00a0\u00a0\u00a0\u00a0 <\/span><\/span><\/span><span class=\"Ninguno\"><i><span style=\"font-size: 12pt; color: rgb(51, 51, 51);\">Representantes de la comunidad se reunieron con la Senadora Carmen Gloria Aravena para pedirle apoyo en lograr que se les otorgue la recepci\u00f3n de obras del establecimiento, autorizaci\u00f3n que por burocracia y papeleos no se ha entregado en todo este per\u00edodo de tiempo.<\/span><\/i><\/span><span class=\"Ninguno\"><span lang=\"AR-SA\" style=\"color: rgb(51, 51, 51);\"><\/span><\/span><\/p><p class=\"MsoListParagraph\" style=\"margin: 0cm 0cm 0.0001pt 18pt; line-height: 16.5pt; font-size: 11pt; font-family: Calibri; color: rgb(0, 0, 0); border: none; white-space-collapse: collapse; text-align: justify; background-image: initial; background-position: initial; background-size: initial; background-repeat: initial; background-attachment: initial; background-origin: initial; background-clip: initial;\"><o:p>\u00a0<\/o:p><\/p><p class=\"Cuerpo\" style=\"margin: 0cm 0cm 15pt; line-height: 16.5pt; font-size: 11pt; font-family: Calibri; color: rgb(0, 0, 0); border: none; white-space-collapse: collapse; text-align: justify; background-image: initial; background-position: initial; background-size: initial; background-repeat: initial; background-attachment: initial; background-origin: initial; background-clip: initial;\"><span lang=\"ES-CL\" style=\"font-size: 12pt;\">Un verdadero drama viven los habitantes de la fronteriza localidad de Qui\u00f1enahu\u00edn, en la regi\u00f3n de La Araucan\u00eda, debido a que el moderno Liceo Cient\u00edfico Humanista que termin\u00f3 de construirse hace siete a\u00f1os (en reemplazo dela anterior escuela t\u00e9cnico agr\u00edcola que se incendi\u00f3), con el aporte de dos fundaciones que hoy son los sostenedores, a\u00fan no puede funcionar porque el recinto no cuenta con la recepci\u00f3n por parte del Departamento de Obras de la Municipalidad de Curarrehue.<\/span><\/p><p class=\"Cuerpo\" style=\"margin: 0cm 0cm 15pt; line-height: 16.5pt; font-size: 11pt; font-family: Calibri; color: rgb(0, 0, 0); border: none; white-space-collapse: collapse; text-align: justify; background-image: initial; background-position: initial; background-size: initial; background-repeat: initial; background-attachment: initial; background-origin: initial; background-clip: initial;\"><span lang=\"ES-CL\" style=\"font-size: 12pt;\">Los motivos de esta larga tramitaci\u00f3n, seg\u00fan explican vecinos del lugar, es que pese a haber presentado todos los documentos que les ha solicitado el municipio para entregar el permiso, siempre aparece una nueva solicitud o requerimiento por parte de la autoridad edilicia a cargo de la recepci\u00f3n de obras, impidiendo que se habiliten las instalaciones para que el liceo comience a funcionar.<\/span><\/p><p class=\"Cuerpo\" style=\"margin: 0cm 0cm 15pt; line-height: 16.5pt; font-size: 11pt; font-family: Calibri; color: rgb(0, 0, 0); border: none; white-space-collapse: collapse; text-align: justify; background-image: initial; background-position: initial; background-size: initial; background-repeat: initial; background-attachment: initial; background-origin: initial; background-clip: initial;\"><span lang=\"ES-CL\" style=\"font-size: 12pt;\">Esto ha obligado a las familias de la localidad a ubicar a sus hijos en otros colegios de comunas m\u00e1s alejadas, como Villarrica, Puc\u00f3n y Freire, con el costo adicional que eso implica por el traslado y alojamiento que deben financiar. Si bien est\u00e1 la opci\u00f3n de llevarlos a la escuela de Curarrehue, para los habitantes de Qui\u00f1enahu\u00edn, no es una opci\u00f3n, debido al mal estado de las instalaciones de ese recinto, seg\u00fan relatan.<\/span><\/p><p class=\"Cuerpo\" style=\"margin: 0cm 0cm 15pt; line-height: 16.5pt; font-size: 11pt; font-family: Calibri; color: rgb(0, 0, 0); border: none; white-space-collapse: collapse; text-align: justify; background-image: initial; background-position: initial; background-size: initial; background-repeat: initial; background-attachment: initial; background-origin: initial; background-clip: initial;\"><span lang=\"ES-CL\" style=\"font-size: 12pt;\">Nadia Llancafilo, es representante de la Agrupaci\u00f3n de Mujeres Cordilleranas de Qui\u00f1enahu\u00edn, que congrega a mujeres mam\u00e1s de esta localidad, que est\u00e1n bregando para que el Liceo Cient\u00edfico Humanista quede habilitado el pr\u00f3ximo a\u00f1o y sus hijos puedan estudiar en \u00e9l.<\/span><\/p><p class=\"Cuerpo\" style=\"margin: 0cm 0cm 15pt; line-height: 16.5pt; font-size: 11pt; font-family: Calibri; color: rgb(0, 0, 0); border: none; white-space-collapse: collapse; text-align: justify; background-image: initial; background-position: initial; background-size: initial; background-repeat: initial; background-attachment: initial; background-origin: initial; background-clip: initial;\"><span lang=\"ES-CL\" style=\"font-size: 12pt;\">La dirigente indica que el edificio del colegio se hizo mediante una significativa inversi\u00f3n que involucra aportes desde distintos pa\u00edses, que permiti\u00f3 construir unas instalaciones muy modernas, que \u201clamentablemente no se pueden usar y que se est\u00e1n deteriorando debido al paso del tiempo\u201d.<\/span><\/p><p class=\"Cuerpo\" style=\"margin: 0cm 0cm 15pt; line-height: 16.5pt; font-size: 11pt; font-family: Calibri; color: rgb(0, 0, 0); border: none; white-space-collapse: collapse; text-align: justify; background-image: initial; background-position: initial; background-size: initial; background-repeat: initial; background-attachment: initial; background-origin: initial; background-clip: initial;\"><span lang=\"ES-CL\" style=\"font-size: 12pt;\">As\u00ed y todo, los sostenedores y la comunidad trabajan conjuntamente para mantener el recinto en buenas condiciones, a la espera que el centro educacional quede habilitado desde el punto de vista de las instalaciones, ya que en lo que se refiere a la autorizaci\u00f3n del Ministerio de Educaci\u00f3n, existe luz verde para iniciar el proyecto educativo que contempla matr\u00edcula para 120 alumnos, incluida la formaci\u00f3n para personas adultas.<\/span><\/p><p class=\"Cuerpo\" style=\"margin: 0cm 0cm 15pt; line-height: 16.5pt; font-size: 11pt; font-family: Calibri; color: rgb(0, 0, 0); border: none; white-space-collapse: collapse; text-align: justify; background-image: initial; background-position: initial; background-size: initial; background-repeat: initial; background-attachment: initial; background-origin: initial; background-clip: initial;\"><span lang=\"ES-CL\" style=\"font-size: 12pt;\">En ese contexto, se contactaron con la Senadora republicana Carmen Gloria Aravena para reunirse con ella y ver caminos de apoyo para acelerar el proceso de tramitaci\u00f3n de recepci\u00f3n de la bora y de esa forma no tener impedimentos para funcionar.<\/span><\/p><p class=\"Cuerpo\" style=\"margin: 0cm 0cm 15pt; line-height: 16.5pt; font-size: 11pt; font-family: Calibri; color: rgb(0, 0, 0); border: none; white-space-collapse: collapse; text-align: justify; background-image: initial; background-position: initial; background-size: initial; background-repeat: initial; background-attachment: initial; background-origin: initial; background-clip: initial;\"><span lang=\"ES-CL\" style=\"font-size: 12pt;\">\u201cAqu\u00ed hay que entender que se est\u00e1 desperdiciando una infraestructura muy valiosa, que adem\u00e1s de entregar educaci\u00f3n a los ni\u00f1os de esta localidad, les facilitar\u00e1 mucho la vida a sus habitantes, porque no tendr\u00e1n que salir del lugar para que sus hijos estudien. Por eso, cuesta comprender esta larga tramitaci\u00f3n, porque es un proyecto que va en directo beneficio de una comunidad que de por s\u00ed vive en condiciones extremas, en un \u00e1rea fronteriza con Argentina y con deficiente conectividad terrestre por el mal estado en que est\u00e1 la ruta que une a Qui\u00f1enahu\u00edn con Curarrehue\u201d, afirma la legisladora.<\/span><\/p><p class=\"Cuerpo\" style=\"margin: 0cm 0cm 15pt; line-height: 16.5pt; font-size: 11pt; font-family: Calibri; color: rgb(0, 0, 0); border: none; white-space-collapse: collapse; text-align: justify; background-image: initial; background-position: initial; background-size: initial; background-repeat: initial; background-attachment: initial; background-origin: initial; background-clip: initial;\"><span lang=\"ES-CL\" style=\"font-size: 12pt;\">Toda la esperanza de esta comunidad est\u00e1 puesta en la posibilidad de que se destrabe este permiso y el pr\u00f3ximo a\u00f1o puedan echar a andar este so\u00f1ado proyecto. \u201cNo se puede jugar con la esperanza y el anhelo de muchas familias, que ven en este liceo una oportunidad de desarrollo para sus hijos y toda la comunidad, por lo que realizaremos las gestiones pertinentes para lograr que el recinto est\u00e9 funcionando lo antes posible\u201d, concluy\u00f3 la Senadora Aravena.<\/span><\/p><p class=\"Cuerpo\" style=\"margin: 0cm 0cm 15pt; line-height: 16.5pt; font-size: 11pt; font-family: Calibri; color: rgb(0, 0, 0); border: none; white-space-collapse: collapse; text-align: justify; background-image: initial; background-position: initial; background-size: initial; background-repeat: initial; background-attachment: initial; background-origin: initial; background-clip: initial;\"><span lang=\"ES-CL\" style=\"font-size: 12pt;\">\u00a0<\/span><\/p><p class=\"Cuerpo\" style=\"margin: 0cm 0cm 15pt; line-height: 16.5pt; font-size: 11pt; font-family: Calibri; color: rgb(0, 0, 0); border: none; white-space-collapse: collapse; text-align: justify; background-image: initial; background-position: initial; background-size: initial; background-repeat: initial; background-attachment: initial; background-origin: initial; background-clip: initial;\"><span lang=\"ES-CL\">\u00a0<\/span><\/p><p class=\"Cuerpo\" style=\"margin: 0cm 0cm 15pt; line-height: 16.5pt; font-size: 11pt; font-family: Calibri; color: rgb(0, 0, 0); border: none; white-space-collapse: collapse; text-align: justify; background-image: initial; background-position: initial; background-size: initial; background-repeat: initial; background-attachment: initial; background-origin: initial; background-clip: initial;\"><span lang=\"ES-CL\" style=\"font-size: 12pt;\">\u00a0<\/span><\/p><p class=\"Cuerpo\" style=\"margin: 0cm 0cm 15pt; line-height: 16.5pt; font-size: 11pt; font-family: Calibri; color: rgb(0, 0, 0); border: none; white-space-collapse: collapse; text-align: justify; background-image: initial; background-position: initial; background-size: initial; background-repeat: initial; background-attachment: initial; background-origin: initial; background-clip: initial;\"><span lang=\"ES-CL\" style=\"font-size: 12pt;\">\u00a0<\/span><\/p><p class=\"Cuerpo\" style=\"margin: 0cm 0cm 15pt; line-height: 16.5pt; font-size: 11pt; font-family: Calibri; color: rgb(0, 0, 0); border: none; white-space-collapse: collapse; text-align: justify; background-image: initial; background-position: initial; background-size: initial; background-repeat: initial; background-attachment: initial; background-origin: initial; background-clip: initial;\"><span lang=\"ES-CL\" style=\"font-size: 12pt;\">\u00a0<\/span><\/p><p class=\"Cuerpo\" style=\"margin: 0cm 0cm 0.0001pt; line-height: normal; font-size: 11pt; font-family: Calibri; color: rgb(0, 0, 0); border: none; white-space-collapse: collapse; text-align: justify; background-image: initial; background-position: initial; background-size: initial; background-repeat: initial; background-attachment: initial; background-origin: initial; background-clip: initial;\"><\/p><\/p>\n","protected":false},"excerpt":{"rendered":"<div class=\"pvc_clear\"><\/div>\n<p id=\"pvc_stats_44861\" class=\"pvc_stats total_only  \" data-element-id=\"44861\" style=\"\"><i class=\"pvc-stats-icon large\" aria-hidden=\"true\"><svg aria-hidden=\"true\" focusable=\"false\" data-prefix=\"far\" data-icon=\"chart-bar\" role=\"img\" xmlns=\"http:\/\/www.w3.org\/2000\/svg\" viewBox=\"0 0 512 512\" class=\"svg-inline--fa fa-chart-bar fa-w-16 fa-2x\"><path fill=\"currentColor\" d=\"M396.8 352h22.4c6.4 0 12.8-6.4 12.8-12.8V108.8c0-6.4-6.4-12.8-12.8-12.8h-22.4c-6.4 0-12.8 6.4-12.8 12.8v230.4c0 6.4 6.4 12.8 12.8 12.8zm-192 0h22.4c6.4 0 12.8-6.4 12.8-12.8V140.8c0-6.4-6.4-12.8-12.8-12.8h-22.4c-6.4 0-12.8 6.4-12.8 12.8v198.4c0 6.4 6.4 12.8 12.8 12.8zm96 0h22.4c6.4 0 12.8-6.4 12.8-12.8V204.8c0-6.4-6.4-12.8-12.8-12.8h-22.4c-6.4 0-12.8 6.4-12.8 12.8v134.4c0 6.4 6.4 12.8 12.8 12.8zM496 400H48V80c0-8.84-7.16-16-16-16H16C7.16 64 0 71.16 0 80v336c0 17.67 14.33 32 32 32h464c8.84 0 16-7.16 16-16v-16c0-8.84-7.16-16-16-16zm-387.2-48h22.4c6.4 0 12.8-6.4 12.8-12.8v-70.4c0-6.4-6.4-12.8-12.8-12.8h-22.4c-6.4 0-12.8 6.4-12.8 12.8v70.4c0 6.4 6.4 12.8 12.8 12.8z\" class=\"\"><\/path><\/svg><\/i> <img loading=\"lazy\" decoding=\"async\" width=\"16\" height=\"16\" alt=\"Loading\" src=\"https:\/\/temucotelevision.cl\/web\/wp-content\/plugins\/page-views-count\/ajax-loader-2x.gif\" border=0 \/><\/p>\n<div class=\"pvc_clear\"><\/div>\n<p>\u00a0 \u00b7\u00a0\u00a0\u00a0\u00a0\u00a0\u00a0\u00a0\u00a0\u00a0\u00a0\u00a0\u00a0 Representantes de la comunidad se reunieron con la Senadora Carmen Gloria Aravena para pedirle apoyo en lograr que<\/p>\n","protected":false},"author":1,"featured_media":17843,"comment_status":"open","ping_status":"open","sticky":false,"template":"","format":"standard","meta":{"colormag_page_container_layout":"default_layout","colormag_page_sidebar_layout":"default_layout","footnotes":""},"categories":[84],"tags":[2912,302,2065],"class_list":["post-44861","post","type-post","status-publish","format-standard","has-post-thumbnail","hentry","category-politica","tag-habitantes","tag-liceo","tag-senadora"],"a3_pvc":{"activated":true,"total_views":1569,"today_views":0},"_links":{"self":[{"href":"https:\/\/temucotelevision.cl\/web\/wp-json\/wp\/v2\/posts\/44861","targetHints":{"allow":["GET"]}}],"collection":[{"href":"https:\/\/temucotelevision.cl\/web\/wp-json\/wp\/v2\/posts"}],"about":[{"href":"https:\/\/temucotelevision.cl\/web\/wp-json\/wp\/v2\/types\/post"}],"author":[{"embeddable":true,"href":"https:\/\/temucotelevision.cl\/web\/wp-json\/wp\/v2\/users\/1"}],"replies":[{"embeddable":true,"href":"https:\/\/temucotelevision.cl\/web\/wp-json\/wp\/v2\/comments?post=44861"}],"version-history":[{"count":2,"href":"https:\/\/temucotelevision.cl\/web\/wp-json\/wp\/v2\/posts\/44861\/revisions"}],"predecessor-version":[{"id":44863,"href":"https:\/\/temucotelevision.cl\/web\/wp-json\/wp\/v2\/posts\/44861\/revisions\/44863"}],"wp:featuredmedia":[{"embeddable":true,"href":"https:\/\/temucotelevision.cl\/web\/wp-json\/wp\/v2\/media\/17843"}],"wp:attachment":[{"href":"https:\/\/temucotelevision.cl\/web\/wp-json\/wp\/v2\/media?parent=44861"}],"wp:term":[{"taxonomy":"category","embeddable":true,"href":"https:\/\/temucotelevision.cl\/web\/wp-json\/wp\/v2\/categories?post=44861"},{"taxonomy":"post_tag","embeddable":true,"href":"https:\/\/temucotelevision.cl\/web\/wp-json\/wp\/v2\/tags?post=44861"}],"curies":[{"name":"wp","href":"https:\/\/api.w.org\/{rel}","templated":true}]}}